{"id":37888,"date":"2025-11-02T16:15:10","date_gmt":"2025-11-02T16:15:10","guid":{"rendered":"https:\/\/www.europesays.com\/lv\/37888\/"},"modified":"2025-11-02T16:15:10","modified_gmt":"2025-11-02T16:15:10","slug":"muziba-devies-straupe-valdes-priekssedetajs-imants-balodis-jauns-lv","status":"publish","type":"post","link":"https:\/\/www.europesays.com\/lv\/37888\/","title":{"rendered":"M\u016b\u017e\u012bb\u0101 devies \u201cStraupe\u201d valdes priek\u0161s\u0113d\u0113t\u0101js Imants Balodis &#8211; Jauns.lv"},"content":{"rendered":"<ol>\n<li><a href=\"https:\/\/news.google.com\/rss\/articles\/CBMimwFBVV95cUxNOHBtcjMzNzlBUkJvYjdVMlVxUk95M3pKYklrQUprc1RNUURPdzRFaHV6TjZxMmhSWTdFS0RZbXVCTzRxN00zVFdPalBFY2JwenNjMDQwWG12eVByWG5qY1NNa1BUbHEzQ3NYemFRYWo2SENBM05oTWdTS1ZiWnRIaVNhamZiQ0FnWGZYSlhjQXY5VzNfSlpHVlRfdw?oc=5\" target=\"_blank\" rel=\"nofollow noopener\">M\u016b\u017e\u012bb\u0101 devies \u201cStraupe\u201d valdes priek\u0161s\u0113d\u0113t\u0101js Imants Balodis<\/a>&nbsp;&nbsp;Jauns.lv<\/li>\n<li><a href=\"https:\/\/news.google.com\/rss\/articles\/CBMilgFBVV95cUxOYTFZTENqbUNkN1YtQ0Y5RkVidGtabk55TXRuT0lLbVp1d015R0lpM1R2ZGxSTVV0NzBYWGtnNFRRb2o3MkFPV1VLT3V1dE5CQkF1SkJwT2tZd3IwSGExSkg1VVZOUlJJU3JIVmV3ZHJTdy1uQXY3bXF5dGpYZnBqRjhVaEtsUk0ydHQxR3lMZmJ2VF93SUE?oc=5\" target=\"_blank\" rel=\"nofollow noopener\">M\u016b\u017e\u012bb\u0101 devies piena kombin\u0101ta &#8220;Straupe&#8221; vad\u012bt\u0101js Imants Balodis<\/a>&nbsp;&nbsp;Apollo.lv<\/li>\n<li><a href=\"https:\/\/news.google.com\/rss\/articles\/CBMitwFBVV95cUxOWUx1Zk9vS2k5YWM2ZlJ3ekk0bWNsT0VfNWltXzRXcmt6Qko1SUxSN0xaYkNQRUZSMm45eEc4MFZnQjFnYi1lTzRzQlZYSlcwcnNnV1JScmNtcGhGN1FMUVl4RUNMSi1KRERzNkN0bS1tbWV2eGJhNmp4UWRRT2V2djk1am9aaURTeFd5b2lEM1VuRzVUWUtZcmFfdEJWbzhaTUhkaU85S2xSaWFEbGZSWmppZTVrQlU?oc=5\" target=\"_blank\" rel=\"nofollow noopener\">\u201cV\u0113l vakar run\u0101j\u0101m pa telefonu\u2026\u201d M\u016b\u017e\u012bbas ce\u013c\u0101 devies PKS \u201cStraupe\u201d valdes priek\u0161s\u0113d\u0113t\u0101js Imants Balodis<\/a>&nbsp;&nbsp;LA.LV<\/li>\n<li><a href=\"https:\/\/news.google.com\/rss\/articles\/CBMijAFBVV95cUxQalFSdm9yUHMzOVB2TDJaWEZjWWdSMWVyWjRoeTY0eEpxWVFvMTZ1S3Q2YlBZMFRSUG4yUDZaYk4zOFN2RWFZem54QVdlM3Z1UGZ3LV90bzNfRzdMSExrZ0pRb0QtTmdTLWZkbWdYMnJxVmZMYlZpNlJSY0NDcGpGYTl5dDNaYjcxWnFsWg?oc=5\" target=\"_blank\" rel=\"nofollow noopener\">Miris paz\u012bstams latvie\u0161u uz\u0146\u0113m\u0113js<\/a>&nbsp;&nbsp;NRA<\/li>\n<li><a href=\"https:\/\/news.google.com\/rss\/articles\/CBMipAFBVV95cUxNMkpsSTlsVzZrOFBfMUJWcHpYRUJnbkVwa2lPSzVQaTZIZ1FpSlF2c1JWdUxIczhKWE5WeHhzbjIyOWVERXE1cGpnOGxfT0ZhTzBTVEdlSW5zV0RZM2NUaGQ1akRub0lDRGxQZWkzSS1VMXNkeHJMTVdZQW5vTVhXRmhrTjNJM0U1RkpNaERhQWdmWWhpb3dTbTIwNHhPYklMUllFYg?oc=5\" target=\"_blank\" rel=\"nofollow noopener\">M\u016b\u017e\u012bb\u0101 devies piena kombin\u0101ta \u201cStraupe\u201d ilggad\u0113jais vad\u012bt\u0101js Imants Balodis<\/a>&nbsp;&nbsp;TVNET<\/li>\n<\/ol>\n","protected":false},"excerpt":{"rendered":"M\u016b\u017e\u012bb\u0101 devies \u201cStraupe\u201d valdes priek\u0161s\u0113d\u0113t\u0101js Imants Balodis&nbsp;&nbsp;Jauns.lv M\u016b\u017e\u012bb\u0101 devies piena kombin\u0101ta &#8220;Straupe&#8221; vad\u012bt\u0101js Imants Balodis&nbsp;&nbsp;Apollo.lv \u201cV\u0113l vakar run\u0101j\u0101m&hellip;\n","protected":false},"author":2,"featured_media":37889,"comment_status":"","ping_status":"","sticky":false,"template":"","format":"standard","meta":{"footnotes":""},"categories":[5],"tags":[23,28,29,32,33,22,30,31,35,39,38,36,37,34,40,20,26,27,24,25,21],"class_list":{"0":"post-37888","1":"post","2":"type-post","3":"status-publish","4":"format-standard","5":"has-post-thumbnail","7":"category-aktualitates","8":"tag-aktualitates","9":"tag-breaking-news","10":"tag-breakingnews","11":"tag-featured-news","12":"tag-featurednews","13":"tag-headlines","14":"tag-latest-news","15":"tag-latestnews","16":"tag-latvia","17":"tag-latvian","18":"tag-latviesu","19":"tag-latviesu-valoda","20":"tag-latviesuvaloda","21":"tag-latvija","22":"tag-lv","23":"tag-news","24":"tag-popularakas-zinas","25":"tag-popularakaszinas","26":"tag-top-stories","27":"tag-topstories","28":"tag-zinas"},"share_on_mastodon":{"url":"https:\/\/pubeurope.com\/@lv\/115481000241180625","error":""},"_links":{"self":[{"href":"https:\/\/www.europesays.com\/lv\/wp-json\/wp\/v2\/posts\/37888","targetHints":{"allow":["GET"]}}],"collection":[{"href":"https:\/\/www.europesays.com\/lv\/wp-json\/wp\/v2\/posts"}],"about":[{"href":"https:\/\/www.europesays.com\/lv\/wp-json\/wp\/v2\/types\/post"}],"author":[{"embeddable":true,"href":"https:\/\/www.europesays.com\/lv\/wp-json\/wp\/v2\/users\/2"}],"replies":[{"embeddable":true,"href":"https:\/\/www.europesays.com\/lv\/wp-json\/wp\/v2\/comments?post=37888"}],"version-history":[{"count":0,"href":"https:\/\/www.europesays.com\/lv\/wp-json\/wp\/v2\/posts\/37888\/revisions"}],"wp:featuredmedia":[{"embeddable":true,"href":"https:\/\/www.europesays.com\/lv\/wp-json\/wp\/v2\/media\/37889"}],"wp:attachment":[{"href":"https:\/\/www.europesays.com\/lv\/wp-json\/wp\/v2\/media?parent=37888"}],"wp:term":[{"taxonomy":"category","embeddable":true,"href":"https:\/\/www.europesays.com\/lv\/wp-json\/wp\/v2\/categories?post=37888"},{"taxonomy":"post_tag","embeddable":true,"href":"https:\/\/www.europesays.com\/lv\/wp-json\/wp\/v2\/tags?post=37888"}],"curies":[{"name":"wp","href":"https:\/\/api.w.org\/{rel}","templated":true}]}}