{"id":37906,"date":"2025-11-02T16:55:09","date_gmt":"2025-11-02T16:55:09","guid":{"rendered":"https:\/\/www.europesays.com\/lv\/37906\/"},"modified":"2025-11-02T16:55:09","modified_gmt":"2025-11-02T16:55:09","slug":"krieviem-pokrovsku-pavelets-ienemt-lidz-15-novembrim","status":"publish","type":"post","link":"https:\/\/www.europesays.com\/lv\/37906\/","title":{"rendered":"krieviem Pokrovsku pav\u0113l\u0113ts ie\u0146emt l\u012bdz 15. novembrim"},"content":{"rendered":"<p>To telev\u012bzijas kan\u0101l\u0101 &#8220;KIEV24&#8221; pazi\u0146oja biju\u0161ais Ukrainas \u0100r\u0113j\u0101s izl\u016bko\u0161anas dienesta vad\u012bt\u0101js, Ukrainas armijas \u0123ener\u0101lis Mikola Malomu\u017es.<\/p>\n<p>&#8220;Putina strat\u0113\u0123iskais uzdevums ir par\u0101d\u012bt, ka vi\u0146\u0161 iekaro konkr\u0113tas teritorijas un attiec\u012bgi var liel\u012bties Krievijas sabiedr\u012bbas un savu partneru priek\u0161\u0101, \u012bpa\u0161i p\u0113c Trampa nost\u0101jas mai\u0146as un tik\u0161an\u0101s ar Sji Dzji\u0146pinu, ka pats noteiks nosac\u012bjumus,&#8221; vi\u0146\u0161 teica.<\/p>\n<p>P\u0113c Malomu\u017ea teikt\u0101, ja okupanti ie\u0146ems visu Pokrovskas aglomer\u0101ciju, vi\u0146u n\u0101kamais m\u0113r\u0137is b\u016bs virz\u012bties t\u0101l\u0101k \u2013 Kostjanti\u0146ivkas un Kramatorskas virzien\u0101.<\/p>\n<p>Vi\u0146\u0161 uzskata, ka Putins \u0161os m\u0113r\u0137us sasniegs par katru cenu.<\/p>\n<p>&#8220;Putins turpina uzbrukt mierm\u012bl\u012bgiem re\u0123ioniem, demonstr\u0113jot, ka vi\u0146\u0161 izn\u012bcin\u0101s Ukrainas infrastrukt\u016bru, ener\u0123\u0113tikas objektus un civiliedz\u012bvot\u0101jus. Alternat\u012bvas nav,&#8221; uzsv\u0113ra biju\u0161ais Ukrainas \u0101r\u0113j\u0101s izl\u016bko\u0161anas dienesta vad\u012bt\u0101js.<\/p>\n<p>Iepriek\u0161 Kara p\u0113t\u012bjumu instit\u016bts (ISW) zi\u0146oja, ka okupanti ir pastiprin\u0101ju\u0161i uzbrukumu Pokrovskas virzien\u0101.<\/p>\n<p>Ienaidnieks cen\u0161as piln\u012bb\u0101 ie\u0146emt pils\u0113tu.<\/p>\n<p>Tiek zi\u0146ots, ka Krievijas sp\u0113ki ir virz\u012bju\u0161ies uz Pokrovskas centr\u0101lo un dienvidaustrumu da\u013cu.<\/p>\n<p>Krievijas propagandisti apgalvo, ka okupanti ir ielauzu\u0161ies pils\u0113tas centr\u0101 un virz\u0101s Kotlovinas ciema virzien\u0101, ta\u010du \u0123eolok\u0101cijas videoieraksti liecina, ka Ukrainas bru\u0146otie sp\u0113ki ie\u0146em savas poz\u012bcijas.<\/p>\n","protected":false},"excerpt":{"rendered":"To telev\u012bzijas kan\u0101l\u0101 &#8220;KIEV24&#8221; pazi\u0146oja biju\u0161ais Ukrainas \u0100r\u0113j\u0101s izl\u016bko\u0161anas dienesta vad\u012bt\u0101js, Ukrainas armijas \u0123ener\u0101lis Mikola Malomu\u017es. &#8220;Putina strat\u0113\u0123iskais&hellip;\n","protected":false},"author":2,"featured_media":37834,"comment_status":"","ping_status":"","sticky":false,"template":"","format":"standard","meta":{"footnotes":""},"categories":[14],"tags":[23,57,28,29,32,33,22,3131,74,30,31,35,39,38,36,37,34,40,20,26,27,24,25,276,54,55,56,21,58],"class_list":{"0":"post-37906","1":"post","2":"type-post","3":"status-publish","4":"format-standard","5":"has-post-thumbnail","7":"category-zinas-no-arvalstim","8":"tag-aktualitates","9":"tag-arvalstim","10":"tag-breaking-news","11":"tag-breakingnews","12":"tag-featured-news","13":"tag-featurednews","14":"tag-headlines","15":"tag-kars","16":"tag-krievijas-iebrukums-ukraina","17":"tag-latest-news","18":"tag-latestnews","19":"tag-latvia","20":"tag-latvian","21":"tag-latviesu","22":"tag-latviesu-valoda","23":"tag-latviesuvaloda","24":"tag-latvija","25":"tag-lv","26":"tag-news","27":"tag-popularakas-zinas","28":"tag-popularakaszinas","29":"tag-top-stories","30":"tag-topstories","31":"tag-ukraina","32":"tag-world","33":"tag-world-news","34":"tag-worldnews","35":"tag-zinas","36":"tag-zinas-no-arvalstim"},"share_on_mastodon":{"url":"https:\/\/pubeurope.com\/@lv\/115481157673722816","error":""},"_links":{"self":[{"href":"https:\/\/www.europesays.com\/lv\/wp-json\/wp\/v2\/posts\/37906","targetHints":{"allow":["GET"]}}],"collection":[{"href":"https:\/\/www.europesays.com\/lv\/wp-json\/wp\/v2\/posts"}],"about":[{"href":"https:\/\/www.europesays.com\/lv\/wp-json\/wp\/v2\/types\/post"}],"author":[{"embeddable":true,"href":"https:\/\/www.europesays.com\/lv\/wp-json\/wp\/v2\/users\/2"}],"replies":[{"embeddable":true,"href":"https:\/\/www.europesays.com\/lv\/wp-json\/wp\/v2\/comments?post=37906"}],"version-history":[{"count":0,"href":"https:\/\/www.europesays.com\/lv\/wp-json\/wp\/v2\/posts\/37906\/revisions"}],"wp:featuredmedia":[{"embeddable":true,"href":"https:\/\/www.europesays.com\/lv\/wp-json\/wp\/v2\/media\/37834"}],"wp:attachment":[{"href":"https:\/\/www.europesays.com\/lv\/wp-json\/wp\/v2\/media?parent=37906"}],"wp:term":[{"taxonomy":"category","embeddable":true,"href":"https:\/\/www.europesays.com\/lv\/wp-json\/wp\/v2\/categories?post=37906"},{"taxonomy":"post_tag","embeddable":true,"href":"https:\/\/www.europesays.com\/lv\/wp-json\/wp\/v2\/tags?post=37906"}],"curies":[{"name":"wp","href":"https:\/\/api.w.org\/{rel}","templated":true}]}}