{"id":37915,"date":"2025-11-02T17:01:11","date_gmt":"2025-11-02T17:01:11","guid":{"rendered":"https:\/\/www.europesays.com\/lv\/37915\/"},"modified":"2025-11-02T17:01:11","modified_gmt":"2025-11-02T17:01:11","slug":"iranas-prezidents-ierosina-parcelt-galvaspilsetu-vides-problemu-del-teherana-kluvusi-dzivei-nepiemerota","status":"publish","type":"post","link":"https:\/\/www.europesays.com\/lv\/37915\/","title":{"rendered":"Ir\u0101nas prezidents ierosina p\u0101rcelt galvaspils\u0113tu &#8211; vides probl\u0113mu d\u0113\u013c Teher\u0101na k\u013cuvusi dz\u012bvei nepiem\u0113rota"},"content":{"rendered":"<p class=\"descr\">Teher\u0101na k\u013cuvusi dz\u012bvei nepiem\u0113rota un var zaud\u0113t galvaspils\u0113tas statusu<\/p>\n<p>Ir\u0101nas prezidents Masuds<a href=\"https:\/\/nra.lv\/pasaule\/464762-iranas-prezidenta-velesanas-uzvarejusais-reformists-nodevis-amata-zverestu.htm\" data-item-link=\"true\" data-item-id=\"464762\" rel=\"nofollow noopener\" target=\"_blank\"> Paze\u0161ki\u0101ns<\/a> vides probl\u0113mu d\u0113\u013c ierosin\u0101jis p\u0101rcelt Isl\u0101ma Republikas galvaspils\u0113tu no Teher\u0101nas uz Persijas l\u012b\u010da piekrasti un devis r\u012bkojumu vald\u012bbai priek\u0161likumu apsv\u0113rt, zi\u0146o Sp\u0101nijas valsts zi\u0146u a\u0123ent\u016bra \u201cEFE\u201d. Vi\u0146\u0161 pazi\u0146oja, ka pils\u0113ta ar aptuveni 10 miljoniem iedz\u012bvot\u0101ju ir k\u013cuvusi dz\u012bvei nepiem\u0113rota:<\/p>\n<blockquote><p>&#8220;Mums \u0161odien nav izv\u0113les: mums tas ir j\u0101dara. Dz\u012bve Teher\u0101n\u0101 k\u013c\u016bst nepanesama.<\/p><\/blockquote>\n<p>Teher\u0101na cie\u0161 no \u016bdens tr\u016bkuma, gaisa pies\u0101r\u0146ojuma un p\u0101rm\u0113r\u012bgas urbaniz\u0101cijas, k\u0101 ar\u012b atrodas paaugstin\u0101tas seismisk\u0101s aktivit\u0101tes zon\u0101. Paze\u0161ki\u0101ns ierosin\u0101jis b\u016bv\u0113t jaunu galvaspils\u0113tu Makranas dienvidu piekrastes re\u0123ion\u0101 pie Om\u0101nas l\u012b\u010da. Vi\u0146\u0161 uzskata, ka \u0161\u012b teritorija pied\u0101v\u0101 att\u012bst\u012bbas potenci\u0101lu un strat\u0113\u0123iskas priek\u0161roc\u012bbas, pateicoties j\u016bras tirdzniec\u012bbas ce\u013cu tuvumam, zi\u0146o Izra\u0113las mediju a\u0123ent\u016bra \u201cCursorinfo\u201d.<\/p>\n<p>Tom\u0113r eksperti \u0161o iniciat\u012bvu kritiz\u0113, nor\u0101dot, ka valstij tr\u016bkst ekonomisko sp\u0113ju \u012bstenot tik liela m\u0113roga projektu. Ce\u013cu, m\u0101jok\u013cu un pils\u0113tu att\u012bst\u012bbas p\u0113tniec\u012bbas centra direktors Ali Beitollehli pazi\u0146oja, ka ideja par galvaspils\u0113tas p\u0101rcel\u0161anu ir balst\u012bta k\u013c\u016bdain\u0101 pie\u0146\u0113mum\u0101, ka tas veicin\u0101s iedz\u012bvot\u0101ju masveida migr\u0101ciju. Vi\u0146\u0161 l\u0113\u0161, ka tiks p\u0101rvietoti ne vair\u0101k k\u0101 desmit procenti sabiedriskaj\u0101 sektor\u0101 str\u0101d\u0101jo\u0161o, bet vi\u0146u viet\u0101 iece\u013cos migranti no provinc\u0113m. Vi\u0146\u0161 nor\u0101d\u012bja, ka citu valstu, piem\u0113ram, Braz\u012blijas un Kazahst\u0101nas piem\u0113ri par\u0101da, cik \u0161\u0101di projekti var b\u016bt sare\u017e\u0123\u012bti un d\u0101rgi.<\/p>\n<p>Ir\u0101nas ekonomiku v\u0101jina sankcijas un iek\u0161\u0113j\u0101s kr\u012bzes, bet jaunas galvaspils\u0113tas celtniec\u012bbai b\u016bs japiesaista milz\u012bgas invest\u012bcijas. Daudzi Teher\u0101nas iedz\u012bvot\u0101ji uzskata, ka ideja par galvaspils\u0113tas p\u0101rcel\u0161anu ir nepraktiska. Pils\u0113tvides probl\u0113mas rada gadu desmitiem ilga neefekt\u012bva p\u0101rvald\u012bba, nevis t\u0101s atra\u0161an\u0101s vieta. Eksperti br\u012bdina, ka pat tad, ja galvaspils\u0113ta tiks veiksm\u012bgi p\u0101rvietota, jaunaj\u0101 viet\u0101 dr\u012bz vien rad\u012bsies t\u0101s pa\u0161as probl\u0113mas. Galvaspils\u0113tas p\u0101rcel\u0161ana neatrisin\u0101s \u016bdens tr\u016bkumu, gaisa pies\u0101r\u0146ojumu vai zemestr\u012b\u010du draudus.<\/p>\n<p>\t\t\t\t\t\tinfo<\/p>\n<p>Uzzini pirmais<br \/>kas interesants noticis Latvij\u0101 un pasaul\u0113,<br \/>pievienojoties mums <a href=\"https:\/\/t.me\/neatkariga\" rel=\"nofollow\">Telegram<\/a> vai <a href=\"https:\/\/whatsapp.com\/channel\/0029VaMLFUH5K3zLU5s4wm3y\" rel=\"nofollow noopener\" target=\"_blank\">Whatsapp<\/a> kan\u0101l\u0101<\/p>\n","protected":false},"excerpt":{"rendered":"Teher\u0101na k\u013cuvusi dz\u012bvei nepiem\u0113rota un var zaud\u0113t galvaspils\u0113tas statusu Ir\u0101nas prezidents Masuds Paze\u0161ki\u0101ns vides probl\u0113mu d\u0113\u013c ierosin\u0101jis p\u0101rcelt&hellip;\n","protected":false},"author":2,"featured_media":37916,"comment_status":"","ping_status":"","sticky":false,"template":"","format":"standard","meta":{"footnotes":""},"categories":[14],"tags":[23,57,28,29,32,33,22,30,31,35,39,38,36,37,34,40,20,26,27,24,25,54,55,56,21,58],"class_list":{"0":"post-37915","1":"post","2":"type-post","3":"status-publish","4":"format-standard","5":"has-post-thumbnail","7":"category-zinas-no-arvalstim","8":"tag-aktualitates","9":"tag-arvalstim","10":"tag-breaking-news","11":"tag-breakingnews","12":"tag-featured-news","13":"tag-featurednews","14":"tag-headlines","15":"tag-latest-news","16":"tag-latestnews","17":"tag-latvia","18":"tag-latvian","19":"tag-latviesu","20":"tag-latviesu-valoda","21":"tag-latviesuvaloda","22":"tag-latvija","23":"tag-lv","24":"tag-news","25":"tag-popularakas-zinas","26":"tag-popularakaszinas","27":"tag-top-stories","28":"tag-topstories","29":"tag-world","30":"tag-world-news","31":"tag-worldnews","32":"tag-zinas","33":"tag-zinas-no-arvalstim"},"share_on_mastodon":{"url":"https:\/\/pubeurope.com\/@lv\/115481181110486279","error":""},"_links":{"self":[{"href":"https:\/\/www.europesays.com\/lv\/wp-json\/wp\/v2\/posts\/37915","targetHints":{"allow":["GET"]}}],"collection":[{"href":"https:\/\/www.europesays.com\/lv\/wp-json\/wp\/v2\/posts"}],"about":[{"href":"https:\/\/www.europesays.com\/lv\/wp-json\/wp\/v2\/types\/post"}],"author":[{"embeddable":true,"href":"https:\/\/www.europesays.com\/lv\/wp-json\/wp\/v2\/users\/2"}],"replies":[{"embeddable":true,"href":"https:\/\/www.europesays.com\/lv\/wp-json\/wp\/v2\/comments?post=37915"}],"version-history":[{"count":0,"href":"https:\/\/www.europesays.com\/lv\/wp-json\/wp\/v2\/posts\/37915\/revisions"}],"wp:featuredmedia":[{"embeddable":true,"href":"https:\/\/www.europesays.com\/lv\/wp-json\/wp\/v2\/media\/37916"}],"wp:attachment":[{"href":"https:\/\/www.europesays.com\/lv\/wp-json\/wp\/v2\/media?parent=37915"}],"wp:term":[{"taxonomy":"category","embeddable":true,"href":"https:\/\/www.europesays.com\/lv\/wp-json\/wp\/v2\/categories?post=37915"},{"taxonomy":"post_tag","embeddable":true,"href":"https:\/\/www.europesays.com\/lv\/wp-json\/wp\/v2\/tags?post=37915"}],"curies":[{"name":"wp","href":"https:\/\/api.w.org\/{rel}","templated":true}]}}