{"id":37917,"date":"2025-11-02T17:03:08","date_gmt":"2025-11-02T17:03:08","guid":{"rendered":"https:\/\/www.europesays.com\/lv\/37917\/"},"modified":"2025-11-02T17:03:08","modified_gmt":"2025-11-02T17:03:08","slug":"video-%e2%9f%a9-svetdien-narvas-upe-pamanits-krievijas-robezsardzes-kuteris-ar-vagner-karogu","status":"publish","type":"post","link":"https:\/\/www.europesays.com\/lv\/37917\/","title":{"rendered":"VIDEO \u27e9 Sv\u0113tdien Narvas up\u0113 paman\u012bts Krievijas robe\u017esardzes kuteris ar &#8220;Vagner&#8221; karogu"},"content":{"rendered":"<p>Igaunijas \u0100rlietu ministrija platform\u0101 &#8220;X&#8221; ironiz\u0113, ka, \u0161\u0137iet, \u0161oreiz &#8220;Vagner&#8221; algot\u0146i p\u0101r\u0146\u0113mu\u0161i Krievijas robe\u017esardzi.<\/p>\n<p>&#8220;Vai &#8220;Vagner&#8221; atkal dodas uz Maskavu vai \u0161oreiz s\u0101ks no Sanktp\u0113terburgas? Gr\u016bti pateikt. No m\u016bsu robe\u017eas puses izskat\u0101s, ka vi\u0146i anekt\u0113ju\u0161i Krievijas robe\u017esardzi. Kas zina&#8230; Krievijas \u0100rlietu ministrija?&#8221; raksta Igaunijas \u0100rlietu ministrija.<\/p>\n<p>&#8220;Vagner&#8221; kaujinieki dev\u0101s uz Maskavu 2023. gada j\u016bnij\u0101. Grup\u0113juma virz\u012b\u0161an\u0101s uz Maskavu tika aptur\u0113ta, bet t\u0101 vadonis Jevge\u0146ijs Prigo\u017eins da\u017eus m\u0113ne\u0161us v\u0113l\u0101k g\u0101ja boj\u0101 m\u012bklain\u0101 lidma\u0161\u012bnas katastrof\u0101 Tveras apgabal\u0101.<\/p>\n","protected":false},"excerpt":{"rendered":"Igaunijas \u0100rlietu ministrija platform\u0101 &#8220;X&#8221; ironiz\u0113, ka, \u0161\u0137iet, \u0161oreiz &#8220;Vagner&#8221; algot\u0146i p\u0101r\u0146\u0113mu\u0161i Krievijas robe\u017esardzi. &#8220;Vai &#8220;Vagner&#8221; atkal dodas&hellip;\n","protected":false},"author":2,"featured_media":37918,"comment_status":"","ping_status":"","sticky":false,"template":"","format":"standard","meta":{"footnotes":""},"categories":[5],"tags":[23,28,29,32,33,22,73,234,30,31,35,39,38,36,37,34,40,11076,20,26,27,24,25,21],"class_list":{"0":"post-37917","1":"post","2":"type-post","3":"status-publish","4":"format-standard","5":"has-post-thumbnail","7":"category-aktualitates","8":"tag-aktualitates","9":"tag-breaking-news","10":"tag-breakingnews","11":"tag-featured-news","12":"tag-featurednews","13":"tag-headlines","14":"tag-igaunija","15":"tag-krievija","16":"tag-latest-news","17":"tag-latestnews","18":"tag-latvia","19":"tag-latvian","20":"tag-latviesu","21":"tag-latviesu-valoda","22":"tag-latviesuvaloda","23":"tag-latvija","24":"tag-lv","25":"tag-narvas-upe","26":"tag-news","27":"tag-popularakas-zinas","28":"tag-popularakaszinas","29":"tag-top-stories","30":"tag-topstories","31":"tag-zinas"},"share_on_mastodon":{"url":"https:\/\/pubeurope.com\/@lv\/115481189053418260","error":""},"_links":{"self":[{"href":"https:\/\/www.europesays.com\/lv\/wp-json\/wp\/v2\/posts\/37917","targetHints":{"allow":["GET"]}}],"collection":[{"href":"https:\/\/www.europesays.com\/lv\/wp-json\/wp\/v2\/posts"}],"about":[{"href":"https:\/\/www.europesays.com\/lv\/wp-json\/wp\/v2\/types\/post"}],"author":[{"embeddable":true,"href":"https:\/\/www.europesays.com\/lv\/wp-json\/wp\/v2\/users\/2"}],"replies":[{"embeddable":true,"href":"https:\/\/www.europesays.com\/lv\/wp-json\/wp\/v2\/comments?post=37917"}],"version-history":[{"count":0,"href":"https:\/\/www.europesays.com\/lv\/wp-json\/wp\/v2\/posts\/37917\/revisions"}],"wp:featuredmedia":[{"embeddable":true,"href":"https:\/\/www.europesays.com\/lv\/wp-json\/wp\/v2\/media\/37918"}],"wp:attachment":[{"href":"https:\/\/www.europesays.com\/lv\/wp-json\/wp\/v2\/media?parent=37917"}],"wp:term":[{"taxonomy":"category","embeddable":true,"href":"https:\/\/www.europesays.com\/lv\/wp-json\/wp\/v2\/categories?post=37917"},{"taxonomy":"post_tag","embeddable":true,"href":"https:\/\/www.europesays.com\/lv\/wp-json\/wp\/v2\/tags?post=37917"}],"curies":[{"name":"wp","href":"https:\/\/api.w.org\/{rel}","templated":true}]}}