{"id":37923,"date":"2025-11-02T17:07:10","date_gmt":"2025-11-02T17:07:10","guid":{"rendered":"https:\/\/www.europesays.com\/lv\/37923\/"},"modified":"2025-11-02T17:07:10","modified_gmt":"2025-11-02T17:07:10","slug":"kapec-metju-makonahijs-zaudeja-lomu-filma-titaniks","status":"publish","type":"post","link":"https:\/\/www.europesays.com\/lv\/37923\/","title":{"rendered":"K\u0101p\u0113c Metj\u016b Makonahijs zaud\u0113ja lomu film\u0101 &#8220;Tit\u0101niks&#8221;"},"content":{"rendered":"<p class=\"descr\">Public\u0113tas nelai\u0137a &#8220;Tit\u0101nika&#8221; producenta D\u017eona Landau atmi\u0146as, kur\u0101s atkl\u0101tas iepriek\u0161 nezin\u0101mas deta\u013cas par aktieru atlasi filmai.<\/p>\n<p>&#8220;Page Six\u201d zi\u0146o, ka sav\u0101 gr\u0101mat\u0101 &#8220;The Bigger Picture\u201d Landau paskaidroja, k\u0101p\u0113c Metj\u016b Makonahijs t\u0101 ar\u012b neieguva D\u017eeka Dousona lomu D\u017eeimsa Kamerona &#8220;Oskara\u201d balvu ieguvu\u0161aj\u0101 film\u0101 &#8220;<a href=\"https:\/\/nra.lv\/birka\/titaniks\/\" target=\"_blank\" rel=\"noopener nofollow\">Tit\u0101niks<\/a>&#8220;.<\/p>\n<p>&#8220;M\u0113s uzaicin\u0101j\u0101m Makonahiju uz noklaus\u012b\u0161anos kop\u0101 ar Keitu Vinsletu, lai p\u0101rbaud\u012btu vi\u0146u \u0137\u012bmiju,\u201d atceras Landau. &#8220;Keitu apb\u016bra vi\u0146a harisma un \u0161arms. Ta\u010du vi\u0146\u0161 ainu nolas\u012bja ar dienvidnieku akcentu.\u201d<\/p>\n<blockquote><p>Re\u017eisors D\u017eeimss Kamerons, dzirdot aktiera Teksasas akcentu, uzslav\u0113ja vi\u0146a sniegumu, bet ieteica &#8220;izm\u0113\u0123in\u0101t citu pieeju\u201d. Tom\u0113r Makonahijs, p\u0113c Landau teikt\u0101, atteic\u0101s: &#8220;Vi\u0146\u0161 teica: &#8220;N\u0113. Viss bija lieliski. Paldies,\u201d\u201d un t\u0101d\u0113j\u0101di zaud\u0113ja lomu.<\/p><\/blockquote>\n<p>Saska\u0146\u0101 ar filmu D\u017eeks Dousons ir b\u0101renis no Viskonsinas, kur\u0161 ar neveiksm\u012bgo ku\u0123i &#8220;Tit\u0101niks\u201d ce\u013co atpaka\u013c uz ASV. Dienvidnieku akcents neatbilda t\u0113la izcelsmei, t\u0101p\u0113c Kamerons mekl\u0113ja citu aktieri.<\/p>\n<p>Loma galu gal\u0101 tika Leonardo di Kaprio, lai gan vi\u0146a noklaus\u012b\u0161an\u0101s nepag\u0101ja bez izaicin\u0101jumiem. Intervij\u0101 \u017eurn\u0101lam GQ re\u017eisors atcer\u0113j\u0101s, ka di Kaprio s\u0101kotn\u0113ji atteic\u0101s las\u012bt tekstu: &#8220;Vi\u0146\u0161 teica: &#8220;Es nelasu.&#8221; Tad es teicu: &#8220;Nu, bez t\u0101 tu lomu nedab\u016bsi.&#8221; Un vi\u0146\u0161 to izdar\u012bja, un vi\u0146\u0161 to paveica izcili.&#8221;<\/p>\n<p>Kamerons aprakst\u012bja, k\u0101 &#8220;Keita uzreiz iemirdz\u0113j\u0101s, un tas bija k\u0101 saules stars, kas apgaismoja D\u017eeku \u2014 tie\u0161i tad es sapratu: \u0161is ir m\u016bsu varonis&#8221;.<\/p>\n","protected":false},"excerpt":{"rendered":"Public\u0113tas nelai\u0137a &#8220;Tit\u0101nika&#8221; producenta D\u017eona Landau atmi\u0146as, kur\u0101s atkl\u0101tas iepriek\u0161 nezin\u0101mas deta\u013cas par aktieru atlasi filmai. &#8220;Page Six\u201d&hellip;\n","protected":false},"author":2,"featured_media":37924,"comment_status":"","ping_status":"","sticky":false,"template":"","format":"standard","meta":{"footnotes":""},"categories":[14],"tags":[23,57,28,29,32,33,22,30,31,35,39,38,36,37,34,40,20,26,27,24,25,54,55,56,21,58],"class_list":{"0":"post-37923","1":"post","2":"type-post","3":"status-publish","4":"format-standard","5":"has-post-thumbnail","7":"category-zinas-no-arvalstim","8":"tag-aktualitates","9":"tag-arvalstim","10":"tag-breaking-news","11":"tag-breakingnews","12":"tag-featured-news","13":"tag-featurednews","14":"tag-headlines","15":"tag-latest-news","16":"tag-latestnews","17":"tag-latvia","18":"tag-latvian","19":"tag-latviesu","20":"tag-latviesu-valoda","21":"tag-latviesuvaloda","22":"tag-latvija","23":"tag-lv","24":"tag-news","25":"tag-popularakas-zinas","26":"tag-popularakaszinas","27":"tag-top-stories","28":"tag-topstories","29":"tag-world","30":"tag-world-news","31":"tag-worldnews","32":"tag-zinas","33":"tag-zinas-no-arvalstim"},"share_on_mastodon":{"url":"https:\/\/pubeurope.com\/@lv\/115481204697052687","error":""},"_links":{"self":[{"href":"https:\/\/www.europesays.com\/lv\/wp-json\/wp\/v2\/posts\/37923","targetHints":{"allow":["GET"]}}],"collection":[{"href":"https:\/\/www.europesays.com\/lv\/wp-json\/wp\/v2\/posts"}],"about":[{"href":"https:\/\/www.europesays.com\/lv\/wp-json\/wp\/v2\/types\/post"}],"author":[{"embeddable":true,"href":"https:\/\/www.europesays.com\/lv\/wp-json\/wp\/v2\/users\/2"}],"replies":[{"embeddable":true,"href":"https:\/\/www.europesays.com\/lv\/wp-json\/wp\/v2\/comments?post=37923"}],"version-history":[{"count":0,"href":"https:\/\/www.europesays.com\/lv\/wp-json\/wp\/v2\/posts\/37923\/revisions"}],"wp:featuredmedia":[{"embeddable":true,"href":"https:\/\/www.europesays.com\/lv\/wp-json\/wp\/v2\/media\/37924"}],"wp:attachment":[{"href":"https:\/\/www.europesays.com\/lv\/wp-json\/wp\/v2\/media?parent=37923"}],"wp:term":[{"taxonomy":"category","embeddable":true,"href":"https:\/\/www.europesays.com\/lv\/wp-json\/wp\/v2\/categories?post=37923"},{"taxonomy":"post_tag","embeddable":true,"href":"https:\/\/www.europesays.com\/lv\/wp-json\/wp\/v2\/tags?post=37923"}],"curies":[{"name":"wp","href":"https:\/\/api.w.org\/{rel}","templated":true}]}}