{"id":37929,"date":"2025-11-02T17:13:24","date_gmt":"2025-11-02T17:13:24","guid":{"rendered":"https:\/\/www.europesays.com\/lv\/37929\/"},"modified":"2025-11-02T17:13:24","modified_gmt":"2025-11-02T17:13:24","slug":"driz-redzesim-organizetus-lincus-polija-pieaug-uzbrukumu-skaits-pret-ukrainiem","status":"publish","type":"post","link":"https:\/\/www.europesays.com\/lv\/37929\/","title":{"rendered":"Dr\u012bz redz\u0113sim organiz\u0113tus lin\u010dus\u00bb: Polij\u0101 pieaug uzbrukumu skaits pret ukrai\u0146iem"},"content":{"rendered":"\n<p>Polij\u0101 pieaug noziegumu skaits, ko pret ukrai\u0146iem veic po\u013ci. Turkl\u0101t liel\u0101kaj\u0101 da\u013c\u0101 gad\u012bjumu runa ir par noziegumiem, kas saist\u012bti ar ksenofobiju un etnisko naidu, raksta po\u013cu port\u0101ls Onet.<\/p>\n<p>Izdevums min vair\u0101kus piem\u0113rus \u0161\u0101diem uzbrukumiem uz ielas, kad po\u013ci uzbruka ukrai\u0146iem, kliedzot &#8220;atgriezieties m\u0101j\u0101s&#8221; un &#8220;brauciet uz fronti, banderovci&#8221;.<\/p>\n<p>&#8220;Ne reizi vien ir gad\u012bjies, ka, kad k\u0101ds dzird\u0113ja, k\u0101 m\u0113s run\u0101jam sav\u0101 valod\u0101, vi\u0146\u0161 uzreiz rea\u0123\u0113ja agres\u012bvi. Un t\u0101 notiek tramvaj\u0101, veikal\u0101 un cit\u0101s sabiedrisk\u0101s viet\u0101s. Reiz v\u012brietis vienk\u0101r\u0161i mani apvainoja pietur\u0101. Bez jebk\u0101da iemesla. Man teica, ka es esmu liek\u0113dis un man j\u0101brauc m\u0101j\u0101s,&#8221; &#8211; izdevumam st\u0101st\u012bja ukrai\u0146is, kur\u0161 Polij\u0101 dz\u012bvo jau 10 gadus.<\/p>\n<p>Saska\u0146\u0101 ar izdevuma sarunbiedru teikto, 2022. gad\u0101 po\u013cu attieksme pret ukrai\u0146iem bija \u013coti silta un draudz\u012bga, daudzi pal\u012bdz\u0113ja ukrai\u0146iem, k\u0101 vien var\u0113ja. Un pa\u0161reiz\u0113j\u0101 agresija \u013coti kontrast\u0113 ar to, kas bija pirms trim gadiem.<\/p>\n<p>Saska\u0146\u0101 ar Polijas policijas datiem, visizplat\u012bt\u0101kie noziegumi pret ukrai\u0146iem ir &#8220;noziedz\u012bbas draudi&#8221;. Ja 2022. gad\u0101 tika fiks\u0113ti 317 \u0161\u0101di gad\u012bjumi, tad pag\u0101ju\u0161aj\u0101 gad\u0101 to jau bija 479. 2025. gad\u0101 to b\u016bs v\u0113l vair\u0101k, ja tendence saglab\u0101sies.<\/p>\n<p>Otraj\u0101 viet\u0101 p\u0113c noziegumu skaita pret ukrai\u0146iem ir \u012bpa\u0161uma izn\u012bcin\u0101\u0161ana. Tre\u0161aj\u0101 &#8211; fiziska vardarb\u012bba. 2022. gad\u0101 tika re\u0123istr\u0113ti 160 uzbrukumi pret ukrai\u0146iem, bet \u0161ogad, tikai janv\u0101r\u012b-j\u016blij\u0101, to jau bija 196. Turkl\u0101t nov\u0113rojams strauj\u0161 uzbrukumu skaita pieaugums pret ukrai\u0146iem.<\/p>\n<p>Profesors Przemislavs Sadura, sociologs no Var\u0161avas Universit\u0101tes, saka, ka agresiju pret ukrai\u0146iem provoc\u0113 gan m\u0113r\u0137tiec\u012bga antiukrai\u0146u propaganda, gan parastas baumas. Turkl\u0101t antiukrai\u0146u narat\u012bvi sp\u0113j apvienot savstarp\u0113ji izsl\u0113dzo\u0161us teikumus: ukrai\u0146i it k\u0101 visi k\u0101 viens s\u0113\u017e uz po\u013cu valsts kakla, sa\u0146emot naudas atbalstu, un vienlaikus tie pa\u0161i ukrai\u0146i it k\u0101 at\u0146em darbu po\u013ciem.<\/p>\n<p>&#8220;No vienas puses, m\u0113s lieliski zin\u0101m, ka Krievija ir iesaist\u012bta \u0161aj\u0101 dezinform\u0101cij\u0101, v\u0113l\u0113dam\u0101s pastiprin\u0101t po\u013cu naid\u012bgumu pret ukrai\u0146iem. No otras puses, mums ir iek\u0161\u0113jie populisti, kuri ar\u012b ir pievienoju\u0161ies,&#8221; &#8211; saka sociologs.<\/p>\n<p>P\u0113c profesora teikt\u0101, po\u013cu apzi\u0146\u0101 ir nov\u0113rojams paradoks\u0101ls dualisms: no vienas puses, vi\u0146i simpatiz\u0113 Ukrainai, kas attur Krievijas ordas, bet no otras puses, vi\u0146i ien\u012bst ukrai\u0146us, kuri it k\u0101 at\u0146em darbu un naudu po\u013ciem.<\/p>\n<p>&#8220;Manupr\u0101t, tas, ko dara Brauns, Benkevi\u010ds (po\u013cu lab\u0113jie populisti, kas izmanto antiukrai\u0146u retoriku &#8211; UNIAN) un citi l\u012bdz\u012bgi, jau sagatavo noska\u0146u pogromam. Mums t\u0101da sen nav bijusi, bet \u0161\u012b antip\u0101tija pret ukrai\u0146iem var pie\u0146emt t\u0101du formu, ka dr\u012bz redz\u0113sim pirmos organiz\u0113tos lin\u010dus, nevis tikai atsevi\u0161\u0137us agresijas gad\u012bjumus,&#8221; &#8211; uzskata eksperts.<\/p>\n<p>K\u0101 rakst\u012bja UNIAN, septembr\u012b Polijas premjerministrs Donalds Tusks s\u016bdz\u0113j\u0101s, ka valsti p\u0101r\u0146\u0113musi antiukrai\u0146u noska\u0146u vi\u013c\u0146a. Taj\u0101 pa\u0161\u0101 laik\u0101 vi\u0146u \u012bpa\u0161i uztrauc tas, ka po\u013cu politi\u0137i cen\u0161as izmantot \u0161o vilni, nevis tam pretoties.<\/p>\n<p>Antiukrai\u0146u politiku virza pat jauniev\u0113l\u0113tais Polijas prezidents, kur\u0161 tika iev\u0113l\u0113ts vasar\u0101. V\u0113l priek\u0161v\u0113l\u0113\u0161anu kampa\u0146as laik\u0101 vi\u0146\u0161 sol\u012bja izpild\u012bt vienu no galvenajiem Putina pras\u012bjumiem un sl\u0113gt Ukrainai ce\u013cu uz NATO. Un jau k\u013c\u016bstot par prezidentu, vi\u0146\u0161 iesniedza likumprojektu par &#8220;banderovska simbola&#8221; aizlieg\u0161anu.<\/p>\n","protected":false},"excerpt":{"rendered":"Polij\u0101 pieaug noziegumu skaits, ko pret ukrai\u0146iem veic po\u013ci. Turkl\u0101t liel\u0101kaj\u0101 da\u013c\u0101 gad\u012bjumu runa ir par noziegumiem, kas&hellip;\n","protected":false},"author":2,"featured_media":37930,"comment_status":"","ping_status":"","sticky":false,"template":"","format":"standard","meta":{"footnotes":""},"categories":[14],"tags":[23,57,28,29,32,33,22,30,31,35,39,38,36,37,34,40,20,26,27,24,25,54,55,56,21,58],"class_list":{"0":"post-37929","1":"post","2":"type-post","3":"status-publish","4":"format-standard","5":"has-post-thumbnail","7":"category-zinas-no-arvalstim","8":"tag-aktualitates","9":"tag-arvalstim","10":"tag-breaking-news","11":"tag-breakingnews","12":"tag-featured-news","13":"tag-featurednews","14":"tag-headlines","15":"tag-latest-news","16":"tag-latestnews","17":"tag-latvia","18":"tag-latvian","19":"tag-latviesu","20":"tag-latviesu-valoda","21":"tag-latviesuvaloda","22":"tag-latvija","23":"tag-lv","24":"tag-news","25":"tag-popularakas-zinas","26":"tag-popularakaszinas","27":"tag-top-stories","28":"tag-topstories","29":"tag-world","30":"tag-world-news","31":"tag-worldnews","32":"tag-zinas","33":"tag-zinas-no-arvalstim"},"share_on_mastodon":{"url":"https:\/\/pubeurope.com\/@lv\/115481228312108684","error":""},"_links":{"self":[{"href":"https:\/\/www.europesays.com\/lv\/wp-json\/wp\/v2\/posts\/37929","targetHints":{"allow":["GET"]}}],"collection":[{"href":"https:\/\/www.europesays.com\/lv\/wp-json\/wp\/v2\/posts"}],"about":[{"href":"https:\/\/www.europesays.com\/lv\/wp-json\/wp\/v2\/types\/post"}],"author":[{"embeddable":true,"href":"https:\/\/www.europesays.com\/lv\/wp-json\/wp\/v2\/users\/2"}],"replies":[{"embeddable":true,"href":"https:\/\/www.europesays.com\/lv\/wp-json\/wp\/v2\/comments?post=37929"}],"version-history":[{"count":0,"href":"https:\/\/www.europesays.com\/lv\/wp-json\/wp\/v2\/posts\/37929\/revisions"}],"wp:featuredmedia":[{"embeddable":true,"href":"https:\/\/www.europesays.com\/lv\/wp-json\/wp\/v2\/media\/37930"}],"wp:attachment":[{"href":"https:\/\/www.europesays.com\/lv\/wp-json\/wp\/v2\/media?parent=37929"}],"wp:term":[{"taxonomy":"category","embeddable":true,"href":"https:\/\/www.europesays.com\/lv\/wp-json\/wp\/v2\/categories?post=37929"},{"taxonomy":"post_tag","embeddable":true,"href":"https:\/\/www.europesays.com\/lv\/wp-json\/wp\/v2\/tags?post=37929"}],"curies":[{"name":"wp","href":"https:\/\/api.w.org\/{rel}","templated":true}]}}