{"id":37936,"date":"2025-11-02T17:26:09","date_gmt":"2025-11-02T17:26:09","guid":{"rendered":"https:\/\/www.europesays.com\/lv\/37936\/"},"modified":"2025-11-02T17:26:09","modified_gmt":"2025-11-02T17:26:09","slug":"muziba-devies-straupes-valdes-priekssedetajs-imants-balodis","status":"publish","type":"post","link":"https:\/\/www.europesays.com\/lv\/37936\/","title":{"rendered":"M\u016b\u017e\u012bb\u0101 devies &#8220;Straupes&#8221; valdes priek\u0161s\u0113d\u0113t\u0101js Imants Balodis"},"content":{"rendered":"<p>M\u016b\u017e\u012bb\u0101 devis piensaimnieku kooperat\u012bv\u0101s sabiedr\u012bbas &#8220;Straupe&#8221; valdes priek\u0161s\u0113d\u0113t\u0101js Imants Balodis, soci\u0101laj\u0101 port\u0101l\u0101 &#8220;Facebook&#8221; raksta PKS &#8220;Straupe&#8221;.<\/p>\n<p>Balodis miris 2025. gada 2. novembr\u012b.<\/p>\n<p>Vi\u0146\u0161 bijis &#8220;Straupes&#8221; valdes priek\u0161s\u0113d\u0113t\u0101js kop\u0161 uz\u0146\u0113muma dibin\u0101\u0161anas 1993. gad\u0101. K\u0101dreiz bijis ar\u012b piena ra\u017eo\u0161anas saimniec\u012bbas &#8220;Stalbe&#8221; vad\u012bt\u0101js.<\/p>\n<p><img decoding=\"async\" src=\"https:\/\/www.europesays.com\/lv\/wp-content\/uploads\/2025\/11\/38e5fa2b0ce4e6d8e82ae9885344ec6b.jpg\" title=\"Imants Balodis. Foto: Paula \u010curkste\/LETA\" alt=\"Imants Balodis. Foto: Paula \u010curkste\/LETA\"\/><\/p>\n<p class=\"article-img-desc\">Imants Balodis. Foto: Paula \u010curkste\/LETA<\/p>\n","protected":false},"excerpt":{"rendered":"M\u016b\u017e\u012bb\u0101 devis piensaimnieku kooperat\u012bv\u0101s sabiedr\u012bbas &#8220;Straupe&#8221; valdes priek\u0161s\u0113d\u0113t\u0101js Imants Balodis, soci\u0101laj\u0101 port\u0101l\u0101 &#8220;Facebook&#8221; raksta PKS &#8220;Straupe&#8221;. Balodis miris&hellip;\n","protected":false},"author":2,"featured_media":37937,"comment_status":"","ping_status":"","sticky":false,"template":"","format":"standard","meta":{"footnotes":""},"categories":[12],"tags":[129,4669,853,23,28,29,32,33,22,30,31,35,39,38,36,37,34,40,20,26,27,854,4670,855,4671,24,25,21],"class_list":{"0":"post-37936","1":"post","2":"type-post","3":"status-publish","4":"format-standard","5":"has-post-thumbnail","7":"category-latvija","8":"tag-__typenameadvicekeyword","9":"tag-id1013","10":"tag-id955","11":"tag-aktualitates","12":"tag-breaking-news","13":"tag-breakingnews","14":"tag-featured-news","15":"tag-featurednews","16":"tag-headlines","17":"tag-latest-news","18":"tag-latestnews","19":"tag-latvia","20":"tag-latvian","21":"tag-latviesu","22":"tag-latviesu-valoda","23":"tag-latviesuvaloda","24":"tag-latvija","25":"tag-lv","26":"tag-news","27":"tag-popularakas-zinas","28":"tag-popularakaszinas","29":"tag-slugbizness","30":"tag-slugin-memoriam","31":"tag-titlebizness","32":"tag-titlein-memoriam","33":"tag-top-stories","34":"tag-topstories","35":"tag-zinas"},"share_on_mastodon":{"url":"https:\/\/pubeurope.com\/@lv\/115481279808068223","error":""},"_links":{"self":[{"href":"https:\/\/www.europesays.com\/lv\/wp-json\/wp\/v2\/posts\/37936","targetHints":{"allow":["GET"]}}],"collection":[{"href":"https:\/\/www.europesays.com\/lv\/wp-json\/wp\/v2\/posts"}],"about":[{"href":"https:\/\/www.europesays.com\/lv\/wp-json\/wp\/v2\/types\/post"}],"author":[{"embeddable":true,"href":"https:\/\/www.europesays.com\/lv\/wp-json\/wp\/v2\/users\/2"}],"replies":[{"embeddable":true,"href":"https:\/\/www.europesays.com\/lv\/wp-json\/wp\/v2\/comments?post=37936"}],"version-history":[{"count":0,"href":"https:\/\/www.europesays.com\/lv\/wp-json\/wp\/v2\/posts\/37936\/revisions"}],"wp:featuredmedia":[{"embeddable":true,"href":"https:\/\/www.europesays.com\/lv\/wp-json\/wp\/v2\/media\/37937"}],"wp:attachment":[{"href":"https:\/\/www.europesays.com\/lv\/wp-json\/wp\/v2\/media?parent=37936"}],"wp:term":[{"taxonomy":"category","embeddable":true,"href":"https:\/\/www.europesays.com\/lv\/wp-json\/wp\/v2\/categories?post=37936"},{"taxonomy":"post_tag","embeddable":true,"href":"https:\/\/www.europesays.com\/lv\/wp-json\/wp\/v2\/tags?post=37936"}],"curies":[{"name":"wp","href":"https:\/\/api.w.org\/{rel}","templated":true}]}}