{"id":37946,"date":"2025-11-02T17:33:09","date_gmt":"2025-11-02T17:33:09","guid":{"rendered":"https:\/\/www.europesays.com\/lv\/37946\/"},"modified":"2025-11-02T17:33:09","modified_gmt":"2025-11-02T17:33:09","slug":"lielbritanijas-policija-nesaista-cilveku-sadursanu-vilciena-ar-terorismu-2","status":"publish","type":"post","link":"https:\/\/www.europesays.com\/lv\/37946\/","title":{"rendered":"Lielbrit\u0101nijas policija nesaista cilv\u0113ku sadur\u0161anu vilcien\u0101 ar terorismu"},"content":{"rendered":"<p>Aiztur\u0113tie ir 32 gadus vecs meln\u0101dains Lielbrit\u0101nijas pilsonis un 35 gadus vecs Kar\u012bbu izcelsmes Lielbrit\u0101nijas pilsonis, \u017eurn\u0101listiem sac\u012bja Lielbrit\u0101nijas Transporta policijas superintendents D\u017eons Laveless, piebilstot, ka abi aiztur\u0113tie dzimu\u0161i Lielbrit\u0101nij\u0101.<\/p>\n<p>&#8220;Pagaid\u0101m nekas neliecina, ka tas b\u016btu teroristisks incidents. uzsv\u0113ra Lavless.<\/p>\n<p>Vi\u0146\u0161 ar\u012b pav\u0113st\u012bja, ka, p\u0113c jaun\u0101k\u0101s inform\u0101cijas, sestdien notiku\u0161aj\u0101 uzbrukum\u0101 ievainoti 11 cilv\u0113ki, no kuriem divi ir dz\u012bv\u012bbai b\u012bstam\u0101 st\u0101vokl\u012b. \u010cetri cietu\u0161ie jau izrakst\u012bti no slimn\u012bcas.<\/p>\n<p>T\u016bl\u012bt p\u0113c uzbrukuma tika zi\u0146ots, ka ievainoti desmit cilv\u0113ki, no kuriem devi\u0146i ir dz\u012bv\u012bbai b\u012bstam\u0101 st\u0101vokl\u012b.<\/p>\n<p>Jau zi\u0146ots, ka pirmos zvanus par uzbrukumu vilcien\u0101 policija sa\u0146\u0113ma plkst. 19.39 (plkst. 21.39 p\u0113c Latvijas laika). Vilciens. kas bija ce\u013c\u0101 no Donkasteras uz Londonu, tika aptur\u0113ts Hantingdonas stacij\u0101, kur policija aiztur\u0113ja aizdom\u0101s turamos.<\/p>\n<p>Liecinieki past\u0101st\u012bja telekan\u0101lam &#8220;Sky News&#8221;, ka redz\u0113ju\u0161i, k\u0101 policisti, izmantojot elektro\u0161oku, aiztur\u0113ju\u0161i v\u012brieti ar lielu nazi.<\/p>\n<p>Kembrid\u017e\u0161\u012bras un P\u012bterboro m\u0113rs Pols Bristovs zi\u0146oja, ka dzird\u0113jis par &#8220;briesm\u012bg\u0101m ain\u0101m&#8221; vilcien\u0101. Laikraksts &#8220;The Times&#8221; cit\u0113ja aculiecinieku st\u0101st\u012bto, ka vilcien\u0101 visur biju\u0161as asinis. Laikraksts &#8220;The Sun&#8221; cit\u0113ja aculiecinieku sac\u012bto, ka uzbrukums bijis \u013coti vardarb\u012bgs.<\/p>\n","protected":false},"excerpt":{"rendered":"Aiztur\u0113tie ir 32 gadus vecs meln\u0101dains Lielbrit\u0101nijas pilsonis un 35 gadus vecs Kar\u012bbu izcelsmes Lielbrit\u0101nijas pilsonis, \u017eurn\u0101listiem sac\u012bja&hellip;\n","protected":false},"author":2,"featured_media":37947,"comment_status":"","ping_status":"","sticky":false,"template":"","format":"standard","meta":{"footnotes":""},"categories":[5],"tags":[23,28,29,32,33,22,30,31,35,39,38,36,37,34,487,40,20,26,27,24,25,21],"class_list":{"0":"post-37946","1":"post","2":"type-post","3":"status-publish","4":"format-standard","5":"has-post-thumbnail","7":"category-aktualitates","8":"tag-aktualitates","9":"tag-breaking-news","10":"tag-breakingnews","11":"tag-featured-news","12":"tag-featurednews","13":"tag-headlines","14":"tag-latest-news","15":"tag-latestnews","16":"tag-latvia","17":"tag-latvian","18":"tag-latviesu","19":"tag-latviesu-valoda","20":"tag-latviesuvaloda","21":"tag-latvija","22":"tag-lielbritanija","23":"tag-lv","24":"tag-news","25":"tag-popularakas-zinas","26":"tag-popularakaszinas","27":"tag-top-stories","28":"tag-topstories","29":"tag-zinas"},"share_on_mastodon":{"url":"https:\/\/pubeurope.com\/@lv\/115481306908209469","error":""},"_links":{"self":[{"href":"https:\/\/www.europesays.com\/lv\/wp-json\/wp\/v2\/posts\/37946","targetHints":{"allow":["GET"]}}],"collection":[{"href":"https:\/\/www.europesays.com\/lv\/wp-json\/wp\/v2\/posts"}],"about":[{"href":"https:\/\/www.europesays.com\/lv\/wp-json\/wp\/v2\/types\/post"}],"author":[{"embeddable":true,"href":"https:\/\/www.europesays.com\/lv\/wp-json\/wp\/v2\/users\/2"}],"replies":[{"embeddable":true,"href":"https:\/\/www.europesays.com\/lv\/wp-json\/wp\/v2\/comments?post=37946"}],"version-history":[{"count":0,"href":"https:\/\/www.europesays.com\/lv\/wp-json\/wp\/v2\/posts\/37946\/revisions"}],"wp:featuredmedia":[{"embeddable":true,"href":"https:\/\/www.europesays.com\/lv\/wp-json\/wp\/v2\/media\/37947"}],"wp:attachment":[{"href":"https:\/\/www.europesays.com\/lv\/wp-json\/wp\/v2\/media?parent=37946"}],"wp:term":[{"taxonomy":"category","embeddable":true,"href":"https:\/\/www.europesays.com\/lv\/wp-json\/wp\/v2\/categories?post=37946"},{"taxonomy":"post_tag","embeddable":true,"href":"https:\/\/www.europesays.com\/lv\/wp-json\/wp\/v2\/tags?post=37946"}],"curies":[{"name":"wp","href":"https:\/\/api.w.org\/{rel}","templated":true}]}}