{"id":37948,"date":"2025-11-02T17:35:09","date_gmt":"2025-11-02T17:35:09","guid":{"rendered":"https:\/\/www.europesays.com\/lv\/37948\/"},"modified":"2025-11-02T17:35:09","modified_gmt":"2025-11-02T17:35:09","slug":"eduards-cibulis-gatavs-parstavet-valsti-olimpiskajas-speles-lente-lv","status":"publish","type":"post","link":"https:\/\/www.europesays.com\/lv\/37948\/","title":{"rendered":"Eduards Cibulis gatavs p\u0101rst\u0101v\u0113t valsti olimpiskaj\u0101s sp\u0113l\u0113s\u00a0\u2014\u00a0Lente.lv"},"content":{"rendered":"<p>Saeima ir izdar\u012bjusi noz\u012bm\u012bgu soli, gal\u012bgaj\u0101 las\u012bjum\u0101 atbalstot likumprojektu, kas pie\u0161\u0137ir Latvijas pilson\u012bbu talant\u012bgajam ukrai\u0146u taut\u012bbas tekvondo sportistam Eduardam Cibu\u013cam. \u0160is l\u0113mums, kas apiet ierastos naturaliz\u0101cijas procesa nosac\u012bjumus, uzsver sportista izcil\u012bbu un vi\u0146a potenci\u0101lu kalpot Latvijai, sniedzot vi\u0146am cer\u012bgu n\u0101kotni uz starptautisk\u0101s ar\u0113nas.<\/p>\n<p>Ce\u013c\u0161 uz Latviju un spo\u017e\u0101 n\u0101kotne<\/p>\n<p>Eduards Cibulis, dzimis 2010. gad\u0101 Kijiv\u0101, kop\u0161 2022. gada ir atradis savas m\u0101jas Latvij\u0101. Atbraucis uz m\u016bsu valsti p\u0113c Krievijas pilna m\u0113roga iebrukuma Ukrain\u0101, vi\u0146\u0161 ne tikai uzs\u0101cis m\u0101c\u012bbas R\u012bgas P\u0101rdaugavas pamatskol\u0101, bet ar\u012b intens\u012bvi att\u012bst\u012bjis savu talantu tekvondo sporta klub\u0101 &#8220;Hansu&#8221;. Vi\u0146a neatlaid\u012bba un cent\u012bba ir vainagojusies ar iespaid\u012bgiem pan\u0101kumiem. Cibulis ir ne reizi vien k\u0101pis uz goda pjedest\u0101la starptautiskos reitinga turn\u012bros, septi\u0146\u0101s sacens\u012bb\u0101s izc\u012bnot pirmo vietu, tai skait\u0101 2024. gada kadetu Eiropas \u010dempion\u0101t\u0101 sav\u0101 svara kategorij\u0101 virs 65 kg. \u0160\u0101di pan\u0101kumi ir retums Latvijas tekvondo v\u0113stur\u0113, liecinot par spo\u017eu sportista karjeras s\u0101kumu.<\/p>\n<p>K\u0101p\u0113c pilson\u012bba ir nepiecie\u0161ama?<\/p>\n<p>Lai Eduards var\u0113tu pilnv\u0113rt\u012bgi p\u0101rst\u0101v\u0113t Latviju pasaules m\u0113roga sacens\u012bb\u0101s un, galvenais, lai vi\u0146am b\u016btu iesp\u0113ja start\u0113t 2028. gada vasaras olimpiskaj\u0101s sp\u0113l\u0113s Losand\u017eelos\u0101, ir nepiecie\u0161ama Latvijas pilson\u012bba. Lai gan Pilson\u012bbas un migr\u0101cijas lietu p\u0101rvalde nav konstat\u0113jusi \u0161\u0137\u0113r\u0161\u013cus pilson\u012bbas pie\u0161\u0137ir\u0161anai, sportists \u0161obr\u012bd nevar\u0113tu pretend\u0113t uz to ierastaj\u0101 naturaliz\u0101cijas k\u0101rt\u012bb\u0101. Tie\u0161i t\u0101p\u0113c Saeima ir nol\u0113musi pie\u0161\u0137irt vi\u0146am pilson\u012bbu ar \u012bpa\u0161u likumu, apliecinot uztic\u012bbu un atbalstu jaunajam talantam. Tas ir k\u0101 dro\u0161\u012bbas spilvens, kas \u013caus vi\u0146am pilnv\u0113rt\u012bgi koncentr\u0113ties uz saviem sportiskajiem m\u0113r\u0137iem, zinot, ka vi\u0146a valstisk\u0101 pieder\u012bba ir skaidra.<\/p>\n<p>Pla\u0161a atbalsta apliecin\u0101jums<\/p>\n<p>Iniciat\u012bvu pie\u0161\u0137irt pilson\u012bbu Eduardam Cibu\u013cam ir atbalst\u012bju\u0161as vair\u0101kas noz\u012bm\u012bgas sporta organiz\u0101cijas, kas v\u0113lreiz apliecina sportista potenci\u0101lu un vi\u0146a noz\u012bmi Latvijas sporta n\u0101kotn\u0113. \u0160\u0101ds kop\u012bgs atbalsts ir k\u0101 sp\u0113c\u012bgs sign\u0101ls par to, ka Latvija ir gatava invest\u0113t savu l\u012bdzek\u013cu un ener\u0123ijas ar\u012b \u0101rvalstu sporta talantos, kuri izr\u0101da uztic\u012bbu un v\u0113lmi p\u0101rst\u0101v\u0113t valsti.<\/p>\n<blockquote>\n<p>\u201cM\u0113s redzam lielu potenci\u0101lu Eduard\u0101. Vi\u0146a sasniegumi jau \u0161obr\u012bd ir iev\u0113rojami, un ar Latvijas pilson\u012bbu vi\u0146\u0161 var\u0113s pilnv\u0113rt\u012bgi str\u0101d\u0101t virzien\u0101 uz savu sapni \u2013 start\u0113t olimpiskaj\u0101s sp\u0113l\u0113s,\u201d pau\u017e viens no atbalst\u012bt\u0101jiem.<\/p>\n<\/blockquote>\n<p>Lai gan iepriek\u0161\u0113ji gad\u012bjumi, kad pilson\u012bba pie\u0161\u0137irta sportistiem ar \u012bpa\u0161u likumu, nav vienm\u0113r vainagoju\u0161ies ar izciliem pan\u0101kumiem, Eduarda Cibu\u013cas sasniegumi un ap\u0146\u0113m\u012bba sniedz lielas cer\u012bbas. Vi\u0146a v\u0113lme saist\u012bt savu n\u0101kotni ar Latviju un p\u0101rst\u0101v\u0113t m\u016bsu valsti ir sp\u0113c\u012bgs apliecin\u0101jums tam, ka m\u0113s sp\u0113jam piesaist\u012bt un notur\u0113t talantus, kuri gatavi nest Latvijas v\u0101rdu pasaul\u0113 ar saviem pan\u0101kumiem.<\/p>\n","protected":false},"excerpt":{"rendered":"Saeima ir izdar\u012bjusi noz\u012bm\u012bgu soli, gal\u012bgaj\u0101 las\u012bjum\u0101 atbalstot likumprojektu, kas pie\u0161\u0137ir Latvijas pilson\u012bbu talant\u012bgajam ukrai\u0146u taut\u012bbas tekvondo sportistam&hellip;\n","protected":false},"author":2,"featured_media":37949,"comment_status":"","ping_status":"","sticky":false,"template":"","format":"standard","meta":{"footnotes":""},"categories":[17],"tags":[11085,35,39,38,36,37,34,311,40,1500,67,7742,11086],"class_list":{"0":"post-37948","1":"post","2":"type-post","3":"status-publish","4":"format-standard","5":"has-post-thumbnail","7":"category-sports","8":"tag-eduards-cibulis","9":"tag-latvia","10":"tag-latvian","11":"tag-latviesu","12":"tag-latviesu-valoda","13":"tag-latviesuvaloda","14":"tag-latvija","15":"tag-latvijas-pilsoniba","16":"tag-lv","17":"tag-olimpiskas-speles","18":"tag-sports","19":"tag-taekwondo","20":"tag-ukrainu-sportists"},"share_on_mastodon":{"url":"https:\/\/pubeurope.com\/@lv\/115481315151350080","error":""},"_links":{"self":[{"href":"https:\/\/www.europesays.com\/lv\/wp-json\/wp\/v2\/posts\/37948","targetHints":{"allow":["GET"]}}],"collection":[{"href":"https:\/\/www.europesays.com\/lv\/wp-json\/wp\/v2\/posts"}],"about":[{"href":"https:\/\/www.europesays.com\/lv\/wp-json\/wp\/v2\/types\/post"}],"author":[{"embeddable":true,"href":"https:\/\/www.europesays.com\/lv\/wp-json\/wp\/v2\/users\/2"}],"replies":[{"embeddable":true,"href":"https:\/\/www.europesays.com\/lv\/wp-json\/wp\/v2\/comments?post=37948"}],"version-history":[{"count":0,"href":"https:\/\/www.europesays.com\/lv\/wp-json\/wp\/v2\/posts\/37948\/revisions"}],"wp:featuredmedia":[{"embeddable":true,"href":"https:\/\/www.europesays.com\/lv\/wp-json\/wp\/v2\/media\/37949"}],"wp:attachment":[{"href":"https:\/\/www.europesays.com\/lv\/wp-json\/wp\/v2\/media?parent=37948"}],"wp:term":[{"taxonomy":"category","embeddable":true,"href":"https:\/\/www.europesays.com\/lv\/wp-json\/wp\/v2\/categories?post=37948"},{"taxonomy":"post_tag","embeddable":true,"href":"https:\/\/www.europesays.com\/lv\/wp-json\/wp\/v2\/tags?post=37948"}],"curies":[{"name":"wp","href":"https:\/\/api.w.org\/{rel}","templated":true}]}}