{"id":37954,"date":"2025-11-02T17:44:17","date_gmt":"2025-11-02T17:44:17","guid":{"rendered":"https:\/\/www.europesays.com\/lv\/37954\/"},"modified":"2025-11-02T17:44:17","modified_gmt":"2025-11-02T17:44:17","slug":"tramps-kops-inauguracijas-nav-izdarijis-neko-ukrainas-atbalstam-intervija-ar-danu-ekspertu","status":"publish","type":"post","link":"https:\/\/www.europesays.com\/lv\/37954\/","title":{"rendered":"&#8220;Tramps kop\u0161 inaugur\u0101cijas nav izdar\u012bjis neko Ukrainas atbalstam.&#8221; Intervija ar d\u0101\u0146u ekspertu"},"content":{"rendered":"<p>&#8220;Manupr\u0101t, [<a rel=\"noopener nofollow\" target=\"_blank\" href=\"https:\/\/www.delfi.lv\/temas\/42596146\/asv\" data-rel-date-range=\"[]\">ASV<\/a> prezidents Donalds] Tramps kop\u0161 20. janv\u0101ra [inaugur\u0101cijas] nav izdar\u012bjis neko, lai atbalst\u012btu Ukrainu. Mums to ir gr\u016bti saskat\u012bt, jo ir tik daudz neskaidr\u012bbu, tik daudz trok\u0161\u0146u, no k\u0101 lielu da\u013cu m\u0113s rad\u0101m pa\u0161i. Es uzskatu, ka Trampa politika ir prokrieviska. Pagaid\u0101m nekas neliecina, ka vi\u0146\u0161 atbalsta Ukrainu,&#8221; intervij\u0101 port\u0101lam &#8220;Delfi&#8221; apgalvoja <a rel=\"noopener nofollow\" target=\"_blank\" href=\"https:\/\/www.delfi.lv\/temas\/37892905\/danija\" data-rel-date-range=\"[]\">D\u0101nijas<\/a> starptautisko p\u0113t\u012bjumu centra (DIIS) eksperts Flemmings Splidsbols Hansens.<\/p>\n<p>Sarunu ar Hansenu par Trampa pamiera centieniem Ukrainas un Krievijas jaut\u0101jum\u0101, Maskavas hibr\u012bdoper\u0101cij\u0101m Eirop\u0101 un n\u0101kotnes prognoz\u0113m attiec\u012bb\u0101s ar kaimi\u0146os eso\u0161o agresorvalsti aizvad\u012bj\u0101m 10. oktobr\u012b, kad galvaspils\u0113t\u0101 norisin\u0101j\u0101s &#8220;R\u012bgas konference&#8221;, kura uz diskusij\u0101m pulc\u0113ja starptautiskos un re\u0123ion\u0101los ekspertus, k\u0101 ar\u012b \u017eurn\u0101listus un politisko l\u0113mumu pie\u0146\u0113m\u0113jus.<\/p>\n<p>P\u0113d\u0113j\u0101 laik\u0101 NATO austrumu flanga valst\u012bs m\u0113s varam nov\u0113rot izteiktu Krievijas provok\u0101ciju pieaugumu. Polija piedz\u012bvoja aptuveni 20 dronu iebrukumu t\u0101s gaisa telp\u0101, Igaunij\u0101 lielu satraukumu rad\u012bja Maskavas izn\u012bcin\u0101t\u0101ji, Rum\u0101nija regul\u0101ri piedz\u012bvo Krievijas dronu iebrukumus. K\u0101da ir j\u016bsu anal\u012bze par \u0161iem incidentiem? Ko Krievija ar tiem v\u0113las pateikt?<\/p>\n<p>Mans las\u012bjums ir div\u0113j\u0101ds. Pirmk\u0101rt, kad es paskatos uz savu valsti \u2013 D\u0101niju, tas ir l\u0113mums, ko m\u0113s saucam par &#8220;D\u0101nijas modeli 2.0&#8221;, kas \u013cauj Ukrainas iero\u010du ra\u017eot\u0101jiem tos ra\u017eot D\u0101nij\u0101. Vi\u0146i ra\u017eos ra\u0137eti &#8220;Flamingo&#8221;, vi\u0146i ra\u017eos degvielu ra\u0137et\u0113m. M\u0113s esam nol\u0113mu\u0161i ieg\u0101d\u0101ties jaunas iero\u010du sist\u0113mas, ra\u0137etes, ar kur\u0101m var m\u0113r\u0137\u0113t uz Krieviju. Tas ir izzi\u0146ots diezgan atkl\u0101ti. T\u0101 ir [Eiropas Savien\u012bbas (ES)] 19. sankciju pakete. D\u0101nija \u0161obr\u012bd ir ES prezid\u0113jo\u0161\u0101 valsts. T\u0101tad ir vair\u0101kas lietas, ko krievi v\u0113l\u0113tos diezgan ak\u016bti main\u012bt, un tas attiecas uz D\u0101niju, bet ar\u012b uz Latviju, Igauniju, Poliju un cit\u0101m valst\u012bm, kur \u0161obr\u012bd tiek pie\u0146emti l\u0113mumi. T\u0101 ir viena lieta.<\/p>\n<p>Lai turpin\u0101tu las\u012bt, ieg\u0101d\u0101jies abonementu.<\/p>\n<p class=\"fs-4\">L\u016bdzu, uzgaidi!<\/p>\n<p class=\"fs-5\">Piel\u0101gojam Tev piem\u0113rot\u0101ko abon\u0113\u0161anas pied\u0101v\u0101jumu&#8230;<\/p>\n<p class=\"lh-1 fs-6 text-muted pt-3 mt-5\">Abon\u0113\u0161anas pied\u0101v\u0101jums nav redzams? L\u016bdzu, izsl\u0113dz rekl\u0101mu blo\u0137\u0113t\u0101ju vai  p\u0101rl\u0101d\u0113 lapu.<br \/>Jaut\u0101jumu gad\u012bjum\u0101 raksti <a href=\"https:\/\/www.delfi.lv\/46713439\/arzemes\/120093517\/mailto:konts@delfi.lv\" class=\"text-primary\" rel=\"nofollow noopener\" target=\"_blank\">konts@delfi.lv<\/a><\/p>\n<p class=\"m-0\">Seko &#8220;Delfi&#8221; ar\u012b  <a target=\"_blank\" href=\"https:\/\/www.instagram.com\/delfi.lv\/\" rel=\"nofollow noopener\">Instagram<\/a>  un <a target=\"_blank\" href=\"https:\/\/www.youtube.com\/channel\/UCw5foWtcJvAbUm64rv7jwUQ\" rel=\"nofollow noopener\">YouTube<\/a>  profil\u0101 \u2013 pievienojies, lai uzzin\u0101tu svar\u012bg\u0101ko un interesant\u0101ko pirmais!<\/p>\n<p>Publik\u0101cijas saturs vai t\u0101s jebk\u0101da apjoma da\u013ca ir aizsarg\u0101ts autorties\u012bbu objekts Autorties\u012bbu likuma izpratn\u0113, un t\u0101 izmanto\u0161ana bez izdev\u0113ja at\u013caujas ir aizliegta. Vair\u0101k lasi  <a target=\"_blank\" href=\"https:\/\/www.delfi.lv\/noteikumi#autortiesibas\" rel=\"nofollow noopener\">\u0161eit<\/a><script async src=\"\/\/www.instagram.com\/embed.js\"><\/script><\/p>\n","protected":false},"excerpt":{"rendered":"&#8220;Manupr\u0101t, [ASV prezidents Donalds] Tramps kop\u0161 20. janv\u0101ra [inaugur\u0101cijas] nav izdar\u012bjis neko, lai atbalst\u012btu Ukrainu. Mums to ir&hellip;\n","protected":false},"author":2,"featured_media":37955,"comment_status":"","ping_status":"","sticky":false,"template":"","format":"standard","meta":{"footnotes":""},"categories":[14],"tags":[4188,23,57,292,28,29,1418,542,32,33,22,234,30,31,35,39,38,36,37,34,40,20,26,27,24,25,276,235,54,55,56,21,58],"class_list":{"0":"post-37954","1":"post","2":"type-post","3":"status-publish","4":"format-standard","5":"has-post-thumbnail","7":"category-zinas-no-arvalstim","8":"tag-aizkadra","9":"tag-aktualitates","10":"tag-arvalstim","11":"tag-asv","12":"tag-breaking-news","13":"tag-breakingnews","14":"tag-danija","15":"tag-donalds-tramps","16":"tag-featured-news","17":"tag-featurednews","18":"tag-headlines","19":"tag-krievija","20":"tag-latest-news","21":"tag-latestnews","22":"tag-latvia","23":"tag-latvian","24":"tag-latviesu","25":"tag-latviesu-valoda","26":"tag-latviesuvaloda","27":"tag-latvija","28":"tag-lv","29":"tag-news","30":"tag-popularakas-zinas","31":"tag-popularakaszinas","32":"tag-top-stories","33":"tag-topstories","34":"tag-ukraina","35":"tag-vladimirs-putins","36":"tag-world","37":"tag-world-news","38":"tag-worldnews","39":"tag-zinas","40":"tag-zinas-no-arvalstim"},"share_on_mastodon":{"url":"https:\/\/pubeurope.com\/@lv\/115481350166715163","error":""},"_links":{"self":[{"href":"https:\/\/www.europesays.com\/lv\/wp-json\/wp\/v2\/posts\/37954","targetHints":{"allow":["GET"]}}],"collection":[{"href":"https:\/\/www.europesays.com\/lv\/wp-json\/wp\/v2\/posts"}],"about":[{"href":"https:\/\/www.europesays.com\/lv\/wp-json\/wp\/v2\/types\/post"}],"author":[{"embeddable":true,"href":"https:\/\/www.europesays.com\/lv\/wp-json\/wp\/v2\/users\/2"}],"replies":[{"embeddable":true,"href":"https:\/\/www.europesays.com\/lv\/wp-json\/wp\/v2\/comments?post=37954"}],"version-history":[{"count":0,"href":"https:\/\/www.europesays.com\/lv\/wp-json\/wp\/v2\/posts\/37954\/revisions"}],"wp:featuredmedia":[{"embeddable":true,"href":"https:\/\/www.europesays.com\/lv\/wp-json\/wp\/v2\/media\/37955"}],"wp:attachment":[{"href":"https:\/\/www.europesays.com\/lv\/wp-json\/wp\/v2\/media?parent=37954"}],"wp:term":[{"taxonomy":"category","embeddable":true,"href":"https:\/\/www.europesays.com\/lv\/wp-json\/wp\/v2\/categories?post=37954"},{"taxonomy":"post_tag","embeddable":true,"href":"https:\/\/www.europesays.com\/lv\/wp-json\/wp\/v2\/tags?post=37954"}],"curies":[{"name":"wp","href":"https:\/\/api.w.org\/{rel}","templated":true}]}}