{"id":37956,"date":"2025-11-02T17:46:06","date_gmt":"2025-11-02T17:46:06","guid":{"rendered":"https:\/\/www.europesays.com\/lv\/37956\/"},"modified":"2025-11-02T17:46:06","modified_gmt":"2025-11-02T17:46:06","slug":"kozlovskis-skaidro-kapec-nevar-uzraudzit-bauskas-sunu-nosausanas-kriminalprocesu-lente-lv","status":"publish","type":"post","link":"https:\/\/www.europesays.com\/lv\/37956\/","title":{"rendered":"Kozlovskis skaidro, k\u0101p\u0113c nevar uzraudz\u012bt Bauskas su\u0146u no\u0161au\u0161anas krimin\u0101lprocesu\u00a0\u2014\u00a0Lente.lv"},"content":{"rendered":"<p>Iek\u0161lietu ministrs Kozlovskis skaidro savu neiejauk\u0161anos Bauskas su\u0146u no\u0161au\u0161anas liet\u0101<\/p>\n<p>Iek\u0161lietu ministrs Rihards Kozlovskis ir publiski paudis, ka vi\u0146am k\u0101 amatpersonai nav tiesisku pilnvaru iejaukties vai uzraudz\u012bt krimin\u0101lprocesus, tostarp ar\u012b \u0161ok\u0113jo\u0161o gad\u012bjumu Bauskas novad\u0101, kur tika no\u0161auti tr\u012bs su\u0146i. \u0160o skaidrojumu ministrs sniedzis atbild\u0113 uz partijas &#8220;Latvija pirmaj\u0101 viet\u0101&#8221; deput\u0101tu piepras\u012bjumu, kas tika izskat\u012bts Saeimas Piepras\u012bjumu komisij\u0101. Deput\u0101ti v\u0113l\u0113j\u0101s noskaidrot Valsts policijas atbild\u012bbu saist\u012bb\u0101 ar notiku\u0161o tra\u0123\u0113diju Brunavas pagast\u0101.<\/p>\n<p>Atbild\u012bba un pilnvaru robe\u017eas<\/p>\n<p>Kozlovska atbilde Saeimai uzsver ierasto tiesisk\u0101s sist\u0113mas strukt\u016bru, kur ministram k\u0101 politiskai amatpersonai nav paredz\u0113ta tie\u0161a loma krimin\u0101lizmekl\u0113\u0161anas procesa vad\u012b\u0161an\u0101 vai kontrol\u0113. &#8220;Ministram k\u0101 amatpersonai nav pie\u0161\u0137irtas pilnvaras uzdot veikt procesu\u0101l\u0101s darb\u012bbas vai uzraudz\u012bt krimin\u0101lprocesu,&#8221; skaidri nor\u0101d\u012bts iek\u0161lietu ministra rakstiskaj\u0101 atbild\u0113. \u0160\u0101da pieeja nodro\u0161ina izmekl\u0113\u0161anas objektivit\u0101ti un neatkar\u012bbu, pasarg\u0101jot to no politiskas ietekmes, kas citk\u0101rt var\u0113tu rad\u012bt nopietnas ba\u017eas par taisn\u012bgumu.<\/p>\n<p>Sabiedr\u012bbas sa\u0161utums un nepiecie\u0161am\u012bba p\u0113c atbild\u0113m<\/p>\n<p>Gad\u012bjums ar tr\u012bs no\u0161autajiem su\u0146iem Bausk\u0101 izrais\u012bjis pla\u0161u sabiedr\u012bbas sa\u0161utumu un satraukumu par dz\u012bvnieku labtur\u012bbas jaut\u0101jumiem Latvij\u0101. Daudzi cilv\u0113ki cer\u0113ja, ka augst\u0101k\u0101s amatpersonas sniegs konkr\u0113t\u0101kas atbildes un izskaidros, k\u0101p\u0113c \u0161\u0101ds notikums visp\u0101r ir iesp\u0113jams un k\u0101di so\u013ci tiks sperti, lai taml\u012bdz\u012bgas situ\u0101cijas n\u0101kotn\u0113 nov\u0113rstu. Tom\u0113r ministrs uzsv\u0113ra, ka jebk\u0101da iejauk\u0161an\u0101s proces\u0101 no vi\u0146a puses b\u016btu prettiesiska un grautu tiesiskuma principus.<\/p>\n<p>Policijas un prokurat\u016bras loma<\/p>\n<p>Atbild\u012bba par krimin\u0101lprocesa virz\u012bbu \u0161\u0101d\u0101s liet\u0101s gulstas galvenok\u0101rt uz Valsts policiju un attiec\u012bgaj\u0101m prokurat\u016bras instit\u016bcij\u0101m. T\u0101s ir ties\u012bgas un pilnvarotas veikt izmekl\u0113\u0161anu, piepras\u012bt nepiecie\u0161amo inform\u0101ciju un pie\u0146emt l\u0113mumus krimin\u0101lprocesa ietvaros. Sabiedr\u012bba sagaida, ka visas juridisk\u0101s proced\u016bras tiks iev\u0113rotas, un vain\u012bg\u0101s personas tiks sauktas pie atbild\u012bbas, ja t\u0101das tiks konstat\u0113tas izmekl\u0113\u0161anas rezult\u0101t\u0101. Tas ir svar\u012bgi, lai atjaunotu tic\u012bbu ties\u012bbsarg\u0101jo\u0161o iest\u0101\u017eu darbam un nodro\u0161in\u0101tu, ka \u0161\u0101di ne\u017e\u0113l\u012bgi gad\u012bjumi vairs neatk\u0101rtojas.<\/p>\n<p>N\u0101kotnes perspekt\u012bvas un prevencija<\/p>\n<p>Lai gan ministrs nevar tie\u0161i iejaukties krimin\u0101lproces\u0101, vi\u0146a vad\u012btajai ministrijai ir svar\u012bga loma likumdo\u0161anas pilnveido\u0161an\u0101 un sabiedr\u012bbas inform\u0113\u0161an\u0101 par dz\u012bvnieku aizsardz\u012bbas jaut\u0101jumiem. Iesp\u0113jams, ka \u0161is notikums kalpos par impulsu, lai p\u0101rskat\u012btu eso\u0161os normat\u012bvos aktus un pastiprin\u0101tu sankcijas par cietsird\u012bgu iztur\u0113\u0161anos pret dz\u012bvniekiem. T\u0101pat svar\u012bga ir sabiedr\u012bbas izgl\u012bto\u0161ana un audzin\u0101\u0161ana par atbild\u012bgu attieksmi pret dz\u012bvniekiem, lai mazin\u0101tu l\u012bdz\u012bgu tra\u0123\u0113diju iesp\u0113jam\u012bbu.<\/p>\n","protected":false},"excerpt":{"rendered":"Iek\u0161lietu ministrs Kozlovskis skaidro savu neiejauk\u0161anos Bauskas su\u0146u no\u0161au\u0161anas liet\u0101 Iek\u0161lietu ministrs Rihards Kozlovskis ir publiski paudis, ka&hellip;\n","protected":false},"author":2,"featured_media":37957,"comment_status":"","ping_status":"","sticky":false,"template":"","format":"standard","meta":{"footnotes":""},"categories":[5],"tags":[23,11088,28,29,32,33,22,11089,6786,30,31,35,39,38,36,37,34,40,20,26,27,1398,24,25,138,21],"class_list":{"0":"post-37956","1":"post","2":"type-post","3":"status-publish","4":"format-standard","5":"has-post-thumbnail","7":"category-aktualitates","8":"tag-aktualitates","9":"tag-bauskas-sunu-nosausana","10":"tag-breaking-news","11":"tag-breakingnews","12":"tag-featured-news","13":"tag-featurednews","14":"tag-headlines","15":"tag-iekslietu-ministrs","16":"tag-kriminalprocess","17":"tag-latest-news","18":"tag-latestnews","19":"tag-latvia","20":"tag-latvian","21":"tag-latviesu","22":"tag-latviesu-valoda","23":"tag-latviesuvaloda","24":"tag-latvija","25":"tag-lv","26":"tag-news","27":"tag-popularakas-zinas","28":"tag-popularakaszinas","29":"tag-rihards-kozlovskis","30":"tag-top-stories","31":"tag-topstories","32":"tag-valsts-policija","33":"tag-zinas"},"share_on_mastodon":{"url":"https:\/\/pubeurope.com\/@lv\/115481358032555949","error":""},"_links":{"self":[{"href":"https:\/\/www.europesays.com\/lv\/wp-json\/wp\/v2\/posts\/37956","targetHints":{"allow":["GET"]}}],"collection":[{"href":"https:\/\/www.europesays.com\/lv\/wp-json\/wp\/v2\/posts"}],"about":[{"href":"https:\/\/www.europesays.com\/lv\/wp-json\/wp\/v2\/types\/post"}],"author":[{"embeddable":true,"href":"https:\/\/www.europesays.com\/lv\/wp-json\/wp\/v2\/users\/2"}],"replies":[{"embeddable":true,"href":"https:\/\/www.europesays.com\/lv\/wp-json\/wp\/v2\/comments?post=37956"}],"version-history":[{"count":0,"href":"https:\/\/www.europesays.com\/lv\/wp-json\/wp\/v2\/posts\/37956\/revisions"}],"wp:featuredmedia":[{"embeddable":true,"href":"https:\/\/www.europesays.com\/lv\/wp-json\/wp\/v2\/media\/37957"}],"wp:attachment":[{"href":"https:\/\/www.europesays.com\/lv\/wp-json\/wp\/v2\/media?parent=37956"}],"wp:term":[{"taxonomy":"category","embeddable":true,"href":"https:\/\/www.europesays.com\/lv\/wp-json\/wp\/v2\/categories?post=37956"},{"taxonomy":"post_tag","embeddable":true,"href":"https:\/\/www.europesays.com\/lv\/wp-json\/wp\/v2\/tags?post=37956"}],"curies":[{"name":"wp","href":"https:\/\/api.w.org\/{rel}","templated":true}]}}