{"id":37960,"date":"2025-11-02T17:50:10","date_gmt":"2025-11-02T17:50:10","guid":{"rendered":"https:\/\/www.europesays.com\/lv\/37960\/"},"modified":"2025-11-02T17:50:10","modified_gmt":"2025-11-02T17:50:10","slug":"peksna-nave-kazu-gadadiena-toposais-tevs-aiziet-muziba","status":"publish","type":"post","link":"https:\/\/www.europesays.com\/lv\/37960\/","title":{"rendered":"P\u0113k\u0161\u0146a n\u0101ve k\u0101zu gadadien\u0101: topo\u0161ais t\u0113vs aiziet m\u016b\u017e\u012bb\u0101"},"content":{"rendered":"<p class=\"descr\">Topo\u0161ais t\u0113vs 34 gadu vecum\u0101 p\u0113k\u0161\u0146i nomira, svinot k\u0101zu jubileju ar sievu, kura gaida b\u0113rni\u0146u, zi\u0146o port\u0101ls msn.com<\/p>\n<p>Topo\u0161ais t\u0113vs, kur\u0161 ar sievu asto\u0146us gadus m\u0113\u0123in\u0101ja tikt pie b\u0113rna, negaid\u012bti nomira k\u0101zu jubilejas br\u012bvdien\u0101s ar savu gr\u016btnieci sievu.<\/p>\n<p>34 gadus vecais D\u012bns Poters no Anglijas un vi\u0146a l\u012bgava, 31 gadu vec\u0101 Zoja Adamsa, svin\u0113ja savu 11. gadu k\u0101zu gadadienu, kad vi\u0146\u0161 nakts vid\u016b burtiski sabruka.<\/p>\n<p>P\u0101ris tikko bija uzzin\u0101jis, ka Zoja ir 11. gr\u016btniec\u012bbas ned\u0113\u013c\u0101, neskatoties uz to, ka asto\u0146us gadus &#8220;c\u012bn\u012bj\u0101s&#8221; ar b\u0113rni\u0146a ie\u0146em\u0161anu.<\/p>\n<p>Zoja teica, ka mazumtirdzniec\u012bbas vad\u012bt\u0101js D\u012bns, kuram nebija konstat\u0113tu vesel\u012bbas probl\u0113mu, &#8220;izskat\u012bj\u0101s piln\u012bgi vesels&#8221;, pirms Zoja pamod\u0101s no ska\u013ca bl\u012bk\u0161\u0137a pulksten 2 nakt\u012b.<\/p>\n<p>Vi\u0146a paman\u012bja, ka D\u012bns bija sabrucis uz gr\u012bdas vi\u0146u kempera gult\u0101, un nekav\u0113joties veica sirds un plau\u0161u atdz\u012bvin\u0101\u0161anu un izsauca neatliekamo medic\u012bnisko pal\u012bdz\u012bbu.<\/p>\n<p>Tom\u0113r, pirms D\u012bns tika nog\u0101d\u0101ts slimn\u012bc\u0101, vi\u0146\u0161 nomira.<\/p>\n<p>P\u0113c div\u0101m ned\u0113\u013c\u0101m veikt\u0101 autopsija apstiprin\u0101ja, ka D\u012bna kreis\u0101 kambara mazsp\u0113ja radusies sirds slim\u012bbas d\u0113\u013c, par kuru &#8220;vi\u0146am un vi\u0146a \u0123imenei nebija zin\u0101ms&#8221;.<\/p>\n<blockquote><p>Zoja, kura visu laiku r\u016bp\u0113jas par savu m\u0101ti, no Norid\u017eas, Norfolkas gr\u0101fist\u0113, teica: &#8220;Tas bija viens no romantisk\u0101kajiem ce\u013cojumiem, un m\u0113s abi lieliski pavad\u012bj\u0101m laiku.&#8221;<\/p><\/blockquote>\n<p>\t\t\t\t\t\tinfo<\/p>\n<p>Uzzini pirmais<br \/>kas interesants noticis Latvij\u0101 un pasaul\u0113,<br \/>pievienojoties mums <a href=\"https:\/\/t.me\/neatkariga\" rel=\"nofollow\">Telegram<\/a> vai <a href=\"https:\/\/whatsapp.com\/channel\/0029VaMLFUH5K3zLU5s4wm3y\" rel=\"nofollow noopener\" target=\"_blank\">Whatsapp<\/a> kan\u0101l\u0101<\/p>\n","protected":false},"excerpt":{"rendered":"Topo\u0161ais t\u0113vs 34 gadu vecum\u0101 p\u0113k\u0161\u0146i nomira, svinot k\u0101zu jubileju ar sievu, kura gaida b\u0113rni\u0146u, zi\u0146o port\u0101ls msn.com&hellip;\n","protected":false},"author":2,"featured_media":37961,"comment_status":"","ping_status":"","sticky":false,"template":"","format":"standard","meta":{"footnotes":""},"categories":[14],"tags":[23,57,28,29,32,33,22,30,31,35,39,38,36,37,34,40,20,26,27,24,25,54,55,56,21,58],"class_list":{"0":"post-37960","1":"post","2":"type-post","3":"status-publish","4":"format-standard","5":"has-post-thumbnail","7":"category-zinas-no-arvalstim","8":"tag-aktualitates","9":"tag-arvalstim","10":"tag-breaking-news","11":"tag-breakingnews","12":"tag-featured-news","13":"tag-featurednews","14":"tag-headlines","15":"tag-latest-news","16":"tag-latestnews","17":"tag-latvia","18":"tag-latvian","19":"tag-latviesu","20":"tag-latviesu-valoda","21":"tag-latviesuvaloda","22":"tag-latvija","23":"tag-lv","24":"tag-news","25":"tag-popularakas-zinas","26":"tag-popularakaszinas","27":"tag-top-stories","28":"tag-topstories","29":"tag-world","30":"tag-world-news","31":"tag-worldnews","32":"tag-zinas","33":"tag-zinas-no-arvalstim"},"share_on_mastodon":{"url":"https:\/\/pubeurope.com\/@lv\/115481373814455999","error":""},"_links":{"self":[{"href":"https:\/\/www.europesays.com\/lv\/wp-json\/wp\/v2\/posts\/37960","targetHints":{"allow":["GET"]}}],"collection":[{"href":"https:\/\/www.europesays.com\/lv\/wp-json\/wp\/v2\/posts"}],"about":[{"href":"https:\/\/www.europesays.com\/lv\/wp-json\/wp\/v2\/types\/post"}],"author":[{"embeddable":true,"href":"https:\/\/www.europesays.com\/lv\/wp-json\/wp\/v2\/users\/2"}],"replies":[{"embeddable":true,"href":"https:\/\/www.europesays.com\/lv\/wp-json\/wp\/v2\/comments?post=37960"}],"version-history":[{"count":0,"href":"https:\/\/www.europesays.com\/lv\/wp-json\/wp\/v2\/posts\/37960\/revisions"}],"wp:featuredmedia":[{"embeddable":true,"href":"https:\/\/www.europesays.com\/lv\/wp-json\/wp\/v2\/media\/37961"}],"wp:attachment":[{"href":"https:\/\/www.europesays.com\/lv\/wp-json\/wp\/v2\/media?parent=37960"}],"wp:term":[{"taxonomy":"category","embeddable":true,"href":"https:\/\/www.europesays.com\/lv\/wp-json\/wp\/v2\/categories?post=37960"},{"taxonomy":"post_tag","embeddable":true,"href":"https:\/\/www.europesays.com\/lv\/wp-json\/wp\/v2\/tags?post=37960"}],"curies":[{"name":"wp","href":"https:\/\/api.w.org\/{rel}","templated":true}]}}