{"id":37964,"date":"2025-11-02T17:52:10","date_gmt":"2025-11-02T17:52:10","guid":{"rendered":"https:\/\/www.europesays.com\/lv\/37964\/"},"modified":"2025-11-02T17:52:10","modified_gmt":"2025-11-02T17:52:10","slug":"valmieras-gimnazija-skolenus-aicina-ierasties-melna-apgerba-protesta-pret-izstasanos-no-stambulas-konvencijas-2","status":"publish","type":"post","link":"https:\/\/www.europesays.com\/lv\/37964\/","title":{"rendered":"Valmieras \u0123imn\u0101zij\u0101 skol\u0113nus aicina ierasties meln\u0101 ap\u0123\u0113rb\u0101 protest\u0101 pret izst\u0101\u0161anos no Stambulas konvencijas"},"content":{"rendered":"<p>Valmieras Valsts \u0123imn\u0101zija aicina t\u0101s skol\u0113nus pirmdien, 3,&#13;<br \/>\nnovembr\u012b, ierasties uz m\u0101c\u012bbu stund\u0101m meln\u0101 ap\u0123\u0113rb\u0101, t\u0101d\u0113j\u0101di protest\u0113jot pret&#13;<br \/>\nizst\u0101\u0161anos no Stambulas konvencijas.<\/p>\n<p>Ierakst\u0101, ko \u0123imn\u0101zija ievietojusi sav\u0101 \u201cFacebook\u201d profil\u0101,&#13;<br \/>\nskol\u0113ni tiek aicin\u0101ti pirmdien uzvilkt melnu ap\u0123\u0113rbu un pie t\u0101 piespraust&#13;<br \/>\nlent\u012bti, ko var\u0113s sa\u0146emt skol\u0101.<\/p>\n<p>\u201cP\u0113d\u0113j\u0101s ned\u0113\u013cas laik\u0101 pla\u0161sazi\u0146as l\u012bdzek\u013cos arvien bie\u017e\u0101k&#13;<br \/>\ntiek apspriests Saeimas l\u0113mums izst\u0101ties no Stambulas konvencijas. \u0160\u012b&#13;<br \/>\nkonvencija ir starptautisks dokuments, kura m\u0113r\u0137is ir nov\u0113rst un apkarot&#13;<br \/>\nvardarb\u012bbu pret sieviet\u0113m un vardarb\u012bbu \u0123imen\u0113. \u0160is jaut\u0101jums nav vienaldz\u012bgs \u2014&#13;<br \/>\ntas skar m\u016bs visus,\u201d t\u0101 raksta \u0123imn\u0101zija.<\/p>\n<blockquote><p>Par\u0101d\u012bsim, ka mums r\u016bp cilv\u0113ku dro\u0161\u012bba un labsaj\u016bta, un ka&#13;<br \/>\nesam da\u013ca no Eiropas Savien\u012bbas un t\u0101s v\u0113rt\u012bb\u0101m!<\/p><\/blockquote>\n<p>teikts ierakst\u0101.<\/p>\n<p>Ieraksta beig\u0101s tiek piemin\u0113ts, ka akciju r\u012bko Eiropas&#13;<br \/>\nParlamenta jauno v\u0113stnieku skolas v\u0113stneses un publik\u0101cija ir jaunie\u0161u&#13;<br \/>\npilsonisk\u0101s l\u012bdzdal\u012bbas iniciat\u012bva, neatspogu\u013cojot Valmieras Valsts \u0123imn\u0101zijas&#13;<br \/>\nofici\u0101lo viedokli.<\/p>\n<p><\/p>\n<p>Jau zi\u0146ots, ka 6. novembr\u012b, Doma laukum\u0101, R\u012bg\u0101, notiks&#13;<br \/>\nprotests pret l\u0113mumu izst\u0101ties no Stambulas konvencijas.<\/p>\n<p>T\u0101pat zi\u0146ots, ka ceturtdien ar opoz\u012bcijas un Za\u013co un&#13;<br \/>\nzemnieku savien\u012bbas (ZZS) bals\u012bm Saeim\u0101 tika pie\u0146emts likums par Latvijas&#13;<br \/>\nizst\u0101\u0161anos no Eiropas Padomes konvencijas par vardarb\u012bbas pret sieviet\u0113m un&#13;<br \/>\nvardarb\u012bbas \u0123imen\u0113 nov\u0113r\u0161anu un apkaro\u0161anu jeb t\u0101 saukt\u0101s Stambulas&#13;<br \/>\nkonvencijas.<\/p>\n<p>Centrs &#8220;Marta&#8221; un vair\u0101kas citas nevalstisk\u0101s&#13;<br \/>\norganiz\u0101cijas ir nos\u016bt\u012bju\u0161as v\u0113stuli Valsts prezidentam Edgaram Rink\u0113vi\u010dam,&#13;<br \/>\naicinot nodot likumu par izst\u0101\u0161anos no konvencijas otrreiz\u0113jai caurl\u016bko\u0161anai&#13;<br \/>\nSaeim\u0101.<\/p>\n<p>Lasi ar\u012b:<\/p>\n<p>&#13;<br \/>\n&#13;<br \/>\n<a target=\"_blank\" href=\"https:\/\/www.1188.lv\/zinas\/jau-vairak-neka-40-000-cilveku-parakstijusies-par-paliksanu-stambulas-konvencija\/57017\" rel=\"nofollow noopener\">Jau vair\u0101k nek\u0101 40 000 cilv\u0113ku parakst\u012bju\u0161ies par palik\u0161anu Stambulas konvencij\u0101<\/a>&#13;<br \/>\n&#13;<br \/>\n<\/p>\n<p>&#13;<br \/>\n&#13;<br \/>\n<a target=\"_blank\" href=\"https:\/\/www.1188.lv\/zinas\/iesalnieks-par-stambulas-konvencijas-atbalstitajiem-lielaka-dala-nav-politiski-izglitoti\/56998\" rel=\"nofollow noopener\">Iesalnieks par Stambulas konvencijas atbalst\u012bt\u0101jiem: &#8220;Liel\u0101k\u0101 da\u013ca nav politiski izgl\u012btoti&#8221;<\/a>&#13;<br \/>\n&#13;<br \/>\n<\/p>\n<p>&#13;<br \/>\n&#13;<br \/>\n<a target=\"_blank\" href=\"https:\/\/www.1188.lv\/zinas\/virzamies-uz-krievijai-raksturigu-vertibu-sistemu-politologe-verte-saeimas-lemumu-izstaties-no-stambulas-konvencijas\/56984\" rel=\"nofollow noopener\">&#13;<br \/>\n&#13;<br \/>\n<a target=\"_blank\" href=\"https:\/\/www.1188.lv\/zinas\/liepnieks-skarbi-par-stambulas-konvencijas-epopeju-cilvekiem-jamacas-lasit-tur-nav-neka-kas-apdraudetu-latviju\/56976\" rel=\"nofollow noopener\">Liepnieks skarbi par Stambulas konvencijas epopeju: Cilv\u0113kiem j\u0101m\u0101c\u0101s las\u012bt&#8230; Tur nav nek\u0101, kas apdraud\u0113tu Latviju!<\/a>&#13;<br \/>\n&#13;\n<\/p>\n<p>&#13;<br \/>\n&#13;<br \/>\n<a target=\"_blank\" href=\"https:\/\/www.1188.lv\/zinas\/saeimas-lemums-par-izstasanos-no-stambulas-konvencijas-nonacis-pasaules-mediju-redzesloka\/56946\" rel=\"nofollow noopener\">Saeimas l\u0113mums par izst\u0101\u0161anos no Stambulas konvencijas non\u0101cis pasaules mediju redzeslok\u0101<\/a>&#13;<br \/>\n&#13;<br \/>\n<\/p>\n<p><img decoding=\"async\" src=\"https:\/\/www.europesays.com\/lv\/wp-content\/uploads\/2025\/11\/7ca2f24b1b8e018cbf05eb4230364ce3.jpg\" title=\"Foto: Valmieras Valsts \u0123imn\u0101zija\/Facebook\" alt=\"Foto: Valmieras Valsts \u0123imn\u0101zija\/Facebook\"\/><\/p>\n<p class=\"article-img-desc\">Foto: Valmieras Valsts \u0123imn\u0101zija\/Facebook<\/p>\n","protected":false},"excerpt":{"rendered":"Valmieras Valsts \u0123imn\u0101zija aicina t\u0101s skol\u0113nus pirmdien, 3,&#13; novembr\u012b, ierasties uz m\u0101c\u012bbu stund\u0101m meln\u0101 ap\u0123\u0113rb\u0101, t\u0101d\u0113j\u0101di protest\u0113jot pret&#13;&hellip;\n","protected":false},"author":2,"featured_media":37939,"comment_status":"","ping_status":"","sticky":false,"template":"","format":"standard","meta":{"footnotes":""},"categories":[5],"tags":[129,5984,660,1884,1209,3277,23,28,29,32,33,22,30,31,35,39,38,36,37,34,40,20,26,27,661,1210,1885,3278,5985,662,1211,1886,3279,5986,24,25,21],"class_list":{"0":"post-37964","1":"post","2":"type-post","3":"status-publish","4":"format-standard","5":"has-post-thumbnail","7":"category-aktualitates","8":"tag-__typenameadvicekeyword","9":"tag-id560","10":"tag-id636","11":"tag-id637","12":"tag-id824","13":"tag-id969","14":"tag-aktualitates","15":"tag-breaking-news","16":"tag-breakingnews","17":"tag-featured-news","18":"tag-featurednews","19":"tag-headlines","20":"tag-latest-news","21":"tag-latestnews","22":"tag-latvia","23":"tag-latvian","24":"tag-latviesu","25":"tag-latviesu-valoda","26":"tag-latviesuvaloda","27":"tag-latvija","28":"tag-lv","29":"tag-news","30":"tag-popularakas-zinas","31":"tag-popularakaszinas","32":"tag-slugizglitiba","33":"tag-slugpolitika","34":"tag-slugskoleni","35":"tag-slugstambulas-konvencija","36":"tag-slugvalmiera","37":"tag-titleizglitiba","38":"tag-titlepolitika","39":"tag-titleskoleni","40":"tag-titlestambulas-konvencija","41":"tag-titlevalmiera","42":"tag-top-stories","43":"tag-topstories","44":"tag-zinas"},"share_on_mastodon":{"url":"","error":"Validation failed: Text character limit of 500 exceeded"},"_links":{"self":[{"href":"https:\/\/www.europesays.com\/lv\/wp-json\/wp\/v2\/posts\/37964","targetHints":{"allow":["GET"]}}],"collection":[{"href":"https:\/\/www.europesays.com\/lv\/wp-json\/wp\/v2\/posts"}],"about":[{"href":"https:\/\/www.europesays.com\/lv\/wp-json\/wp\/v2\/types\/post"}],"author":[{"embeddable":true,"href":"https:\/\/www.europesays.com\/lv\/wp-json\/wp\/v2\/users\/2"}],"replies":[{"embeddable":true,"href":"https:\/\/www.europesays.com\/lv\/wp-json\/wp\/v2\/comments?post=37964"}],"version-history":[{"count":0,"href":"https:\/\/www.europesays.com\/lv\/wp-json\/wp\/v2\/posts\/37964\/revisions"}],"wp:featuredmedia":[{"embeddable":true,"href":"https:\/\/www.europesays.com\/lv\/wp-json\/wp\/v2\/media\/37939"}],"wp:attachment":[{"href":"https:\/\/www.europesays.com\/lv\/wp-json\/wp\/v2\/media?parent=37964"}],"wp:term":[{"taxonomy":"category","embeddable":true,"href":"https:\/\/www.europesays.com\/lv\/wp-json\/wp\/v2\/categories?post=37964"},{"taxonomy":"post_tag","embeddable":true,"href":"https:\/\/www.europesays.com\/lv\/wp-json\/wp\/v2\/tags?post=37964"}],"curies":[{"name":"wp","href":"https:\/\/api.w.org\/{rel}","templated":true}]}}