{"id":37965,"date":"2025-11-02T17:56:19","date_gmt":"2025-11-02T17:56:19","guid":{"rendered":"https:\/\/www.europesays.com\/lv\/37965\/"},"modified":"2025-11-02T17:56:19","modified_gmt":"2025-11-02T17:56:19","slug":"polija-turpina-turet-robezu-ar-baltkrieviju-slegtu-atliekot-ieprieks-planoto-atversanu-lente-lv","status":"publish","type":"post","link":"https:\/\/www.europesays.com\/lv\/37965\/","title":{"rendered":"Polija turpina tur\u0113t robe\u017eu ar Baltkrieviju sl\u0113gtu, atliekot iepriek\u0161 pl\u0101noto atv\u0113r\u0161anu\u00a0\u2014\u00a0Lente.lv"},"content":{"rendered":"<p>Polija stingri turpina robe\u017eas sl\u0113gtas Baltkrievijai<\/p>\n<p>Neskatoties uz iepriek\u0161\u0113j\u0101m cer\u012bb\u0101m atvieglot robe\u017ekontaktu, Polija ir apstiprin\u0101jusi savu s\u0101kotn\u0113jo l\u0113mumu un pagaid\u0101m nav atv\u0113rusi savus robe\u017ekontroles punktus ar Baltkrieviju. \u0160\u012b izl\u0113m\u012bg\u0101 nost\u0101ja tika pazi\u0146ota p\u0113c tam, kad Lietuva pie\u0146\u0113ma savu l\u0113mumu par attiec\u012bgo robe\u017eu sl\u0113g\u0161anu, radot jaunu nel\u0101gu pav\u0113rsienu abu valstu attiec\u012bb\u0101s ar Baltkrieviju.<\/p>\n<p>Dro\u0161\u012bbas apsv\u0113rumi un &#8220;Zapad 2025&#8221; m\u0101c\u012bbas<\/p>\n<p>S\u0101kotn\u0113ji Polijas l\u0113mums sl\u0113gt robe\u017eu bija tie\u0161i saist\u012bts ar Krievijas un Baltkrievijas milit\u0101raj\u0101m m\u0101c\u012bb\u0101m &#8220;Zapad 2025&#8221;, kuru akt\u012bv\u0101 f\u0101ze s\u0101k\u0101s 2025. gada 12. septembr\u012b. Lai gan m\u0101c\u012bbas paredz\u0113tas l\u012bdz 16. septembrim un galvenok\u0101rt notiek Baltkrievijas teritorij\u0101, Polijas iek\u0161lietu ministrs Marcins Kervi\u0146skis uzsv\u0113ra, ka robe\u017eas sl\u0113g\u0161ana neaprobe\u017eojas tikai ar \u0161o m\u0101c\u012bbu laiku. &#8220;Robe\u017ea b\u016bs sl\u0113gta uz nenoteiktu laiku un tiks atv\u0113rta tikai tad, kad situ\u0101cija \u013caus garant\u0113t piln\u012bgu dro\u0161\u012bbu,&#8221; toreiz pazi\u0146oja ministrs. \u0160ie piesardz\u012bgie v\u0101rdi joproj\u0101m atspogu\u013co Polijas nost\u0101ju, pat p\u0113c s\u0101kotn\u0113jiem pl\u0101niem atv\u0113rt kontrolpunktus.<\/p>\n<p>Koordin\u0113ta Baltijas valstu r\u012bc\u012bba<\/p>\n<p>L\u0113mums piln\u012bb\u0101 atlikt robe\u017eas atv\u0113r\u0161anu tika pie\u0146emts p\u0113c sarunas starp Lietuvas premjerministri Ingu Ruginieni un Polijas premjerministru Donaldu Tusku. Ruginiene viz\u012btes Latvij\u0101 laik\u0101 pazi\u0146oja, ka vi\u0146a ir telefoniski sazin\u0101jusies ar Polijas kol\u0113\u0123i un pan\u0101kusi vieno\u0161anos par pl\u0101nu atlik\u0161anu. &#8220;Tas noz\u012bm\u0113, ka m\u0113s koordin\u0113jam savu r\u012bc\u012bbu, un pagaid\u0101m robe\u017eas paliks sl\u0113gtas gan Polijas, gan Lietuvas pus\u0113,&#8221; skaidroja Ruginiene. Vi\u0146a ar\u012b pauda cer\u012bbu, ka Baltkrievija izr\u0101d\u012bs sapratni, jo abu valstu m\u0113r\u0137is ir nepie\u013caut nek\u0101dus hibr\u012bduzbrukumus un dar\u012bt visu iesp\u0113jamo, lai p\u0101rvald\u012btu draudus un nodro\u0161in\u0101tu iedz\u012bvot\u0101ju dro\u0161\u012bbu. S\u0101kotn\u0113ji Polija bija pl\u0101nojusi atkal atv\u0113rt divus robe\u017ekontroles punktus ar Baltkrieviju \u2013 Kuz\u0146icas un Bobrov\u0146iku punktus, kas ir sl\u0113gti attiec\u012bgi kop\u0161 2021. gada novembra un 2023. gada febru\u0101ra. Ta\u010du Lietuvas l\u0113mums ir main\u012bjis \u0161\u012bs prognozes.<\/p>\n<p>Lietuvas l\u0113muma iemesli un sekas<\/p>\n<p>Lietuvas l\u0113mums sl\u0113gt robe\u017eu ar Baltkrieviju l\u012bdz 30. novembrim tika pie\u0146emts, rea\u0123\u0113jot uz arvien bie\u017e\u0101kajiem kontrabandas balonu rad\u012btajiem trauc\u0113jumiem un hibr\u012bduzbrukumiem gaisa telp\u0101. Lietuvas amatpersonas \u0161os incidentus raksturo k\u0101 apzin\u0101tu Baltkrievijas re\u017e\u012bma organiz\u0113tu hibr\u012bduzbrukumu, kas rada nopietnus dro\u0161\u012bbas riskus. K\u0101 piem\u0113ru var min\u0113t meteorolo\u0123iskos balonus, kas tiek izmantoti kontrabandas nol\u016bkiem un trauc\u0113 civilo avi\u0101ciju, tostarp Vi\u013c\u0146as lidostas darbu. &#8220;\u0160odien Lietuva saskaras ar hibr\u012bduzbrukumu, lietas ir j\u0101sauc \u012bstajos v\u0101rdos,&#8221; vald\u012bbas s\u0113d\u0113 uzsv\u0113ra premjerministre Inga Ruginien\u0117. Lai gan atsevi\u0161\u0137os gad\u012bjumos ir notriekti baloni un aiztur\u0113tas personas, kas tos sav\u0101c, Lietuvas amatpersonas uzskata, ka Minska neveic pietiekamus pas\u0101kumus probl\u0113mas nov\u0113r\u0161anai. Baltkrievijas muita ir kritiz\u0113jusi Lietuvas l\u0113mumu, d\u0113v\u0113jot to par nep\u0101rdom\u0101tu un kait\u012bgu re\u0123iona uz\u0146\u0113m\u0113jdarb\u012bbai. Savuk\u0101rt Eiropas Savien\u012bba ir paudusi solidarit\u0101ti Lietuvai, aicinot Baltkrieviju ieviest efekt\u012bvus gaisa telpas kontroles veidus un c\u012bn\u012bties ar organiz\u0113to noziedz\u012bbu.<\/p>\n<p>V\u0113sturiskais konteksts un turpm\u0101k\u0101 perspekt\u012bva<\/p>\n<p>Situ\u0101cija uz Polijas un Baltkrievijas robe\u017eas ir bijusi saspringta jau ilg\u0101ku laiku. Jau iepriek\u0161, &#8220;Zapad 2025&#8221; m\u0101c\u012bbu priek\u0161vakar\u0101, Polija sl\u0113dza robe\u017eu ar Baltkrieviju uz nenoteiktu laiku, lai garant\u0113tu dro\u0161\u012bbu. T\u0101pat ir biju\u0161i gad\u012bjumi, kad neleg\u0101lie migranti uzbr\u016bk robe\u017esargiem un boj\u0101 \u017eogu, radot papildu spriedzi. Polija pat ir pl\u0101nojusi izvietot desmit t\u016bksto\u0161us karav\u012bru pie robe\u017eas ar Baltkrieviju, lai stiprin\u0101tu dro\u0161\u012bbu. \u0160obr\u012bd robe\u017eas sl\u0113g\u0161ana turpin\u0101sies, un t\u0101s atv\u0113r\u0161ana b\u016bs atkar\u012bga no turpm\u0101k\u0101s situ\u0101cijas att\u012bst\u012bbas un kop\u0113j\u0101s re\u0123ion\u0101l\u0101s dro\u0161\u012bbas garantij\u0101m. Lai gan ofici\u0101li Polija ir atlikusi pl\u0101nus atv\u0113rt robe\u017eu, vi\u0146u izl\u0113m\u012bba un cie\u0161\u0101 koordin\u0101cija ar Lietuvu signaliz\u0113 par stingru nost\u0101ju pret jebk\u0101diem draudiem valstu suverenit\u0101tei un iedz\u012bvot\u0101ju dro\u0161\u012bbai. Tas ir skumji, bet dro\u0161\u012bba \u0161obr\u012bd ir prim\u0101r\u0101.<\/p>\n","protected":false},"excerpt":{"rendered":"Polija stingri turpina robe\u017eas sl\u0113gtas Baltkrievijai Neskatoties uz iepriek\u0161\u0113j\u0101m cer\u012bb\u0101m atvieglot robe\u017ekontaktu, Polija ir apstiprin\u0101jusi savu s\u0101kotn\u0113jo l\u0113mumu&hellip;\n","protected":false},"author":2,"featured_media":37966,"comment_status":"","ping_status":"","sticky":false,"template":"","format":"standard","meta":{"footnotes":""},"categories":[14],"tags":[23,57,2416,28,29,334,32,33,22,30,31,35,39,38,36,37,34,1464,40,20,72,26,27,1588,24,25,54,55,56,21,58],"class_list":{"0":"post-37965","1":"post","2":"type-post","3":"status-publish","4":"format-standard","5":"has-post-thumbnail","7":"category-zinas-no-arvalstim","8":"tag-aktualitates","9":"tag-arvalstim","10":"tag-baltkrievija","11":"tag-breaking-news","12":"tag-breakingnews","13":"tag-drosiba","14":"tag-featured-news","15":"tag-featurednews","16":"tag-headlines","17":"tag-latest-news","18":"tag-latestnews","19":"tag-latvia","20":"tag-latvian","21":"tag-latviesu","22":"tag-latviesu-valoda","23":"tag-latviesuvaloda","24":"tag-latvija","25":"tag-lietuva","26":"tag-lv","27":"tag-news","28":"tag-polija","29":"tag-popularakas-zinas","30":"tag-popularakaszinas","31":"tag-robeza","32":"tag-top-stories","33":"tag-topstories","34":"tag-world","35":"tag-world-news","36":"tag-worldnews","37":"tag-zinas","38":"tag-zinas-no-arvalstim"},"share_on_mastodon":{"url":"https:\/\/pubeurope.com\/@lv\/115481397355233142","error":""},"_links":{"self":[{"href":"https:\/\/www.europesays.com\/lv\/wp-json\/wp\/v2\/posts\/37965","targetHints":{"allow":["GET"]}}],"collection":[{"href":"https:\/\/www.europesays.com\/lv\/wp-json\/wp\/v2\/posts"}],"about":[{"href":"https:\/\/www.europesays.com\/lv\/wp-json\/wp\/v2\/types\/post"}],"author":[{"embeddable":true,"href":"https:\/\/www.europesays.com\/lv\/wp-json\/wp\/v2\/users\/2"}],"replies":[{"embeddable":true,"href":"https:\/\/www.europesays.com\/lv\/wp-json\/wp\/v2\/comments?post=37965"}],"version-history":[{"count":0,"href":"https:\/\/www.europesays.com\/lv\/wp-json\/wp\/v2\/posts\/37965\/revisions"}],"wp:featuredmedia":[{"embeddable":true,"href":"https:\/\/www.europesays.com\/lv\/wp-json\/wp\/v2\/media\/37966"}],"wp:attachment":[{"href":"https:\/\/www.europesays.com\/lv\/wp-json\/wp\/v2\/media?parent=37965"}],"wp:term":[{"taxonomy":"category","embeddable":true,"href":"https:\/\/www.europesays.com\/lv\/wp-json\/wp\/v2\/categories?post=37965"},{"taxonomy":"post_tag","embeddable":true,"href":"https:\/\/www.europesays.com\/lv\/wp-json\/wp\/v2\/tags?post=37965"}],"curies":[{"name":"wp","href":"https:\/\/api.w.org\/{rel}","templated":true}]}}