{"id":37969,"date":"2025-11-02T18:03:08","date_gmt":"2025-11-02T18:03:08","guid":{"rendered":"https:\/\/www.europesays.com\/lv\/37969\/"},"modified":"2025-11-02T18:03:08","modified_gmt":"2025-11-02T18:03:08","slug":"kadi-laikapstakli-gaidami-pirmdien-apollo-lv","status":"publish","type":"post","link":"https:\/\/www.europesays.com\/lv\/37969\/","title":{"rendered":"K\u0101di laikapst\u0101k\u013ci gaid\u0101mi pirmdien? &#8211; Apollo.lv"},"content":{"rendered":"<ol>\n<li><a href=\"https:\/\/news.google.com\/rss\/articles\/CBMickFVX3lxTFA4eENOZjhfM2FGeENTelVZX1g4NGFwN2Z4UHhIVnVUZUNFeDF0UjN1ekFvc1d1RnNtRzk4ZTV0LUV2WHkzNDBzQXJNdW1DMW03REV5YTkyLXJIVWV4c3VxT3V4NmJ2NnQ1dTJDcmxINW1LUQ?oc=5\" target=\"_blank\" rel=\"nofollow noopener\">K\u0101di laikapst\u0101k\u013ci gaid\u0101mi pirmdien?<\/a>&nbsp;&nbsp;Apollo.lv<\/li>\n<li><a href=\"https:\/\/news.google.com\/rss\/articles\/CBMiyAFBVV95cUxQbWh0RFdDYmZ5NDVSTlVJeUpscU8zZDhNTENhZWJjUXlxR0IyMnR4Ullzb19oNEppMmVsMTVRRF9WcGZDMVZiaTBGMXQyTVA4SVF4YUg1NjJQRmpCbG1KYUF0aC1Rejd3VExvcHIzdmM5dDJvdkhpcy04ZmQ2eHlKRmdWeDdwdWVNR3hpbVRvRTBNNXBkakRaaXo2N1BLVU91Z3cwdkdnTUZmN2o3dldEaGNnZFJESUFLNjlUWFQ4dHhmNGhSb2VDNw?oc=5\" target=\"_blank\" rel=\"nofollow noopener\">Jaun\u0101k\u0101 prognoze: Ned\u0113\u013cas s\u0101kums b\u016bs lietains, p\u0113c tam nokri\u0161\u0146u b\u016bs maz\u0101k<\/a>&nbsp;&nbsp;Delfi<\/li>\n<li><a href=\"https:\/\/news.google.com\/rss\/articles\/CBMirwFBVV95cUxORGJUVzc3NHU4NHJIdU9SZkxxdHRhaW00NHVWaHFXOC1EY0ZxLUh5T0JsN0FwMjN4UXptbnR3cVNpVWQwbG5uRnF0TW5nWTFRcjBqendWaHVyYm5SYk1leXAxLWgxUDJFNUNOZFF1dWwwWVJ2MlV3VFljMjlNdlVSdWh3Q1hLRzFNeFRRX3ZydGU3TEZ2RzUwY0JXWnpzUXFsRWx2aGwwTEJPWENBVFdN?oc=5\" target=\"_blank\" rel=\"nofollow noopener\">Jaun\u0101 ned\u0113\u013ca s\u0101ksies ar pel\u0113ku pirmdienu \/ Raksts<\/a>&nbsp;&nbsp;LSM<\/li>\n<li><a href=\"https:\/\/news.google.com\/rss\/articles\/CBMigAFBVV95cUxNQWkyeXUtaDYydy1oY09aYTItNVFYOTNnQVI5bVQxVzQ0YmJ2czZGTkU2VEd2anMtcUk2MThfWi1aTkQzb1NkWC1sLTllWUNkeXd4RUpWbzVfMzRsc3V1RHNRT19uOFBKWE1UMHVhN3JPNkhiUkpUM1JRZ3p4TFE5Wg?oc=5\" target=\"_blank\" rel=\"nofollow noopener\">N\u0101kam\u0101 ned\u0113\u013ca sol\u0101s b\u016bt visai lietaina<\/a>&nbsp;&nbsp;Jauns.lv<\/li>\n<li><a href=\"https:\/\/news.google.com\/rss\/articles\/CBMiuwFBVV95cUxNaC16SjlBVlNsX1ppSmJkNVN6NFNGTnE1Y3Jva2VoMnFuWm9JaERtbFVWbnBhdHhqVFk0Mkk0Z2JMQUdxUHpiNmtrYXRSZkRMTlU1QzFsOHUwczZVTDAtTlFxQXllZ3I1U0lCMThLdG5MM3JTcmxTN2JLWmFCSlY0N1J2X01JMXh1QkVubGdKem0tYlRHY1M1UG9hSkRldVN4UkhlY2p6MU1wLVlVWGNTd1NkQzJuVkpic0ZV?oc=5\" target=\"_blank\" rel=\"nofollow noopener\">Lietus sagaid\u0101ms ar\u012b otrdien: ko \u0146emt v\u0113r\u0101, dodoties \u0101rpus m\u0101j\u0101m?<\/a>&nbsp;&nbsp;Lente.lv<\/li>\n<\/ol>\n","protected":false},"excerpt":{"rendered":"K\u0101di laikapst\u0101k\u013ci gaid\u0101mi pirmdien?&nbsp;&nbsp;Apollo.lv Jaun\u0101k\u0101 prognoze: Ned\u0113\u013cas s\u0101kums b\u016bs lietains, p\u0113c tam nokri\u0161\u0146u b\u016bs maz\u0101k&nbsp;&nbsp;Delfi Jaun\u0101 ned\u0113\u013ca s\u0101ksies&hellip;\n","protected":false},"author":2,"featured_media":37970,"comment_status":"","ping_status":"","sticky":false,"template":"","format":"standard","meta":{"footnotes":""},"categories":[12],"tags":[23,28,29,32,33,22,396,397,30,31,35,39,38,36,37,34,40,20,7938,26,27,24,25,21],"class_list":{"0":"post-37969","1":"post","2":"type-post","3":"status-publish","4":"format-standard","5":"has-post-thumbnail","7":"category-latvija","8":"tag-aktualitates","9":"tag-breaking-news","10":"tag-breakingnews","11":"tag-featured-news","12":"tag-featurednews","13":"tag-headlines","14":"tag-laika-zinas","15":"tag-laikapstakli","16":"tag-latest-news","17":"tag-latestnews","18":"tag-latvia","19":"tag-latvian","20":"tag-latviesu","21":"tag-latviesu-valoda","22":"tag-latviesuvaloda","23":"tag-latvija","24":"tag-lv","25":"tag-news","26":"tag-pirmdiena","27":"tag-popularakas-zinas","28":"tag-popularakaszinas","29":"tag-top-stories","30":"tag-topstories","31":"tag-zinas"},"share_on_mastodon":{"url":"https:\/\/pubeurope.com\/@lv\/115481424964667255","error":""},"_links":{"self":[{"href":"https:\/\/www.europesays.com\/lv\/wp-json\/wp\/v2\/posts\/37969","targetHints":{"allow":["GET"]}}],"collection":[{"href":"https:\/\/www.europesays.com\/lv\/wp-json\/wp\/v2\/posts"}],"about":[{"href":"https:\/\/www.europesays.com\/lv\/wp-json\/wp\/v2\/types\/post"}],"author":[{"embeddable":true,"href":"https:\/\/www.europesays.com\/lv\/wp-json\/wp\/v2\/users\/2"}],"replies":[{"embeddable":true,"href":"https:\/\/www.europesays.com\/lv\/wp-json\/wp\/v2\/comments?post=37969"}],"version-history":[{"count":0,"href":"https:\/\/www.europesays.com\/lv\/wp-json\/wp\/v2\/posts\/37969\/revisions"}],"wp:featuredmedia":[{"embeddable":true,"href":"https:\/\/www.europesays.com\/lv\/wp-json\/wp\/v2\/media\/37970"}],"wp:attachment":[{"href":"https:\/\/www.europesays.com\/lv\/wp-json\/wp\/v2\/media?parent=37969"}],"wp:term":[{"taxonomy":"category","embeddable":true,"href":"https:\/\/www.europesays.com\/lv\/wp-json\/wp\/v2\/categories?post=37969"},{"taxonomy":"post_tag","embeddable":true,"href":"https:\/\/www.europesays.com\/lv\/wp-json\/wp\/v2\/tags?post=37969"}],"curies":[{"name":"wp","href":"https:\/\/api.w.org\/{rel}","templated":true}]}}