{"id":37975,"date":"2025-11-02T18:10:09","date_gmt":"2025-11-02T18:10:09","guid":{"rendered":"https:\/\/www.europesays.com\/lv\/37975\/"},"modified":"2025-11-02T18:10:09","modified_gmt":"2025-11-02T18:10:09","slug":"zzs-deputati-pinas-argumentos-kapec-jaatcel-stambulas-konvencija","status":"publish","type":"post","link":"https:\/\/www.europesays.com\/lv\/37975\/","title":{"rendered":"ZZS deput\u0101ti pinas argumentos, k\u0101p\u0113c j\u0101atce\u013c Stambulas konvencija"},"content":{"rendered":"<p>Dienu pirms balsojuma Saeim\u0101, Latvija sa\u0146\u0113ma v\u0113stuli no 7 valstu parlamentu l\u012bderiem, kas k\u0101 saka \u0101rlietu ministrija, diplom\u0101tij\u0101 nav ikdieni\u0161\u0137a prakse.<\/p>\n<p>Neraugoties uz Saeimas balsojumu, n\u0101kamned\u0113\u013c Latvij\u0101 j\u0101ierodas Eiropas Padomes neatkar\u012bgiem ekspertiem, kas uzrauga k\u0101 Stambulas konvencijas dal\u012bbvalstis r\u016bp\u0113jas par vardarb\u012bbas apkaro\u0161anu. Latvij\u0101 \u0161ie speci\u0101listi v\u0113l nav biju\u0161i, bet, piem\u0113ram, Igaunij\u0101 tie str\u0101d\u0101ju\u0161i jau atk\u0101rtoti. Vi\u0146i p\u0101rbauda vai nav caurumi likumos, k\u0101 darbojas policija. Un sast\u0101da darbu sarakstu, kas dal\u012bbvalst\u012bm l\u012bdz n\u0101kamajai p\u0101rbaudei ir j\u0101paveic. Neraugoties uz to, k\u0101das partijas un ar k\u0101diem uzskatiem vada valsti, \u0161ie uzdevumi j\u0101pilda. \u201cEkspertu grupa c\u012b\u0146ai pret vardarb\u012bbu pret sieviet\u0113m un vardarb\u012bbu \u0123imen\u0113\u201d jeb sa\u012bsin\u0101jum\u0101 GREVIO (Group of Experts on Action against Violence against Women and Domestic Violence) visticam\u0101k savu p\u0101rbaudi m\u016bsu valst\u012b \u0161oreiz veiks, jo Latvija no konvencijas v\u0113l nav izst\u0101jusies. Ja v\u0113l\u0101k \u0161\u0101ds solis sekos, starptautisk\u0101 uzraudz\u012bba beigsies.<\/p>\n<p><a href=\"https:\/\/www.apollo.lv\/term\/566698\/zzs\" class=\"topicLink\" target=\"_blank\" rel=\"nofollow noopener\">ZZS<\/a> domu mai\u0146a saist\u012bta ar partijas iek\u0161ien\u0113 notiku\u0161u biedru aptauju p\u0113c sliktajiem rezult\u0101tiem pa\u0161vald\u012bbu v\u0113l\u0113\u0161an\u0101s. Daudzi vecbiedri zaud\u0113ja iesild\u012btos kr\u0113slus vietvar\u0101s un taj\u0101 vainoja Saeimas kol\u0113\u0123u balsojumu atbalstot konvenciju, kas apkaro vardarb\u012bbu. \u0160\u0101ds t\u012brs politiskais apr\u0113\u0137ins ir sekas ceturtdien notiku\u0161ajam parlament\u0101. T\u0101p\u0113c daudziem deput\u0101tiem ir pagr\u016bti atbild\u0113t uz vienk\u0101r\u0161u jaut\u0101jumu &#8211; \u201ckas slikts noticis laik\u0101, kam\u0113r konvencija bijusi sp\u0113k\u0101?\u201d<\/p>\n<p>Starptautiski Saeimas balsojums izskan\u0113ja pla\u0161i. N\u0101kamaj\u0101 dien\u0101 satrauktus jaut\u0101jumus deput\u0101tu virzien\u0101 raid\u012bja ar\u012b lielo \u0101rvalstu uz\u0146\u0113mumu p\u0101rst\u0101vji, kuri satik\u0101s ar Vald\u012bbas ministriem. Lai ar\u012b Ekonomikas ministrs mums apgalvoja, ka biznesme\u0146i nomierin\u0101ti un sapratu\u0161i, ka Latvija paliekot \u201cEiropas v\u0113rt\u012bbu telp\u0101\u201d, sarun\u0101 ar Nek\u0101 person\u012bga \u0100rvalstu investoru padomes vad\u012bt\u0101js saka pavisam ko citu.<\/p>\n","protected":false},"excerpt":{"rendered":"Dienu pirms balsojuma Saeim\u0101, Latvija sa\u0146\u0113ma v\u0113stuli no 7 valstu parlamentu l\u012bderiem, kas k\u0101 saka \u0101rlietu ministrija, diplom\u0101tij\u0101&hellip;\n","protected":false},"author":2,"featured_media":37976,"comment_status":"","ping_status":"","sticky":false,"template":"","format":"standard","meta":{"footnotes":""},"categories":[5],"tags":[23,28,29,32,33,22,30,31,35,39,38,36,37,34,40,20,26,27,141,2023,24,25,21,666],"class_list":{"0":"post-37975","1":"post","2":"type-post","3":"status-publish","4":"format-standard","5":"has-post-thumbnail","7":"category-aktualitates","8":"tag-aktualitates","9":"tag-breaking-news","10":"tag-breakingnews","11":"tag-featured-news","12":"tag-featurednews","13":"tag-headlines","14":"tag-latest-news","15":"tag-latestnews","16":"tag-latvia","17":"tag-latvian","18":"tag-latviesu","19":"tag-latviesu-valoda","20":"tag-latviesuvaloda","21":"tag-latvija","22":"tag-lv","23":"tag-news","24":"tag-popularakas-zinas","25":"tag-popularakaszinas","26":"tag-saeima","27":"tag-stambulas-konvencija","28":"tag-top-stories","29":"tag-topstories","30":"tag-zinas","31":"tag-zzs"},"share_on_mastodon":{"url":"https:\/\/pubeurope.com\/@lv\/115481452427482138","error":""},"_links":{"self":[{"href":"https:\/\/www.europesays.com\/lv\/wp-json\/wp\/v2\/posts\/37975","targetHints":{"allow":["GET"]}}],"collection":[{"href":"https:\/\/www.europesays.com\/lv\/wp-json\/wp\/v2\/posts"}],"about":[{"href":"https:\/\/www.europesays.com\/lv\/wp-json\/wp\/v2\/types\/post"}],"author":[{"embeddable":true,"href":"https:\/\/www.europesays.com\/lv\/wp-json\/wp\/v2\/users\/2"}],"replies":[{"embeddable":true,"href":"https:\/\/www.europesays.com\/lv\/wp-json\/wp\/v2\/comments?post=37975"}],"version-history":[{"count":0,"href":"https:\/\/www.europesays.com\/lv\/wp-json\/wp\/v2\/posts\/37975\/revisions"}],"wp:featuredmedia":[{"embeddable":true,"href":"https:\/\/www.europesays.com\/lv\/wp-json\/wp\/v2\/media\/37976"}],"wp:attachment":[{"href":"https:\/\/www.europesays.com\/lv\/wp-json\/wp\/v2\/media?parent=37975"}],"wp:term":[{"taxonomy":"category","embeddable":true,"href":"https:\/\/www.europesays.com\/lv\/wp-json\/wp\/v2\/categories?post=37975"},{"taxonomy":"post_tag","embeddable":true,"href":"https:\/\/www.europesays.com\/lv\/wp-json\/wp\/v2\/tags?post=37975"}],"curies":[{"name":"wp","href":"https:\/\/api.w.org\/{rel}","templated":true}]}}