{"id":37991,"date":"2025-11-02T18:28:08","date_gmt":"2025-11-02T18:28:08","guid":{"rendered":"https:\/\/www.europesays.com\/lv\/37991\/"},"modified":"2025-11-02T18:28:08","modified_gmt":"2025-11-02T18:28:08","slug":"nepamatoti-e-zvani-no-automasinam-rada-lieku-slodzi-glabejiem-lente-lv","status":"publish","type":"post","link":"https:\/\/www.europesays.com\/lv\/37991\/","title":{"rendered":"Nepamatoti e-zvani no automa\u0161\u012bn\u0101m rada lieku slodzi gl\u0101b\u0113jiem\u00a0\u2014\u00a0Lente.lv"},"content":{"rendered":"<p>Gl\u0101b\u0113ji sa\u0146em arvien vair\u0101k nepamatotu e-zvanu no automa\u0161\u012bn\u0101m<\/p>\n<p>Gl\u0101b\u0161anas dienesti Latvij\u0101 saskaras ar satrauco\u0161u tendenci \u2013 pieaug nepamatotu autom\u0101tisko av\u0101rijas zvanu jeb e-zvanu skaits no automa\u0161\u012bn\u0101m. \u0160\u012bs sist\u0113mas, kas paredz\u0113tas pal\u012bdz\u012bbas izsauk\u0161anai autom\u0101tisk\u0101 re\u017e\u012bm\u0101 ce\u013cu satiksmes negad\u012bjumos, aizvien bie\u017e\u0101k tiek aktiviz\u0113tas k\u013c\u016bdaini vai nejau\u0161i, radot liekus resursu pat\u0113ri\u0146us un aizkav\u0113jot pal\u012bdz\u012bbas snieg\u0161anu re\u0101l\u0101s briesmu situ\u0101cij\u0101s.<\/p>\n<p>E-zvans ir moderna dro\u0161\u012bbas sist\u0113ma, kas integr\u0113ta jaun\u0101k\u0101s paaudzes automa\u0161\u012bn\u0101s, galvenok\u0101rt t\u0101m, kas ra\u017eotas Eiropas Savien\u012bbas tirgum kop\u0161 2018. gada. T\u0101s pamatfunkcija ir autom\u0101tiski izsaukt pal\u012bdz\u012bbu, sazinoties ar 112 numuru, ja transportl\u012bdzeklis piedz\u012bvo smagu av\u0101riju un pasa\u017eieri nesp\u0113j pa\u0161i rea\u0123\u0113t. Sist\u0113mu iesp\u0113jams aktiviz\u0113t ar\u012b manu\u0101li, nospie\u017eot speci\u0101lu pogu. Tom\u0113r statistika liecina, ka liela da\u013ca \u0161o zvanu nav saist\u012bti ar re\u0101liem negad\u012bjumiem. Piem\u0113ram, vienas tr\u012bs dienu laik\u0101 Valsts ugunsdz\u0113s\u012bbas un gl\u0101b\u0161anas dienests (VUGD) sa\u0146\u0113mis vienpadsmit nepamatotus e-zvanus, kas ir iev\u0113rojams skaits un raisa ba\u017eas.<\/p>\n<p>Nepamatotu zvanu iemesli un sekas<\/p>\n<p>K\u0101 skaidro VUGD p\u0101rst\u0101vji, sa\u0146emot e-zvana sign\u0101lu, dienesti vienm\u0113r pie\u0146em, ka noticis visslikt\u0101kais \u2013 ce\u013cu satiksmes negad\u012bjums ar cietu\u0161ajiem. Tas noz\u012bm\u0113, ka nekav\u0113joties tiek nos\u016bt\u012btas neatliekam\u0101s pal\u012bdz\u012bbas ma\u0161\u012bnas, k\u0101 ar\u012b inform\u0113ta policija un medi\u0137i. Tom\u0113r bie\u017ei vien \u0161ie izsaukumi izr\u0101d\u0101s viltus trauksmes. Galvenie iemesli nepamatotiem zvaniem ir nejau\u0161a pogas nospie\u0161ana, piem\u0113ram, b\u0113rniem sp\u0113l\u0113joties automa\u0161\u012bn\u0101, vai ar\u012b sist\u0113mas k\u013c\u016bdainas aktiviz\u0101cijas vieglu sadursmju rezult\u0101t\u0101. Ir svar\u012bgi saprast, ka katrs \u0161\u0101ds nepatiesais izsaukums noz\u012bm\u0113 resursu novirz\u012b\u0161anu prom no re\u0101l\u0101m kr\u012bz\u0113m, potenci\u0101li apdraudot dz\u012bv\u012bbas, kur\u0101m pal\u012bdz\u012bba patie\u0161\u0101m ir nepiecie\u0161ama.<\/p>\n<p>Ko dar\u012bt, ja e-zvans aktiviz\u0113ts nejau\u0161i?<\/p>\n<p>Gl\u0101b\u0161anas dienests uzsver, ka, ja e-zvana sist\u0113ma ir aktiviz\u0113jusies nejau\u0161i vai t\u0101 rezult\u0101t\u0101 notikusi neliela sadursme, ir \u013coti svar\u012bgi nekav\u0113joties sazin\u0101ties ar dispe\u010deriem un inform\u0113t par situ\u0101ciju. Ja dispe\u010deram izdevies sazin\u0101ties ar zvan\u012bt\u0101ju, j\u0101sniedz prec\u012bza inform\u0101cija par notiku\u0161o un atra\u0161an\u0101s vietu. Ja atbildes nav, gl\u0101b\u0161anas dienesti ir spiesti rea\u0123\u0113t piln\u0101 apm\u0113r\u0101, pie\u0146emot, ka notikusi nopietna av\u0101rija. Sist\u0113mas uzdevums ir pal\u012bdz\u0113t cilv\u0113kiem b\u0113d\u0101s, un t\u0101s pareiza lieto\u0161ana ir ikviena autovad\u012bt\u0101ja un pasa\u017eiera atbild\u012bba, lai nodro\u0161in\u0101tu efekt\u012bvu un \u0101tru pal\u012bdz\u012bbu tiem, kam t\u0101 visvair\u0101k nepiecie\u0161ama.<\/p>\n","protected":false},"excerpt":{"rendered":"Gl\u0101b\u0113ji sa\u0146em arvien vair\u0101k nepamatotu e-zvanu no automa\u0161\u012bn\u0101m Gl\u0101b\u0161anas dienesti Latvij\u0101 saskaras ar satrauco\u0161u tendenci \u2013 pieaug nepamatotu&hellip;\n","protected":false},"author":2,"featured_media":37992,"comment_status":"","ping_status":"","sticky":false,"template":"","format":"standard","meta":{"footnotes":""},"categories":[5],"tags":[11095,23,1494,28,29,11093,32,33,2291,22,30,31,35,39,38,36,37,34,40,11094,20,26,27,24,25,21],"class_list":{"0":"post-37991","1":"post","2":"type-post","3":"status-publish","4":"format-standard","5":"has-post-thumbnail","7":"category-aktualitates","8":"tag-11095","9":"tag-aktualitates","10":"tag-automasinas","11":"tag-breaking-news","12":"tag-breakingnews","13":"tag-e-zvans","14":"tag-featured-news","15":"tag-featurednews","16":"tag-glabeji","17":"tag-headlines","18":"tag-latest-news","19":"tag-latestnews","20":"tag-latvia","21":"tag-latvian","22":"tag-latviesu","23":"tag-latviesu-valoda","24":"tag-latviesuvaloda","25":"tag-latvija","26":"tag-lv","27":"tag-nepamatoti-zvani","28":"tag-news","29":"tag-popularakas-zinas","30":"tag-popularakaszinas","31":"tag-top-stories","32":"tag-topstories","33":"tag-zinas"},"share_on_mastodon":{"url":"https:\/\/pubeurope.com\/@lv\/115481523229373570","error":""},"_links":{"self":[{"href":"https:\/\/www.europesays.com\/lv\/wp-json\/wp\/v2\/posts\/37991","targetHints":{"allow":["GET"]}}],"collection":[{"href":"https:\/\/www.europesays.com\/lv\/wp-json\/wp\/v2\/posts"}],"about":[{"href":"https:\/\/www.europesays.com\/lv\/wp-json\/wp\/v2\/types\/post"}],"author":[{"embeddable":true,"href":"https:\/\/www.europesays.com\/lv\/wp-json\/wp\/v2\/users\/2"}],"replies":[{"embeddable":true,"href":"https:\/\/www.europesays.com\/lv\/wp-json\/wp\/v2\/comments?post=37991"}],"version-history":[{"count":0,"href":"https:\/\/www.europesays.com\/lv\/wp-json\/wp\/v2\/posts\/37991\/revisions"}],"wp:featuredmedia":[{"embeddable":true,"href":"https:\/\/www.europesays.com\/lv\/wp-json\/wp\/v2\/media\/37992"}],"wp:attachment":[{"href":"https:\/\/www.europesays.com\/lv\/wp-json\/wp\/v2\/media?parent=37991"}],"wp:term":[{"taxonomy":"category","embeddable":true,"href":"https:\/\/www.europesays.com\/lv\/wp-json\/wp\/v2\/categories?post=37991"},{"taxonomy":"post_tag","embeddable":true,"href":"https:\/\/www.europesays.com\/lv\/wp-json\/wp\/v2\/tags?post=37991"}],"curies":[{"name":"wp","href":"https:\/\/api.w.org\/{rel}","templated":true}]}}