{"id":37996,"date":"2025-11-02T18:36:18","date_gmt":"2025-11-02T18:36:18","guid":{"rendered":"https:\/\/www.europesays.com\/lv\/37996\/"},"modified":"2025-11-02T18:36:18","modified_gmt":"2025-11-02T18:36:18","slug":"nba-azartspeles-paradi-un-naves-nepieradita-sazverestiba-par-maiklu-dzordanu","status":"publish","type":"post","link":"https:\/\/www.europesays.com\/lv\/37996\/","title":{"rendered":"NBA, azartsp\u0113les, par\u0101di un n\u0101ves&#8230; Nepier\u0101d\u012bt\u0101 sazv\u0113rest\u012bba par Maiklu D\u017eordanu"},"content":{"rendered":"<p>Jaun\u0101s <a rel=\"noopener nofollow\" target=\"_blank\" href=\"https:\/\/www.delfi.lv\/temas\/35299954\/nba\" tag-id=\"35299954\">NBA<\/a> sezonas ievad\u0101 basketbolu aiz\u0113nojis skand\u0101ls, kur\u0101 da\u017e\u0101d\u0101s krimin\u0101l\u0101s darb\u012bb\u0101s iesaist\u012btas virkne l\u012bgas p\u0101rst\u0101vju. Pat ne vienk\u0101r\u0161i p\u0101rst\u0101vju, bet pat Basketbola Slavas z\u0101les iem\u012btnieku! Kam\u0113r konkr\u0113tas aps\u016bdz\u012bbas v\u0113l tikai top, t\u012bmekli p\u0101r\u0161alc sazv\u0113rnieku teorijas&#8230; NBA, slaven\u012bba, azartsp\u0113les un sazv\u0113rest\u012bbas \u2013 kombin\u0101cija, kas raisa asoci\u0101cijas un t\u0101 vien pras\u0101s pagremd\u0113ties atmi\u0146\u0101s par laiku, kad NBA pameta visu laiku izcil\u0101kais sp\u0113l\u0113t\u0101js\u2026 lai p\u0113c br\u012bti\u0146a atgrieztos un joproj\u0101m neb\u016btu p\u0101rsp\u0113jams!<\/p>\n<p>&#8220;D\u017eordans kop\u0101 ar draugu komp\u0101niju dev\u0101s ned\u0113\u013cu ilg\u0101 azartsp\u0113\u013cu t\u016br\u0113 sav\u0101 m\u0101j\u0101 Zieme\u013ckarol\u012bn\u0101, visu dienu sp\u0113l\u0113jot golfu un visu nakti sp\u0113l\u0113jot pokeru. Ned\u0113\u013cas beig\u0101s D\u017eordans bija par\u0101d\u0101 D\u017eeimsam Bouleram 57 000 dol\u0101ru, bet Edijam Dovam \u2013 108 000 dol\u0101ru. Fakts pats part sevi neb\u016btu nekas t\u0101ds, ja vien Boulers neb\u016btu noties\u0101ts koka\u012bna d\u012bleris un divreiz pabijis prob\u0101cij\u0101 par neleg\u0101lu iero\u010du tur\u0113\u0161anu,&#8221; uz 1991. gada notikumiem atsaucas 2010. gad\u0101 public\u0113t\u0101 Braiena Tuohija gr\u0101mata &#8220;The Fix Is In&#8221;. T\u0101 k\u0101 Bouleru atk\u0101rtoti izmekl\u0113ja par koka\u012bna p\u0101rdo\u0161anu, kad vi\u0146\u0161 naudu aiznesa uz banku, lai ieskait\u012btu sav\u0101 kont\u0101, ie\u0146\u0113mumu dienests to nekav\u0113joties &#8220;iesald\u0113ja&#8221;. Un tie\u0161i te st\u0101st\u0101 par\u0101d\u012bj\u0101s D\u017eordana v\u0101rds. Vi\u0146\u0161 medijiem meloja, ka aizdevis naudu draugam, kur\u0161 v\u0113las izveidot golfa laukumu.<\/p>\n<p>Da\u017eus m\u0113ne\u0161us v\u0113l\u0101k laup\u012b\u0161an\u0101, nozogot 20 000 dol\u0101ru, tika nogalin\u0101ts Dovs. Izmekl\u0113t\u0101ji vi\u0146a person\u012bgaj\u0101s liet\u0101s atrada tr\u012bs \u010dekus ar kop\u0113jo summu 108 t\u016bksto\u0161u apm\u0113r\u0101 \u2013 tie\u0161i tik, cik D\u017eordans vi\u0146am bija par\u0101d\u0101. Ta\u010du tas viss v\u0113l izr\u0101d\u012bj\u0101s tikai s\u0101kums&#8230;<\/p>\n<p>Lai turpin\u0101tu las\u012bt, ieg\u0101d\u0101jies abonementu.<\/p>\n<p class=\"fs-4\">L\u016bdzu, uzgaidi!<\/p>\n<p class=\"fs-5\">Piel\u0101gojam Tev piem\u0113rot\u0101ko abon\u0113\u0161anas pied\u0101v\u0101jumu&#8230;<\/p>\n<p class=\"lh-1 fs-6 text-muted pt-3 mt-5\">Abon\u0113\u0161anas pied\u0101v\u0101jums nav redzams? L\u016bdzu, izsl\u0113dz rekl\u0101mu blo\u0137\u0113t\u0101ju vai  p\u0101rl\u0101d\u0113 lapu.<br \/>Jaut\u0101jumu gad\u012bjum\u0101 raksti <a href=\"https:\/\/www.delfi.lv\/mvp\/51891067\/vintaza\/120093457\/mailto:konts@delfi.lv\" class=\"text-primary\" rel=\"nofollow noopener\" target=\"_blank\">konts@delfi.lv<\/a><\/p>\n<p class=\"m-0\">Seko &#8220;Delfi&#8221; ar\u012b  <a target=\"_blank\" href=\"https:\/\/www.instagram.com\/delfi.lv\/\" rel=\"nofollow noopener\">Instagram<\/a>  un <a target=\"_blank\" href=\"https:\/\/www.youtube.com\/channel\/UCw5foWtcJvAbUm64rv7jwUQ\" rel=\"nofollow noopener\">YouTube<\/a>  profil\u0101 \u2013 pievienojies, lai uzzin\u0101tu svar\u012bg\u0101ko un interesant\u0101ko pirmais!<\/p>\n<p>Publik\u0101cijas saturs vai t\u0101s jebk\u0101da apjoma da\u013ca ir aizsarg\u0101ts autorties\u012bbu objekts Autorties\u012bbu likuma izpratn\u0113, un t\u0101 izmanto\u0161ana bez izdev\u0113ja at\u013caujas ir aizliegta. Vair\u0101k lasi  <a target=\"_blank\" href=\"https:\/\/www.delfi.lv\/noteikumi#autortiesibas\" rel=\"nofollow noopener\">\u0161eit<\/a><script async src=\"\/\/www.instagram.com\/embed.js\"><\/script><\/p>\n","protected":false},"excerpt":{"rendered":"Jaun\u0101s NBA sezonas ievad\u0101 basketbolu aiz\u0113nojis skand\u0101ls, kur\u0101 da\u017e\u0101d\u0101s krimin\u0101l\u0101s darb\u012bb\u0101s iesaist\u012btas virkne l\u012bgas p\u0101rst\u0101vju. Pat ne vienk\u0101r\u0161i&hellip;\n","protected":false},"author":2,"featured_media":37997,"comment_status":"","ping_status":"","sticky":false,"template":"","format":"standard","meta":{"footnotes":""},"categories":[17],"tags":[3976,11025,11022,11024,35,39,38,36,37,34,40,11023,1258,67],"class_list":{"0":"post-37996","1":"post","2":"type-post","3":"status-publish","4":"format-standard","5":"has-post-thumbnail","7":"category-sports","8":"tag-atelpas-bridim","9":"tag-azartspelu-atkariba","10":"tag-bulls","11":"tag-deivids-sterns","12":"tag-latvia","13":"tag-latvian","14":"tag-latviesu","15":"tag-latviesu-valoda","16":"tag-latviesuvaloda","17":"tag-latvija","18":"tag-lv","19":"tag-maikls-dzordans","20":"tag-nba","21":"tag-sports"},"share_on_mastodon":{"url":"https:\/\/pubeurope.com\/@lv\/115481554693853367","error":""},"_links":{"self":[{"href":"https:\/\/www.europesays.com\/lv\/wp-json\/wp\/v2\/posts\/37996","targetHints":{"allow":["GET"]}}],"collection":[{"href":"https:\/\/www.europesays.com\/lv\/wp-json\/wp\/v2\/posts"}],"about":[{"href":"https:\/\/www.europesays.com\/lv\/wp-json\/wp\/v2\/types\/post"}],"author":[{"embeddable":true,"href":"https:\/\/www.europesays.com\/lv\/wp-json\/wp\/v2\/users\/2"}],"replies":[{"embeddable":true,"href":"https:\/\/www.europesays.com\/lv\/wp-json\/wp\/v2\/comments?post=37996"}],"version-history":[{"count":0,"href":"https:\/\/www.europesays.com\/lv\/wp-json\/wp\/v2\/posts\/37996\/revisions"}],"wp:featuredmedia":[{"embeddable":true,"href":"https:\/\/www.europesays.com\/lv\/wp-json\/wp\/v2\/media\/37997"}],"wp:attachment":[{"href":"https:\/\/www.europesays.com\/lv\/wp-json\/wp\/v2\/media?parent=37996"}],"wp:term":[{"taxonomy":"category","embeddable":true,"href":"https:\/\/www.europesays.com\/lv\/wp-json\/wp\/v2\/categories?post=37996"},{"taxonomy":"post_tag","embeddable":true,"href":"https:\/\/www.europesays.com\/lv\/wp-json\/wp\/v2\/tags?post=37996"}],"curies":[{"name":"wp","href":"https:\/\/api.w.org\/{rel}","templated":true}]}}