{"id":37998,"date":"2025-11-02T18:38:08","date_gmt":"2025-11-02T18:38:08","guid":{"rendered":"https:\/\/www.europesays.com\/lv\/37998\/"},"modified":"2025-11-02T18:38:08","modified_gmt":"2025-11-02T18:38:08","slug":"zviedrijas-pievienosanas-nato-kas-mainijies-raksts","status":"publish","type":"post","link":"https:\/\/www.europesays.com\/lv\/37998\/","title":{"rendered":"Zviedrijas pievieno\u0161an\u0101s NATO \u2013 kas main\u012bjies \/ Raksts"},"content":{"rendered":"<p>V\u0113l pirms p\u0101ris gadiem Zviedrija un Somija stingri tur\u0113j\u0101s pie milit\u0101r\u0101s neitralit\u0101tes politikas, ta\u010du Krievijas pilna m\u0113roga iebrukums Ukrain\u0101 2022. gad\u0101 rad\u012bja milzu satricin\u0101jumu Eiropas dro\u0161\u012bbas arhitekt\u016br\u0101. Ba\u017eas par Krievijas agresiju Baltijas j\u016bras re\u0123ion\u0101 pav\u0113ra ce\u013cu tam, lai Stokholma un Helsinki p\u0101rsteidzo\u0161i \u0101tri lemtu par pievieno\u0161anos NATO \u2013 lau\u017eot gadu desmitiem ilgu\u0161o neitralit\u0101ti. Tie\u0161i dro\u0161\u012bbas t\u0113ma \u0161oned\u0113\u013c bija viena no centr\u0101laj\u0101m Zviedrijas galvaspils\u0113t\u0101 Stokholm\u0101.<\/p>\n<p>Zieme\u013cvalst\u012bm aizsardz\u012bbas jom\u0101 p\u0113d\u0113jo gadu laik\u0101 neap\u0161aub\u0101mi liel\u0101kais notikums bijusi Zviedrijas un Somijas pievieno\u0161an\u0101s NATO. Zviedrija k\u013cuva par alianses 32. dal\u012bbvalsti p\u0113rn mart\u0101, gadu p\u0113c Somijas. Bet D\u0101nija, Norv\u0113\u0123ija un Islande p\u0101rst\u0101v NATO jau vair\u0101k nek\u0101 75 gadus, un bija starp organiz\u0101cijas dibin\u0101t\u0101jvalst\u012bm. Tas noz\u012bm\u0113, ka \u0161obr\u012bd zieme\u013cvalstu telpa ir zem vienota NATO aizsardz\u012bbas jumta \u2013 no Arktikas l\u012bdz pat Baltijas j\u016brai.<\/p>\n<p>&#8220;Kar\u0161 Ukrain\u0101 un Krievijas neapdom\u012bg\u0101 r\u012bc\u012bba Baltijas j\u016bras re\u0123ion\u0101 padar\u012bjusi m\u016bsu re\u0123ionu par karsto zonu. Tas main\u012bjis m\u016bsu darbu Eiropas Savien\u012bb\u0101 un starp Zieme\u013cvalst\u012bm. Maz\u0101s valstis zina, ka mums ir j\u0101str\u0101d\u0101 kop\u0101, lai m\u0113s b\u016btu stipr\u0101ki,&#8221; sac\u012bja\u00a0Somijas premjerministrs\u00a0Petteri Orpo.<\/p>\n<p>&#8220;\u0160obr\u012bd m\u0113s saskaramies ar liel\u0101kajiem draudiem kop\u0161 Otr\u0101 pasaules kara. Krievija cen\u0161as v\u0101jin\u0101t m\u016bsu sabiedr\u012bbu, m\u016bsu sabiedr\u012bbas, un m\u016bs sa\u0161\u0137elt. Ta\u010du vi\u0146iem j\u0101zina, ka tas nekad neizdosies,&#8221; nor\u0101d\u012bja\u00a0D\u0101nijas premjerministre\u00a0Mete Frederiksena.<\/p>\n<blockquote>\n<p>Zviedru diplom\u0101ts P\u012bters Semnebijs, kur\u0161 2000. gadu s\u0101kum\u0101 savulaik pal\u012bdz\u0113ja Latvijai ar iest\u0101\u0161anos Eiropas Savien\u012bb\u0101, uzskata \u2013 p\u0113c iest\u0101\u0161an\u0101s NATO cilv\u0113ki j\u016btas dro\u0161\u0101k, jo tagad Zviedrija ir da\u013ca no pla\u0161\u0101kas sist\u0113mas.<\/p>\n<p>\u00a0<\/p>\n<\/blockquote>\n<p>&#8220;Vissvar\u012bg\u0101k\u0101s p\u0101rmai\u0146as notika pirms pievieno\u0161an\u0101s NATO, kad notika Krievijas uzbrukums Ukrainai. Tas rad\u012bja lielu nenoteikt\u012bbu un pav\u0113ra ce\u013cu p\u0101rsteidzo\u0161i \u0101tram pievieno\u0161an\u0101s procesam. Jo p\u0113k\u0161\u0146i izr\u0101d\u012bj\u0101s, ka m\u0113s, iesp\u0113jams, neesam tik dro\u0161i, k\u0101 bij\u0101m dom\u0101ju\u0161i,&#8221; teica\u00a0Semnebijs. Jaut\u0101ts, vai\u00a0cilv\u0113ki p\u0113c pievieno\u0161an\u0101s NATO j\u016btas dro\u0161\u0101k, vi\u0146\u0161 sac\u012bja: &#8220;Es dom\u0101ju, ka j\u0101. Ir svar\u012bgi zin\u0101t, ka m\u0113s esam da\u013ca no pla\u0161\u0101ka ietvara, kur\u0101 mums ir draugi un sabiedrotie.&#8221;<\/p>\n<p>Uz ielas satiktie Stokholmas iedz\u012bvot\u0101ji gan lielas izmai\u0146as nej\u016bt.<\/p>\n<p>LTV: Vai, j\u016bsupr\u0101t, kaut kas ir main\u012bjies kop\u0161 Zviedrijas pievieno\u0161an\u0101s NATO?<\/p>\n<p>Robins un Ri\u010dards: Nekas \u012bpa\u0161s. N\u0113, nekas.<\/p>\n<p>LTV: Vai j\u016btaties dro\u0161\u0101k?<\/p>\n<p>Robins un Ri\u010dards: Es dom\u0101ju, ka paties\u012bb\u0101 nej\u016btu nek\u0101du at\u0161\u0137ir\u012bbu. Un tas ir tie\u0161i tas pats. Neesmu paman\u012bjis izmai\u0146as. Es dom\u0101ju, ka tas vair\u0101k attiecas uz, piem\u0113ram, politi\u0137iem, varb\u016bt&#8230; Un lieta ir t\u0101da, ka Skandin\u0101vija kopum\u0101 vienm\u0113r ir \u0161\u0137itusi k\u0101 vienots veselums.<\/p>\n<p>Jannike: Es \u012bsti par to neesmu dom\u0101jusi. Vien\u012bgais, par ko m\u0113s par to run\u0101j\u0101m, ir, ka mans d\u0113ls p\u0113c da\u017eiem gadiem pievienosies armijai. Un m\u0113s run\u0101j\u0101m par to, ka varb\u016bt vi\u0146\u0161 tiks nor\u012bkots kaut kur citur. Bet es p\u0101rmai\u0146as neesmu izjutusi. Neesmu jutusies dro\u0161\u0101k vai ar\u012b nedro\u0161\u0101k. T\u0101tad \u012bstas at\u0161\u0137ir\u012bbas nav, vismaz pagaid\u0101m.<\/p>\n<p>Adams un Ians: Es person\u012bgi nej\u016btu nek\u0101das izmai\u0146as. Es neesmu paman\u012bjis nek\u0101das izmai\u0146as. Manupr\u0101t, viss joproj\u0101m ir t\u0101pat k\u0101 vienm\u0113r.<\/p>\n<p>L\u012bdz ar pievieno\u0161anos NATO, Zviedrija kop\u0161 gada s\u0101kuma savus karav\u012brus izvietojusi ar\u012b Latvij\u0101.<\/p>\n<p>                    Valodas k\u013c\u016bda rakst\u0101?<\/p>\n<p class=\"d-none d-md-block\">Iez\u012bm\u0113jiet tekstu un spiediet Ctrl+Enter, lai nos\u016bt\u012btu labojamo teksta fragmentu redaktoram! Par faktu k\u013c\u016bd\u0101m l\u016bdzam zi\u0146ot e-past\u0101 <a href=\"https:\/\/www.lsm.lv\/cdn-cgi\/l\/email-protection\" class=\"__cf_email__\" data-cfemail=\"97e5f2f3f6fcf4fefdf6d7fbe4fab9fbe1\" rel=\"nofollow noopener\" target=\"_blank\">[email\u00a0protected]<\/a>.<\/p>\n<p class=\"d-md-none\">Iez\u012bm\u0113jiet tekstu un spiediet uz Zi\u0146ot par k\u013c\u016bdu pogas, lai nos\u016bt\u012btu labojamo teksta fragmentu redaktoram!<\/p>\n<p>\n                    Zi\u0146ot par k\u013c\u016bdu\n                <\/p>\n","protected":false},"excerpt":{"rendered":"V\u0113l pirms p\u0101ris gadiem Zviedrija un Somija stingri tur\u0113j\u0101s pie milit\u0101r\u0101s neitralit\u0101tes politikas, ta\u010du Krievijas pilna m\u0113roga iebrukums&hellip;\n","protected":false},"author":2,"featured_media":21406,"comment_status":"","ping_status":"","sticky":false,"template":"","format":"standard","meta":{"footnotes":""},"categories":[14],"tags":[23,57,28,29,32,33,22,30,31,35,39,38,36,37,34,40,20,26,27,24,25,54,55,56,21,58],"class_list":{"0":"post-37998","1":"post","2":"type-post","3":"status-publish","4":"format-standard","5":"has-post-thumbnail","7":"category-zinas-no-arvalstim","8":"tag-aktualitates","9":"tag-arvalstim","10":"tag-breaking-news","11":"tag-breakingnews","12":"tag-featured-news","13":"tag-featurednews","14":"tag-headlines","15":"tag-latest-news","16":"tag-latestnews","17":"tag-latvia","18":"tag-latvian","19":"tag-latviesu","20":"tag-latviesu-valoda","21":"tag-latviesuvaloda","22":"tag-latvija","23":"tag-lv","24":"tag-news","25":"tag-popularakas-zinas","26":"tag-popularakaszinas","27":"tag-top-stories","28":"tag-topstories","29":"tag-world","30":"tag-world-news","31":"tag-worldnews","32":"tag-zinas","33":"tag-zinas-no-arvalstim"},"share_on_mastodon":{"url":"https:\/\/pubeurope.com\/@lv\/115481562496537383","error":""},"_links":{"self":[{"href":"https:\/\/www.europesays.com\/lv\/wp-json\/wp\/v2\/posts\/37998","targetHints":{"allow":["GET"]}}],"collection":[{"href":"https:\/\/www.europesays.com\/lv\/wp-json\/wp\/v2\/posts"}],"about":[{"href":"https:\/\/www.europesays.com\/lv\/wp-json\/wp\/v2\/types\/post"}],"author":[{"embeddable":true,"href":"https:\/\/www.europesays.com\/lv\/wp-json\/wp\/v2\/users\/2"}],"replies":[{"embeddable":true,"href":"https:\/\/www.europesays.com\/lv\/wp-json\/wp\/v2\/comments?post=37998"}],"version-history":[{"count":0,"href":"https:\/\/www.europesays.com\/lv\/wp-json\/wp\/v2\/posts\/37998\/revisions"}],"wp:featuredmedia":[{"embeddable":true,"href":"https:\/\/www.europesays.com\/lv\/wp-json\/wp\/v2\/media\/21406"}],"wp:attachment":[{"href":"https:\/\/www.europesays.com\/lv\/wp-json\/wp\/v2\/media?parent=37998"}],"wp:term":[{"taxonomy":"category","embeddable":true,"href":"https:\/\/www.europesays.com\/lv\/wp-json\/wp\/v2\/categories?post=37998"},{"taxonomy":"post_tag","embeddable":true,"href":"https:\/\/www.europesays.com\/lv\/wp-json\/wp\/v2\/tags?post=37998"}],"curies":[{"name":"wp","href":"https:\/\/api.w.org\/{rel}","templated":true}]}}