{"id":38001,"date":"2025-11-02T18:42:08","date_gmt":"2025-11-02T18:42:08","guid":{"rendered":"https:\/\/www.europesays.com\/lv\/38001\/"},"modified":"2025-11-02T18:42:08","modified_gmt":"2025-11-02T18:42:08","slug":"krastenbergs-gust-divus-vartus-cehijas-ekstraligas-maca","status":"publish","type":"post","link":"https:\/\/www.europesays.com\/lv\/38001\/","title":{"rendered":"Krastenbergs g\u016bst divus v\u0101rtus \u010cehijas ekstral\u012bgas ma\u010d\u0101"},"content":{"rendered":"<p>&#8220;Olomouc&#8221; viesos ar 3:2 (1:1, 1:0, 1:1) uzvar\u0113ja Ralfa Freiberga p\u0101rst\u0101v\u0113to V\u012btkovices &#8220;Ridera&#8221;.<\/p>\n<p>Krastenbergs pirm\u0101s tre\u0161da\u013cas izska\u0146\u0101 vair\u0101kum\u0101 guva pirmos viesu v\u0101rtus, pan\u0101kot neiz\u0161\u0137irtu, k\u0101 ar\u012b otraj\u0101 period\u0101 p\u0113c sp\u0113l\u0113t\u0101m nepiln\u0101m asto\u0146\u0101m min\u016bt\u0113m pan\u0101ca 2:1.<\/p>\n<p>Vi\u0146\u0161 uz ledus pavad\u012btaj\u0101s 16 min\u016bt\u0113s un 44 sekund\u0113s izc\u0113l\u0101s statistik\u0101 ar devi\u0146iem metieniem pa v\u0101rtiem, vienu blo\u0137\u0113tu metienu un iekr\u0101ja negat\u012bvu lietder\u012bbas koeficientu -1.<\/p>\n<p>M\u0101jinieku rind\u0101s Freibergs sp\u0113l\u0113ja asto\u0146as ar pusi min\u016btes, nopeln\u012bja divu min\u016b\u0161u noraid\u012bjumu, izpild\u012bja sp\u0113ka pa\u0146\u0113mienu, vienu reizi meta pa v\u0101rtiem un nosl\u0113dza ma\u010du ar neitr\u0101lu lietder\u012bbas koeficientu.<\/p>\n<p>V\u0113l Oskara Bat\u0146as p\u0101rst\u0101v\u0113t\u0101 Hradeckr\u0101lovas &#8220;Mountfield&#8221; izbraukum\u0101 ar 3:1 (2:0, 0:1, 1:0) p\u0101rsp\u0113ja Litv\u012bnovas &#8220;Verva&#8221;, bet M\u0101rti\u0146\u0161 Dzierkals un Pr\u0101gas &#8220;Sparta&#8221; m\u0101j\u0101s ar 2:0 (1:0, 0:0, 1:0) apsp\u0113l\u0113ja Mika Indra\u0161a un Kristera Zvagu\u013ca p\u0101rst\u0101v\u0113to &#8220;Mlada Boleslav&#8221;.<\/p>\n<p>Augst\u0101ko vietu no latvie\u0161u p\u0101rst\u0101v\u0113tajiem klubiem turn\u012bra tabul\u0101 ie\u0146em savainot\u0101 Kristi\u0101na Rub\u012bna Plze\u0146as &#8220;\u0160koda&#8221;, kas atrodas otraj\u0101 viet\u0101.<\/p>\n<p>Iepriek\u0161\u0113j\u0101 sezon\u0101 par \u010dempioni k\u013cuva Brno &#8220;Kometa&#8221; komanda.<\/p>\n","protected":false},"excerpt":{"rendered":"&#8220;Olomouc&#8221; viesos ar 3:2 (1:1, 1:0, 1:1) uzvar\u0113ja Ralfa Freiberga p\u0101rst\u0101v\u0113to V\u012btkovices &#8220;Ridera&#8221;. Krastenbergs pirm\u0101s tre\u0161da\u013cas izska\u0146\u0101 vair\u0101kum\u0101&hellip;\n","protected":false},"author":2,"featured_media":38002,"comment_status":"","ping_status":"","sticky":false,"template":"","format":"standard","meta":{"footnotes":""},"categories":[17],"tags":[836,838,394,721,35,39,38,36,37,34,40,3213,67],"class_list":{"0":"post-38001","1":"post","2":"type-post","3":"status-publish","4":"format-standard","5":"has-post-thumbnail","7":"category-sports","8":"tag-hokeja-jaunumi","9":"tag-hokejisti-arzemes","10":"tag-hokejs","11":"tag-hokejs-pasaule","12":"tag-latvia","13":"tag-latvian","14":"tag-latviesu","15":"tag-latviesu-valoda","16":"tag-latviesuvaloda","17":"tag-latvija","18":"tag-lv","19":"tag-renars-krastenbergs","20":"tag-sports"},"share_on_mastodon":{"url":"https:\/\/pubeurope.com\/@lv\/115481578203742254","error":""},"_links":{"self":[{"href":"https:\/\/www.europesays.com\/lv\/wp-json\/wp\/v2\/posts\/38001","targetHints":{"allow":["GET"]}}],"collection":[{"href":"https:\/\/www.europesays.com\/lv\/wp-json\/wp\/v2\/posts"}],"about":[{"href":"https:\/\/www.europesays.com\/lv\/wp-json\/wp\/v2\/types\/post"}],"author":[{"embeddable":true,"href":"https:\/\/www.europesays.com\/lv\/wp-json\/wp\/v2\/users\/2"}],"replies":[{"embeddable":true,"href":"https:\/\/www.europesays.com\/lv\/wp-json\/wp\/v2\/comments?post=38001"}],"version-history":[{"count":0,"href":"https:\/\/www.europesays.com\/lv\/wp-json\/wp\/v2\/posts\/38001\/revisions"}],"wp:featuredmedia":[{"embeddable":true,"href":"https:\/\/www.europesays.com\/lv\/wp-json\/wp\/v2\/media\/38002"}],"wp:attachment":[{"href":"https:\/\/www.europesays.com\/lv\/wp-json\/wp\/v2\/media?parent=38001"}],"wp:term":[{"taxonomy":"category","embeddable":true,"href":"https:\/\/www.europesays.com\/lv\/wp-json\/wp\/v2\/categories?post=38001"},{"taxonomy":"post_tag","embeddable":true,"href":"https:\/\/www.europesays.com\/lv\/wp-json\/wp\/v2\/tags?post=38001"}],"curies":[{"name":"wp","href":"https:\/\/api.w.org\/{rel}","templated":true}]}}