{"id":38011,"date":"2025-11-02T18:50:09","date_gmt":"2025-11-02T18:50:09","guid":{"rendered":"https:\/\/www.europesays.com\/lv\/38011\/"},"modified":"2025-11-02T18:50:09","modified_gmt":"2025-11-02T18:50:09","slug":"tuvuma-palikusi-tikai-pakalpini-putins-arvien-vairak-zaude-krievijas-elites-cienu-parversoties-par-karpainu-pili","status":"publish","type":"post","link":"https:\/\/www.europesays.com\/lv\/38011\/","title":{"rendered":"Tuvum\u0101 paliku\u0161i tikai pakalpi\u0146i. Putins arvien vair\u0101k zaud\u0113 Krievijas elites cie\u0146u, p\u0101rv\u0113r\u0161oties par \u201ck\u0101rpainu p\u012bli\u201d"},"content":{"rendered":"<p>    <img decoding=\"async\" src=\"https:\/\/www.europesays.com\/lv\/wp-content\/uploads\/2025\/11\/russia_putin_57244-1024x683.jpg\" alt=\"&#10;\"\/><\/p>\n<p>FOTO: AP\/SCANPIX\/LETA\n<\/p>\n<p>Putins vairs nav cars, bet gan savas biju\u0161\u0101s varas fantoms. Britu laikraksts \u201cThe Sunday Times\u201d raksta, ka cilv\u0113ks, kur\u0161 sevi uzskat\u012bja par \u0123\u0113niju, nu k\u013cuvis pats par savu bai\u013cu un vecuma \u0137\u012blnieku.<\/p>\n<p>        Las\u012bt\u0101kie<br \/>\n        <a data-imagesrc=\"{&quot;300&quot;:&quot;https:\\\/\\\/lastatic.ams3.cdn.digitaloceanspaces.com\\\/2019\\\/09\\\/Depozits3_VS_9-300x194.jpg&quot;,&quot;768&quot;:&quot;https:\\\/\\\/lastatic.ams3.cdn.digitaloceanspaces.com\\\/2019\\\/09\\\/Depozits3_VS_9-768x496.jpg&quot;,&quot;200&quot;:&quot;https:\\\/\\\/lastatic.ams3.cdn.digitaloceanspaces.com\\\/2019\\\/09\\\/Depozits3_VS_9-200x129.jpg&quot;,&quot;400&quot;:&quot;https:\\\/\\\/lastatic.ams3.cdn.digitaloceanspaces.com\\\/2019\\\/09\\\/Depozits3_VS_9-400x258.jpg&quot;,&quot;500&quot;:&quot;https:\\\/\\\/lastatic.ams3.cdn.digitaloceanspaces.com\\\/2019\\\/09\\\/Depozits3_VS_9-500x323.jpg&quot;,&quot;800&quot;:&quot;https:\\\/\\\/lastatic.ams3.cdn.digitaloceanspaces.com\\\/2019\\\/09\\\/Depozits3_VS_9-800x517.jpg&quot;,&quot;1000&quot;:&quot;https:\\\/\\\/lastatic.ams3.cdn.digitaloceanspaces.com\\\/2019\\\/09\\\/Depozits3_VS_9.jpg&quot;}\" data-focuspoint=\"&quot;&quot;\" data-p=\"2458854\" href=\"https:\/\/www.la.lv\/jauni-noteikumi-depozita-dzerienu-iepakojumu-nodosana-ka-tie-ietekmes-tavu-macinu\" class=\"content-item lazy-load\" wp_automatic_readability=\"26.5\" rel=\"nofollow noopener\" target=\"_blank\"><\/p>\n<p>                                <img decoding=\"async\" src=\"\" alt=\"\" style=\"\" data-imageid=\"\"\/><\/p>\n<p>\n                                                No 1.novembra jauni noteikumi depoz\u012bta dz\u0113rienu iepakojumu nodo\u0161an\u0101: k\u0101 tie ietekm\u0113s tavu maci\u0146u?\n                            <\/p>\n<p><\/a><a data-imagesrc=\"{&quot;300&quot;:&quot;https:\\\/\\\/lastatic.ams3.cdn.digitaloceanspaces.com\\\/2025\\\/11\\\/suns-2-300x188.png&quot;,&quot;1024&quot;:&quot;https:\\\/\\\/lastatic.ams3.cdn.digitaloceanspaces.com\\\/2025\\\/11\\\/suns-2-1024x640.png&quot;,&quot;1536&quot;:&quot;https:\\\/\\\/lastatic.ams3.cdn.digitaloceanspaces.com\\\/2025\\\/11\\\/suns-2-1536x960.png&quot;,&quot;500&quot;:&quot;https:\\\/\\\/lastatic.ams3.cdn.digitaloceanspaces.com\\\/2025\\\/11\\\/suns-2-500x313.png&quot;,&quot;800&quot;:&quot;https:\\\/\\\/lastatic.ams3.cdn.digitaloceanspaces.com\\\/2025\\\/11\\\/suns-2-800x500.png&quot;,&quot;1600&quot;:&quot;https:\\\/\\\/lastatic.ams3.cdn.digitaloceanspaces.com\\\/2025\\\/11\\\/suns-2.png&quot;}\" data-focuspoint=\"&quot;&quot;\" data-p=\"2459277\" href=\"https:\/\/www.la.lv\/12-cilveku-ieradumi-kas-skiet-arpratigi-kaitinosi-suniem-veterinararsti-ipasi-izcel-desmito\" class=\"content-item lazy-load\" wp_automatic_readability=\"27\" rel=\"nofollow noopener\" target=\"_blank\"><\/p>\n<p>                                <img decoding=\"async\" src=\"\" alt=\"\" style=\"\" data-imageid=\"\"\/><\/p>\n<p>                                M\u0101jas<\/p>\n<p>\n                                                12 cilv\u0113ku ieradumi, kas \u0161\u0137iet \u0101rpr\u0101t\u012bgi kaitino\u0161i su\u0146iem \u2013 veterin\u0101r\u0101rsti \u012bpa\u0161i izce\u013c desmito\n                            <\/p>\n<p><\/a><a data-imagesrc=\"{&quot;300&quot;:&quot;https:\\\/\\\/lastatic.ams3.cdn.digitaloceanspaces.com\\\/2025\\\/10\\\/liesmas-300x188.png&quot;,&quot;1024&quot;:&quot;https:\\\/\\\/lastatic.ams3.cdn.digitaloceanspaces.com\\\/2025\\\/10\\\/liesmas-1024x640.png&quot;,&quot;1536&quot;:&quot;https:\\\/\\\/lastatic.ams3.cdn.digitaloceanspaces.com\\\/2025\\\/10\\\/liesmas-1536x960.png&quot;,&quot;500&quot;:&quot;https:\\\/\\\/lastatic.ams3.cdn.digitaloceanspaces.com\\\/2025\\\/10\\\/liesmas-500x313.png&quot;,&quot;800&quot;:&quot;https:\\\/\\\/lastatic.ams3.cdn.digitaloceanspaces.com\\\/2025\\\/10\\\/liesmas-800x500.png&quot;,&quot;1600&quot;:&quot;https:\\\/\\\/lastatic.ams3.cdn.digitaloceanspaces.com\\\/2025\\\/10\\\/liesmas.png&quot;}\" data-focuspoint=\"&quot;&quot;\" data-p=\"2457952\" href=\"https:\/\/www.la.lv\/tests-ilgi-nedomajot-izvelies-vienu-liesmu-un-uzzini-par-ko-tu-klusi-tuvakaja-nakotne\" class=\"content-item lazy-load\" wp_automatic_readability=\"27\" rel=\"nofollow noopener\" target=\"_blank\"><\/p>\n<p>                                <img decoding=\"async\" src=\"\" alt=\"\" style=\"\" data-imageid=\"\"\/><\/p>\n<p>                                Kokteilis<\/p>\n<p>\n                                                TESTS. Ilgi nedom\u0101jot, izv\u0113lies vienu liesmu un uzzini, par ko tu k\u013c\u016bsi tuv\u0101kaj\u0101 n\u0101kotn\u0113\n                            <\/p>\n<p><\/a><br \/>\n        <a class=\"read-more\" href=\"https:\/\/www.la.lv\/top\" rel=\"nofollow noopener\" target=\"_blank\">Las\u012bt citas zi\u0146as<\/a><\/p>\n<p>Ietekm\u012bgais britu politikas apskatnieks Marks Galeotti rakst\u0101 analiz\u0113 72 gadus vec\u0101 Putina sp\u0113ju mazin\u0101\u0161anos. Vi\u0146\u0161 esot cilv\u0113ks, kur\u0161 k\u0101dreiz \u0161\u0137ita apr\u0113\u0137in\u0101ts un auksts politi\u0137is, bet tagad p\u0101rv\u0113rties par novecojo\u0161u diktatoru, kur\u0161 zaud\u0113jis saikni ar realit\u0101ti.<\/p>\n<p>Putins joproj\u0101m ir p\u0101rliecin\u0101ts, ka vi\u0146\u0161 ir \u0123\u0113nijs. Ta\u010du realit\u0101te ir cita \u2013 visi, kas k\u0101dreiz uzdro\u0161in\u0101j\u0101s vi\u0146am iebilst, ir pazudu\u0161i: da\u013ca trimd\u0101, da\u013ca cietum\u0101, da\u013ca kapos. M\u016bsdien\u0101s vi\u0146a tuvum\u0101 paliku\u0161i tikai pakalpi\u0146i un fan\u0101ti\u0137i, kuri atk\u0101rto, ka viss notiek p\u0113c pl\u0101na. Tikm\u0113r realit\u0101te ir \u0161\u0101da: valsts asi\u0146o Ukrain\u0101, ekonomika klibo, bet pats \u201cvadonis\u201d arvien vair\u0101k l\u012bdzin\u0101s vecam monarham, iesprostotam sav\u0101 pil\u012b.<\/p>\n<p>    CITI \u0160OBR\u012aD LASA<\/p>\n<p>Galeotti raksta, ka pasaule tagad sastopas ne tikai ar Putinu, bet ar \u201cPutinu kvadr\u0101t\u0101\u201d \u2013 cilv\u0113ku, kur\u0161 zaud\u0113jis sp\u0113ju \u0161aub\u012bties un uztvert paties\u012bbu. Vi\u0146\u0161 ir sev apk\u0101rt vairs pulc\u0113 tikai fantomus. Vi\u0146\u0161 vairs neklausa pat tuv\u0101kos cilv\u0113kus \u2013 padomdev\u0113jus, ba\u0146\u0137ierus, milit\u0101ristus. <\/p>\n<p>Jebkur\u0161 m\u0113\u0123in\u0101jums vi\u0146am nodot sliktas zi\u0146as beidzas ar klusumu vai karjeru izn\u012bcin\u0101\u0161anu. Pat neveiksm\u012bgais l\u0113mums iebrukt Ukrain\u0101 nav dzimis no sp\u0113ka, bet no bail\u0113m \u2013 no bail\u0113m tikt aizmirstam, no bail\u0113m, ka v\u0113sture rakst\u012bs par vi\u0146u k\u0101 par cilv\u0113ku, pie kura sabruka Krievija. Rezult\u0101t\u0101 \u2013 miljoniem salauztu dz\u012bvju, simtiem t\u016bksto\u0161i nogalin\u0101to, desmitiem pils\u0113tu izn\u012bcin\u0101tas.<\/p>\n<p>Putins noveco. Vi\u0146am arvien maz\u0101k ener\u0123ijas, maz\u0101k kontroles un maz\u0101k uztic\u012bbas cilv\u0113kiem. Vi\u0146\u0161 baid\u0101s iecelt p\u0113cteci, lai neizskat\u012btos k\u0101 \u201ck\u0101rpaina p\u012ble\u201d. Baid\u0101s zaud\u0113t karu, bet v\u0113l vair\u0101k \u2013 atz\u012bt, ka jau zaud\u0113jis.<\/p>\n<p>\u201cVi\u0146\u0161 pats sevi ir iesl\u0113dzis zelta b\u016br\u012b,\u201d raksta Galeotti. \u201cVi\u0146u grau\u017e bailes, paranoja un v\u0113lme izskat\u012bties lielam, lai gan vi\u0146\u0161 jau sen ir smiekl\u012bgs.\u201d Krievijas elite jau sen vairs vi\u0146u neciena, tom\u0113r joproj\u0101m baid\u0101s. Valsts darbojas autopilot\u0101, bet diktators sap\u0146o tikai par vienu \u2013 lai vi\u0146a v\u0101rds tiktu ierakst\u012bts v\u0113stures gr\u0101mat\u0101s. Ne k\u0101 slepkavas vai g\u013c\u0113vu\u013ca, bet k\u0101 Krievijas gl\u0101b\u0113ja. Bet diezin vai t\u0101 notiks.<\/p>\n<p>Materi\u0101ls sagatavots p\u0113c <a href=\"https:\/\/www.dialog.ua\/russia\/323307_1762098242\" rel=\"noopener nofollow\" target=\"_blank\">\u0101rzemju preses <\/a>materi\u0101liem.<\/p>\n<p>T\u0113mas<\/p>\n<p>    SAIST\u012aTIE RAKSTI<\/p>\n","protected":false},"excerpt":{"rendered":"FOTO: AP\/SCANPIX\/LETA Putins vairs nav cars, bet gan savas biju\u0161\u0101s varas fantoms. Britu laikraksts \u201cThe Sunday Times\u201d raksta,&hellip;\n","protected":false},"author":2,"featured_media":38012,"comment_status":"","ping_status":"","sticky":false,"template":"","format":"standard","meta":{"footnotes":""},"categories":[14],"tags":[23,57,28,29,32,33,22,30,31,35,39,38,36,37,34,40,20,26,27,24,25,54,55,56,21,58],"class_list":{"0":"post-38011","1":"post","2":"type-post","3":"status-publish","4":"format-standard","5":"has-post-thumbnail","7":"category-zinas-no-arvalstim","8":"tag-aktualitates","9":"tag-arvalstim","10":"tag-breaking-news","11":"tag-breakingnews","12":"tag-featured-news","13":"tag-featurednews","14":"tag-headlines","15":"tag-latest-news","16":"tag-latestnews","17":"tag-latvia","18":"tag-latvian","19":"tag-latviesu","20":"tag-latviesu-valoda","21":"tag-latviesuvaloda","22":"tag-latvija","23":"tag-lv","24":"tag-news","25":"tag-popularakas-zinas","26":"tag-popularakaszinas","27":"tag-top-stories","28":"tag-topstories","29":"tag-world","30":"tag-world-news","31":"tag-worldnews","32":"tag-zinas","33":"tag-zinas-no-arvalstim"},"share_on_mastodon":{"url":"https:\/\/pubeurope.com\/@lv\/115481609928314408","error":""},"_links":{"self":[{"href":"https:\/\/www.europesays.com\/lv\/wp-json\/wp\/v2\/posts\/38011","targetHints":{"allow":["GET"]}}],"collection":[{"href":"https:\/\/www.europesays.com\/lv\/wp-json\/wp\/v2\/posts"}],"about":[{"href":"https:\/\/www.europesays.com\/lv\/wp-json\/wp\/v2\/types\/post"}],"author":[{"embeddable":true,"href":"https:\/\/www.europesays.com\/lv\/wp-json\/wp\/v2\/users\/2"}],"replies":[{"embeddable":true,"href":"https:\/\/www.europesays.com\/lv\/wp-json\/wp\/v2\/comments?post=38011"}],"version-history":[{"count":0,"href":"https:\/\/www.europesays.com\/lv\/wp-json\/wp\/v2\/posts\/38011\/revisions"}],"wp:featuredmedia":[{"embeddable":true,"href":"https:\/\/www.europesays.com\/lv\/wp-json\/wp\/v2\/media\/38012"}],"wp:attachment":[{"href":"https:\/\/www.europesays.com\/lv\/wp-json\/wp\/v2\/media?parent=38011"}],"wp:term":[{"taxonomy":"category","embeddable":true,"href":"https:\/\/www.europesays.com\/lv\/wp-json\/wp\/v2\/categories?post=38011"},{"taxonomy":"post_tag","embeddable":true,"href":"https:\/\/www.europesays.com\/lv\/wp-json\/wp\/v2\/tags?post=38011"}],"curies":[{"name":"wp","href":"https:\/\/api.w.org\/{rel}","templated":true}]}}