{"id":38021,"date":"2025-11-02T19:09:07","date_gmt":"2025-11-02T19:09:07","guid":{"rendered":"https:\/\/www.europesays.com\/lv\/38021\/"},"modified":"2025-11-02T19:09:07","modified_gmt":"2025-11-02T19:09:07","slug":"aizsargjosla-mazu-kempinga-naminu-vieta-izbuvetas-apjomigas-vasarnicas","status":"publish","type":"post","link":"https:\/\/www.europesays.com\/lv\/38021\/","title":{"rendered":"Aizsargjosl\u0101 mazu kempinga nami\u0146u viet\u0101 izb\u016bv\u0113tas apjom\u012bgas vasarn\u012bcas"},"content":{"rendered":"<p>K\u0101 var\u0113ja rasties str\u012bd\u012bg\u0101 situ\u0101cija?<\/p>\n<p>Versijas ir vair\u0101kas. Pirm\u0101 \u2013 kop\u012bpa\u0161nieki r\u0113\u0137in\u0101ju\u0161i pa savam. Zemi ekskluz\u012bvaj\u0101 teritorij\u0101 2022. gad\u0101 uz savas firmas v\u0101rda ieg\u0101d\u0101j\u0101s ar\u012b sabiedrisko attiec\u012bbu a\u0123ent\u016bras \u201cMediju tilts\u201d direktors Filips Rajevskis Vi\u0146\u0161 telefonsarun\u0101 ar \u201cde facto\u201d st\u0101sta, ka, izstr\u0101d\u0101jot seno b\u016bvniec\u012bbas pl\u0101nu, esot sasumm\u0113ta visu mazo kempingu nami\u0146u kvadrat\u016bra un kubat\u016bra. \u0160\u012b summa tad tikusi izdal\u012bta uz \u0161\u012bm izb\u016bv\u0113taj\u0101m 14 atp\u016btas m\u0101j\u0101m. No \u0161\u012b apr\u0113\u0137ina izriet, ka b\u016bvapjoms neesot p\u0101rsniegts. Ekonomikas ministrij\u0101 gan st\u0101sta, ka \u0161\u0101di ner\u0113\u0137ina p\u0101rb\u016bv\u0113jamo \u0113ku plat\u012bbu.<\/p>\n<p>Otr\u0101 versija \u2013 2008. gad\u0101 izdeva b\u016bvat\u013cauju, pamatojoties uz likumiem, kas vairs nav saisto\u0161i \u0161obr\u012bd. Tolaik b\u016bvniec\u012bbas \u0123ener\u0101lpl\u0101nam tie\u0161\u0101m bija Valsts vides dienesta saska\u0146ojums. Tas gan nev\u0113t\u012bja \u0113ku kvadrat\u016bru.<\/p>\n<p>Sagaid\u0101ms strupce\u013c\u0161, kad \u0113kas nodos ekspluat\u0101cij\u0101<\/p>\n<p>\u0160obr\u012bd sagaid\u0101ms, ka situ\u0101cija non\u0101ks strupce\u013c\u0101, kad kop\u012bpa\u0161nieki \u0113kas m\u0113\u0123in\u0101s nodot ekspluat\u0101cij\u0101. \u201cPirms pa\u0161vald\u012bbas b\u016bvvalde b\u016bvdarbu pie\u0146em ekspluat\u0101cij\u0101, ir nepiecie\u0161ami saska\u0146ojumi no vis\u0101m instit\u016bcij\u0101m, tai skait\u0101 Valsts vides dienesta, Dabas aizsardz\u012bbas p\u0101rvaldes,\u201d pau\u017e Limba\u017eu novada domes juriste Izita K\u013cavi\u0146a.<\/p>\n<p>Valsts vides dienesta ieskat\u0101, notikus\u012b b\u016bvniec\u012bba nebija pie\u013caujama. \u201cB\u016bvvalde var pie\u0146emt ekspluat\u0101cij\u0101 tikai tad, kad ir pozit\u012bvi saska\u0146ojumi no vis\u0101m instit\u016bcij\u0101m. Un, ja viena instit\u016bcija nesaska\u0146o un ar\u012b nor\u0101da, k\u0101p\u0113c, tad \u0161\u012bs \u0113kas ekspluat\u0101cij\u0101 netiek pie\u0146emtas,\u201d turpina Izita K\u013cavi\u0146a.<\/p>\n<p>Lai ar\u012b b\u016bvat\u013cauju zemes \u012bpa\u0161nieki sa\u0146\u0113ma pirms septi\u0146padsmit gadiem, gandr\u012bz visu \u0161o m\u0101ju b\u016bvniec\u012bba notikusi pand\u0113mijas gadu laik\u0101. Rajevskis st\u0101sta, ka nebija tiesiska pamata kaut ko ap\u0161aub\u012bt.<\/p>\n","protected":false},"excerpt":{"rendered":"K\u0101 var\u0113ja rasties str\u012bd\u012bg\u0101 situ\u0101cija? Versijas ir vair\u0101kas. Pirm\u0101 \u2013 kop\u012bpa\u0161nieki r\u0113\u0137in\u0101ju\u0161i pa savam. Zemi ekskluz\u012bvaj\u0101 teritorij\u0101 2022.&hellip;\n","protected":false},"author":2,"featured_media":38022,"comment_status":"","ping_status":"","sticky":false,"template":"","format":"standard","meta":{"footnotes":""},"categories":[12],"tags":[23,28,29,11098,32,33,22,30,31,35,39,38,36,37,34,40,20,26,27,8148,24,25,21],"class_list":{"0":"post-38021","1":"post","2":"type-post","3":"status-publish","4":"format-standard","5":"has-post-thumbnail","7":"category-latvija","8":"tag-aktualitates","9":"tag-breaking-news","10":"tag-breakingnews","11":"tag-dabas-aizsardzibas-parvalde","12":"tag-featured-news","13":"tag-featurednews","14":"tag-headlines","15":"tag-latest-news","16":"tag-latestnews","17":"tag-latvia","18":"tag-latvian","19":"tag-latviesu","20":"tag-latviesu-valoda","21":"tag-latviesuvaloda","22":"tag-latvija","23":"tag-lv","24":"tag-news","25":"tag-popularakas-zinas","26":"tag-popularakaszinas","27":"tag-salacgriva","28":"tag-top-stories","29":"tag-topstories","30":"tag-zinas"},"share_on_mastodon":{"url":"https:\/\/pubeurope.com\/@lv\/115481684437898775","error":""},"_links":{"self":[{"href":"https:\/\/www.europesays.com\/lv\/wp-json\/wp\/v2\/posts\/38021","targetHints":{"allow":["GET"]}}],"collection":[{"href":"https:\/\/www.europesays.com\/lv\/wp-json\/wp\/v2\/posts"}],"about":[{"href":"https:\/\/www.europesays.com\/lv\/wp-json\/wp\/v2\/types\/post"}],"author":[{"embeddable":true,"href":"https:\/\/www.europesays.com\/lv\/wp-json\/wp\/v2\/users\/2"}],"replies":[{"embeddable":true,"href":"https:\/\/www.europesays.com\/lv\/wp-json\/wp\/v2\/comments?post=38021"}],"version-history":[{"count":0,"href":"https:\/\/www.europesays.com\/lv\/wp-json\/wp\/v2\/posts\/38021\/revisions"}],"wp:featuredmedia":[{"embeddable":true,"href":"https:\/\/www.europesays.com\/lv\/wp-json\/wp\/v2\/media\/38022"}],"wp:attachment":[{"href":"https:\/\/www.europesays.com\/lv\/wp-json\/wp\/v2\/media?parent=38021"}],"wp:term":[{"taxonomy":"category","embeddable":true,"href":"https:\/\/www.europesays.com\/lv\/wp-json\/wp\/v2\/categories?post=38021"},{"taxonomy":"post_tag","embeddable":true,"href":"https:\/\/www.europesays.com\/lv\/wp-json\/wp\/v2\/tags?post=38021"}],"curies":[{"name":"wp","href":"https:\/\/api.w.org\/{rel}","templated":true}]}}