{"id":38028,"date":"2025-11-02T19:22:08","date_gmt":"2025-11-02T19:22:08","guid":{"rendered":"https:\/\/www.europesays.com\/lv\/38028\/"},"modified":"2025-11-02T19:22:08","modified_gmt":"2025-11-02T19:22:08","slug":"video-%e2%9f%a9-lidosta-aiztureta-centralcietuma-arste-ar-10-000-eiro-skaidra-nauda-2","status":"publish","type":"post","link":"https:\/\/www.europesays.com\/lv\/38028\/","title":{"rendered":"VIDEO \u27e9 Lidost\u0101 aiztur\u0113ta Centr\u0101lcietuma \u0101rste ar 10 000 eiro skaidr\u0101 naud\u0101"},"content":{"rendered":"<p>P\u0113c izn\u0101k\u0161anas no apcietin\u0101juma, medi\u0137e turpina praktiz\u0113t, eksperiment\u0101 p\u0101rliecin\u0101j\u0101s \u201cNek\u0101 person\u012bga\u201d. Kaut ar\u012b konkr\u0113tas prakses vietas \u0101rstei nav, vi\u0146a sniedz maksas pakalpojumus caur aplik\u0101ciju myEmerg.<\/p>\n<p>Latvijas \u0100rstu biedr\u012bba apstiprina &#8211; \u0160vecai joproj\u0101m ir sp\u0113k\u0101 gan \u0123imenes \u0101rsta, gan psihiatra sertifik\u0101ts. Lai ar\u012b vi\u0146ai piem\u0113rots dro\u0161\u012bbas l\u012bdzeklis, kas liedz izrakst\u012bt noteiktus recep\u0161u medikamentus, tas neesot pamats sertifik\u0101ta aptur\u0113\u0161anai. To aptur, ja tiek atz\u012bts Aroda p\u0101rk\u0101pums vai krimin\u0101lprocesa virz\u012bt\u0101js ierobe\u017eo \u0101rsta ties\u012bbas kopum\u0101.<\/p>\n<p>Medi\u0137e pret vi\u0146u v\u0113rst\u0101s izmekl\u0113\u0161anas iest\u0101des aizdomas noraida. Izrakst\u012btie medikamenti biju\u0161i pamatoti, ta\u010du noform\u0113ti nevis uz pacientes, bet vi\u0146as radinieka v\u0101rda. Tas dar\u012bts, lai ieraksta slim\u012bbas v\u0113stur\u0113 d\u0113\u013c pacienti neatlaistu no darba.<\/p>\n<p>Konkr\u0113t\u0101 Centr\u0101lcietuma medic\u012bnas darbiniece ir piedal\u012bjusies ar\u012b aps\u016bdz\u0113t\u0101 uz\u0146\u0113m\u0113ja Mihaila Ulmana \u0101rst\u0113\u0161an\u0101! Un da\u013c\u0113ji ar\u012b uz vi\u0146as sniegt\u0101s inform\u0101cijas pamata, U\u013cmanam ir pan\u0101kta smag\u0101kas invalidit\u0101tes grupas pie\u0161\u0137ir\u0161ana, ko aizst\u0101vji ir izmantoju\u0161i, lai m\u0113\u0123in\u0101tu vi\u0146u dab\u016bt br\u012bv\u012bb\u0101.<\/p>\n<p>Nogalin\u0101t\u0101 advok\u0101ta br\u0101lis Kristaps Bunkus uzskata, aps\u016bdz\u0113tajam m\u0113r\u0137tiec\u012bgi tiek b\u016bv\u0113ta slim\u012bbas v\u0113sture, ieg\u016bts atzinums par invalidit\u0101ti, lai tiesved\u012bbas gait\u0101 pan\u0101ktu atbr\u012bvo\u0161anu no cietuma. Pamanot pirm\u0101s nopietn\u0101s paz\u012bmes \u0161\u0101dai notikumu arhitekt\u016brai, cietu\u0161ie jau p\u0113rn v\u0113rs\u0101s Vesel\u012bbas inspekcij\u0101 un Vesel\u012bbas ministrij\u0101. Ta\u010du nek\u0101da r\u012bc\u012bba nesekoja.<\/p>\n<p>Gan R\u012bgas apgabaltiesas Krimin\u0101llietu tiesas kol\u0113\u0123ijas tiesnesis Guntars Kveska, gan prokurors Aldis Lasmanis \u201cNek\u0101 person\u012bga\u201d nor\u0101da, ka apel\u0101cijas instanc\u0113 l\u012bdz \u0161im sa\u0146emti un izlemti jau divi pieteikumi par dro\u0161\u012bbas l\u012bdzek\u013ca mai\u0146u Mihailam U\u013cmanam, balstoties uz dokumentiem par aps\u016bdz\u0113t\u0101 vesel\u012bbas st\u0101vokli.<\/p>\n<p>U\u013cmana aizst\u0101ve jau tre\u0161o reizi iesniegusi tiesai l\u016bgumu par dro\u0161\u012bbas l\u012bdzek\u013ca mai\u0146u, balstoties uz vi\u0146a vesel\u012bbas st\u0101vokli. Iek\u0161\u0113j\u0101s dro\u0161\u012bbas birojs izmekl\u0113\u0161anas interes\u0113s nesniedza zi\u0146as, vai s\u0101ktaj\u0101 krimin\u0101lproces\u0101 p\u0101rbauda ar\u012b Ksenijas \u0160vecas saist\u012bbu ar U\u013cmana invalidit\u0101tes ieg\u016b\u0161anas pamatot\u012bbu.<\/p>\n","protected":false},"excerpt":{"rendered":"P\u0113c izn\u0101k\u0161anas no apcietin\u0101juma, medi\u0137e turpina praktiz\u0113t, eksperiment\u0101 p\u0101rliecin\u0101j\u0101s \u201cNek\u0101 person\u012bga\u201d. Kaut ar\u012b konkr\u0113tas prakses vietas \u0101rstei nav,&hellip;\n","protected":false},"author":2,"featured_media":38026,"comment_status":"","ping_status":"","sticky":false,"template":"","format":"standard","meta":{"footnotes":""},"categories":[5],"tags":[23,28,29,32,33,22,30,31,35,39,38,36,37,34,40,7139,20,26,27,2189,24,25,21],"class_list":{"0":"post-38028","1":"post","2":"type-post","3":"status-publish","4":"format-standard","5":"has-post-thumbnail","7":"category-aktualitates","8":"tag-aktualitates","9":"tag-breaking-news","10":"tag-breakingnews","11":"tag-featured-news","12":"tag-featurednews","13":"tag-headlines","14":"tag-latest-news","15":"tag-latestnews","16":"tag-latvia","17":"tag-latvian","18":"tag-latviesu","19":"tag-latviesu-valoda","20":"tag-latviesuvaloda","21":"tag-latvija","22":"tag-lv","23":"tag-martins-bunkus","24":"tag-news","25":"tag-popularakas-zinas","26":"tag-popularakaszinas","27":"tag-rigas-centralcietums","28":"tag-top-stories","29":"tag-topstories","30":"tag-zinas"},"share_on_mastodon":{"url":"https:\/\/pubeurope.com\/@lv\/115481735560819802","error":""},"_links":{"self":[{"href":"https:\/\/www.europesays.com\/lv\/wp-json\/wp\/v2\/posts\/38028","targetHints":{"allow":["GET"]}}],"collection":[{"href":"https:\/\/www.europesays.com\/lv\/wp-json\/wp\/v2\/posts"}],"about":[{"href":"https:\/\/www.europesays.com\/lv\/wp-json\/wp\/v2\/types\/post"}],"author":[{"embeddable":true,"href":"https:\/\/www.europesays.com\/lv\/wp-json\/wp\/v2\/users\/2"}],"replies":[{"embeddable":true,"href":"https:\/\/www.europesays.com\/lv\/wp-json\/wp\/v2\/comments?post=38028"}],"version-history":[{"count":0,"href":"https:\/\/www.europesays.com\/lv\/wp-json\/wp\/v2\/posts\/38028\/revisions"}],"wp:featuredmedia":[{"embeddable":true,"href":"https:\/\/www.europesays.com\/lv\/wp-json\/wp\/v2\/media\/38026"}],"wp:attachment":[{"href":"https:\/\/www.europesays.com\/lv\/wp-json\/wp\/v2\/media?parent=38028"}],"wp:term":[{"taxonomy":"category","embeddable":true,"href":"https:\/\/www.europesays.com\/lv\/wp-json\/wp\/v2\/categories?post=38028"},{"taxonomy":"post_tag","embeddable":true,"href":"https:\/\/www.europesays.com\/lv\/wp-json\/wp\/v2\/tags?post=38028"}],"curies":[{"name":"wp","href":"https:\/\/api.w.org\/{rel}","templated":true}]}}