{"id":38035,"date":"2025-11-02T19:29:07","date_gmt":"2025-11-02T19:29:07","guid":{"rendered":"https:\/\/www.europesays.com\/lv\/38035\/"},"modified":"2025-11-02T19:29:07","modified_gmt":"2025-11-02T19:29:07","slug":"sub-scriptum-aicina-izbaudit-mirkli-gangsteru-estetika-jauna-videoklipa-tev-tev-tev-tev-lente-lv-2","status":"publish","type":"post","link":"https:\/\/www.europesays.com\/lv\/38035\/","title":{"rendered":"\u00abSub Scriptum\u00bb aicina izbaud\u012bt mirkli gangsteru est\u0113tik\u0101 jaun\u0101 videoklip\u0101 \u00abtev, tev, tev, tev\u00bb\u00a0\u2014\u00a0Lente.lv"},"content":{"rendered":"<p>\u00abSub Scriptum\u00bb ar jaunu videoklipu iegremd\u0113 gangsteru est\u0113tik\u0101 un 20. gadsimta s\u0101kuma kino valod\u0101<\/p>\n<p>Latvie\u0161u alternat\u012bv\u0101 indie rokgrupa \u00abSub Scriptum\u00bb ir laidusi klaj\u0101 savu jaun\u0101ko muzik\u0101lo un vizu\u0101lo veikumu \u2013 dziesmu ar videoklipu \u00abtev, tev, tev, tev\u00bb. \u0160is darbs ar savu unik\u0101lo retro kino est\u0113tiku moment\u0101ni piesaista skat\u012bt\u0101ja uzman\u012bbu, aizvedot to uz pag\u0101ju\u0161\u0101 gadsimta s\u0101kuma atmosf\u0113ru un atg\u0101dinot par klasiskaj\u0101m gangsteru film\u0101m. Klips veidots k\u0101 \u012bsa, aizraujo\u0161a \u012bsfilma, kur\u0101 r\u016bp\u012bgi piemekl\u0113ts t\u0113rpu dizains, film\u0113\u0161anas lok\u0101cijas un pati film\u0113\u0161anas tehnika, lai rad\u012btu autentisku un iespaid\u012bgu vizu\u0101lo st\u0101st\u012bjumu.<\/p>\n<p>Re\u017eisora rado\u0161\u0101 improviz\u0101cija un \u00abCinevilla Studio\u00bb burv\u012bba<\/p>\n<p>Videoklipa tap\u0161ana notika \u00abCinevilla Studio\u00bb telp\u0101s, kas ar savu unik\u0101lo atmosf\u0113ru un daudzveid\u012bgaj\u0101m iesp\u0113j\u0101m ir k\u013cuvusi par noz\u012bm\u012bgu filmas uz\u0146em\u0161anas vietu Latvij\u0101. Re\u017eisors Ritvars Bluka kop\u0101 ar operatoru J\u0101ni Sk\u0101bo izv\u0113l\u0113j\u0101s rado\u0161u improviz\u0101cijas pieeju, \u013caujot st\u0101stam un vizu\u0101laj\u0101m idej\u0101m att\u012bst\u012bties pa\u0161\u0101 film\u0113\u0161anas proces\u0101. \u0160\u012b br\u012bv\u0101 rad\u012b\u0161anas metode nodro\u0161in\u0101ja ori\u0123in\u0101lus risin\u0101jumus un eksperimentus ar kadriem un vizu\u0101lo valodu, radot videoklipu, kas ir gan viegli uztverams, gan atmi\u0146\u0101 palieko\u0161s. Ritvars Bluka atzin\u012bgi nov\u0113rt\u0113jis grupas uztic\u0113\u0161anos un kop\u012bgo rado\u0161o procesu, uzsverot, ka klips tapis, uz vietas mekl\u0113jot un atkl\u0101jot jaunus risin\u0101jumus, un kadri pa\u0161i par sevi st\u0101sta iespaid\u012bgu vizu\u0101lo v\u0113st\u012bjumu.<\/p>\n<p>Dziesmas v\u0113st\u012bjums un grupas filozofija<\/p>\n<p>Dziesmas \u00abtev, tev, tev, tev\u00bb v\u0101rdu autors ir grupas solists Kristers Rudz\u012btis, kur\u0161 pau\u017e dzi\u013cu atzi\u0146u: \u201cT\u0101da \u012bst\u0101 laika un vietas nav, viss, kas mums pieder, ir tagad un tepat.\u201d \u0160\u012b filozofija atspogu\u013co grupas rado\u0161o darb\u012bbu, apvienojot sp\u0113c\u012bgu muzik\u0101lo saturu ar vizu\u0101li baud\u0101mu un p\u0101rdomas rosino\u0161u st\u0101stu, kas iedvesmo piev\u0113rsties mirklim \u201c\u0161eit un tagad\u201d. M\u016bziku produc\u0113jis un miks\u0113jis Arnis Ra\u010dinskis, bet klipa galveno t\u0113lu \u2013 z\u012blnieci \u2013 atveidojusi talant\u012bg\u0101 aktrise Ausma Anna Celmarauga.<\/p>\n<p>\u00abSub Scriptum\u00bb \u2013 rado\u0161ais kodols un atbalst\u012bt\u0101ju komanda<\/p>\n<p>\u00abSub Scriptum\u00bb sast\u0101v\u0101 muzic\u0113 Kristers Rudz\u012btis (vok\u0101ls), Maikls Drobins (bas\u0123it\u0101ra), Alvis Kozuls (solo \u0123it\u0101ra) un Armands Runcis (bungas). Grupa, kas dibin\u0101ta 2017. gad\u0101 Madon\u0101, sevi raksturo k\u0101 alternat\u012bv\u0101 indie roka izpild\u012bt\u0101jus, kam rakstur\u012bgas lip\u012bgas melodijas un ritmiski \u0101\u0137i, vienm\u0113r piepildot savus \u0161ovus ar jaunekl\u012bgu ener\u0123iju. Videoklipa tap\u0161an\u0101 pal\u012bdz\u0113jusi ar\u012b pla\u0161a atbalst\u012bt\u0101ju komanda, tostarp \u00abCinevilla Studio\u00bb un Andrejs \u0112\u0137is, te\u0101tra t\u0113rpu noma \u201cSers\u201d, fotogr\u0101fs R\u016bdolfs Tuti\u0146\u0161 un Keita Nikola Rasa. \u0160is projekts apliecina grupas sp\u0113ju rad\u012bt darbus, kas iedvesmo un atst\u0101j palieko\u0161u iespaidu uz skat\u012bt\u0101jiem.<\/p>\n","protected":false},"excerpt":{"rendered":"\u00abSub Scriptum\u00bb ar jaunu videoklipu iegremd\u0113 gangsteru est\u0113tik\u0101 un 20. gadsimta s\u0101kuma kino valod\u0101 Latvie\u0161u alternat\u012bv\u0101 indie rokgrupa&hellip;\n","protected":false},"author":2,"featured_media":38036,"comment_status":"","ping_status":"","sticky":false,"template":"","format":"standard","meta":{"footnotes":""},"categories":[19],"tags":[89,5527,90,35,39,38,194,36,37,34,40,439,442,441],"class_list":{"0":"post-38035","1":"post","2":"type-post","3":"status-publish","4":"format-standard","5":"has-post-thumbnail","7":"category-izklaide","8":"tag-entertainment","9":"tag-gangsteru-estetika","10":"tag-izklaide","11":"tag-latvia","12":"tag-latvian","13":"tag-latviesu","14":"tag-latviesu-muzika","15":"tag-latviesu-valoda","16":"tag-latviesuvaloda","17":"tag-latvija","18":"tag-lv","19":"tag-sub-scriptum","20":"tag-tev","21":"tag-videoklips"},"share_on_mastodon":{"url":"https:\/\/pubeurope.com\/@lv\/115481763138288006","error":""},"_links":{"self":[{"href":"https:\/\/www.europesays.com\/lv\/wp-json\/wp\/v2\/posts\/38035","targetHints":{"allow":["GET"]}}],"collection":[{"href":"https:\/\/www.europesays.com\/lv\/wp-json\/wp\/v2\/posts"}],"about":[{"href":"https:\/\/www.europesays.com\/lv\/wp-json\/wp\/v2\/types\/post"}],"author":[{"embeddable":true,"href":"https:\/\/www.europesays.com\/lv\/wp-json\/wp\/v2\/users\/2"}],"replies":[{"embeddable":true,"href":"https:\/\/www.europesays.com\/lv\/wp-json\/wp\/v2\/comments?post=38035"}],"version-history":[{"count":0,"href":"https:\/\/www.europesays.com\/lv\/wp-json\/wp\/v2\/posts\/38035\/revisions"}],"wp:featuredmedia":[{"embeddable":true,"href":"https:\/\/www.europesays.com\/lv\/wp-json\/wp\/v2\/media\/38036"}],"wp:attachment":[{"href":"https:\/\/www.europesays.com\/lv\/wp-json\/wp\/v2\/media?parent=38035"}],"wp:term":[{"taxonomy":"category","embeddable":true,"href":"https:\/\/www.europesays.com\/lv\/wp-json\/wp\/v2\/categories?post=38035"},{"taxonomy":"post_tag","embeddable":true,"href":"https:\/\/www.europesays.com\/lv\/wp-json\/wp\/v2\/tags?post=38035"}],"curies":[{"name":"wp","href":"https:\/\/api.w.org\/{rel}","templated":true}]}}