{"id":38048,"date":"2025-11-02T19:52:12","date_gmt":"2025-11-02T19:52:12","guid":{"rendered":"https:\/\/www.europesays.com\/lv\/38048\/"},"modified":"2025-11-02T19:52:12","modified_gmt":"2025-11-02T19:52:12","slug":"nedelas-sakums-bus-lietains-pec-tam-nokrisnu-bus-mazak","status":"publish","type":"post","link":"https:\/\/www.europesays.com\/lv\/38048\/","title":{"rendered":"Ned\u0113\u013cas s\u0101kums b\u016bs lietains, p\u0113c tam nokri\u0161\u0146u b\u016bs maz\u0101k"},"content":{"rendered":"<p>Jaun\u0101s ned\u0113\u013cas s\u0101kum\u0101 v\u0113l aizvien b\u016bs v\u0113rojami lietus m\u0101ko\u0146i, savuk\u0101rt no ned\u0113\u013cas vidus nokri\u0161\u0146u daudzums jau mazin\u0101sies, prognoz\u0113 Latvijas Vides \u0123eolo\u0123ijas un meteorolo\u0123ijas centrs.<\/p>\n<p>Pirmdiena b\u016bs pel\u0113c\u012bga. Nakt\u012b l\u012bs centr\u0101lajos un austrumu rajonos, savuk\u0101rt dien\u0101 palaikam neliels lietus, smidzin\u0101\u0161ana gaid\u0101ma teritorijas liel\u0101kaj\u0101 da\u013c\u0101. P\u016b\u0161ot l\u0113nam v\u0113jam, nakt\u012b un no r\u012bta atsevi\u0161\u0137os rajonos veidosies migla, kas pasliktin\u0101s redzam\u012bbu. Minim\u0101l\u0101 gaisa temperat\u016bra nakt\u012b b\u016bs +6\u2026+9, savuk\u0101rt dien\u0101 gaiss iesils l\u012bdz +7\u2026+11. <\/p>\n<p>Otrdien debesis b\u016bs m\u0101ko\u0146ainas, viet\u0101m t\u0101s skaidrosies. Viet\u0101m m\u0101ko\u0146i nes\u012bs nelielu lietu, visliel\u0101kais nokri\u0161\u0146u daudzums gaid\u0101ms nakt\u012b valsts austrumu da\u013c\u0101. Nakts un r\u012bta stund\u0101s viet\u0101m, galvenok\u0101rt austrumos, veidosies migla, savuk\u0101rt p\u0113cpusdien\u0101 t\u0101 var veidoties valsts rietumos. P\u016bt\u012bs l\u0113ns l\u012bdz m\u0113rens dienvidrietumu, rietumu v\u0113j\u0161, kas no nakts vidus pak\u0101peniski iegriez\u012bsies no dienvidiem, dienvidrietumiem. <\/p>\n<p>Tre\u0161dien b\u016bs liel\u0101koties m\u0101ko\u0146ains laiks, ta\u010du dien\u0101 debesis viet\u0101m skaidrosies. Neliels lietus gaid\u0101ms vien viet\u0101m. Nakt\u012b atsevi\u0161\u0137os rajonos veidosies migla, kas pasliktin\u0101s redzam\u012bbu. P\u016bt\u012bs l\u0113ns l\u012bdz m\u0113rens dienvidu, dienvidrietumu v\u0113j\u0161. Nakt\u012b gaisa temperat\u016bra pazemin\u0101sies l\u012bdz +6\u2026+11, valsts dienvidaustrumos b\u016bs par da\u017eiem gr\u0101diem v\u0113s\u0101k \u2013 tur nakts minim\u0101l\u0101 gaisa temperat\u016bra b\u016bs +4\u2026+6, savuk\u0101rt diennakts gai\u0161aj\u0101 laik\u0101 gaiss iesils l\u012bdz +10\u2026+13. <\/p>\n<p class=\"m-0\">Seko &#8220;Delfi&#8221; ar\u012b  <a target=\"_blank\" href=\"https:\/\/www.instagram.com\/delfi.lv\/\" rel=\"nofollow noopener\">Instagram<\/a>  un <a target=\"_blank\" href=\"https:\/\/www.youtube.com\/channel\/UCw5foWtcJvAbUm64rv7jwUQ\" rel=\"nofollow noopener\">YouTube<\/a>  profil\u0101 \u2013 pievienojies, lai uzzin\u0101tu svar\u012bg\u0101ko un interesant\u0101ko pirmais!<\/p>\n<p>Publik\u0101cijas saturs vai t\u0101s jebk\u0101da apjoma da\u013ca ir aizsarg\u0101ts autorties\u012bbu objekts Autorties\u012bbu likuma izpratn\u0113, un t\u0101 izmanto\u0161ana bez izdev\u0113ja at\u013caujas ir aizliegta. Vair\u0101k lasi  <a target=\"_blank\" href=\"https:\/\/www.delfi.lv\/noteikumi#autortiesibas\" rel=\"nofollow noopener\">\u0161eit<\/a><script async src=\"\/\/www.instagram.com\/embed.js\"><\/script><\/p>\n","protected":false},"excerpt":{"rendered":"Jaun\u0101s ned\u0113\u013cas s\u0101kum\u0101 v\u0113l aizvien b\u016bs v\u0113rojami lietus m\u0101ko\u0146i, savuk\u0101rt no ned\u0113\u013cas vidus nokri\u0161\u0146u daudzums jau mazin\u0101sies, prognoz\u0113&hellip;\n","protected":false},"author":2,"featured_media":38049,"comment_status":"","ping_status":"","sticky":false,"template":"","format":"standard","meta":{"footnotes":""},"categories":[5],"tags":[23,28,29,32,33,3375,22,30,31,35,39,38,36,37,34,7186,40,20,26,27,24,25,21],"class_list":{"0":"post-38048","1":"post","2":"type-post","3":"status-publish","4":"format-standard","5":"has-post-thumbnail","7":"category-aktualitates","8":"tag-aktualitates","9":"tag-breaking-news","10":"tag-breakingnews","11":"tag-featured-news","12":"tag-featurednews","13":"tag-geologijas-un-meteorologijas-centrs","14":"tag-headlines","15":"tag-latest-news","16":"tag-latestnews","17":"tag-latvia","18":"tag-latvian","19":"tag-latviesu","20":"tag-latviesu-valoda","21":"tag-latviesuvaloda","22":"tag-latvija","23":"tag-latvijas-vides","24":"tag-lv","25":"tag-news","26":"tag-popularakas-zinas","27":"tag-popularakaszinas","28":"tag-top-stories","29":"tag-topstories","30":"tag-zinas"},"share_on_mastodon":{"url":"https:\/\/pubeurope.com\/@lv\/115481853509365915","error":""},"_links":{"self":[{"href":"https:\/\/www.europesays.com\/lv\/wp-json\/wp\/v2\/posts\/38048","targetHints":{"allow":["GET"]}}],"collection":[{"href":"https:\/\/www.europesays.com\/lv\/wp-json\/wp\/v2\/posts"}],"about":[{"href":"https:\/\/www.europesays.com\/lv\/wp-json\/wp\/v2\/types\/post"}],"author":[{"embeddable":true,"href":"https:\/\/www.europesays.com\/lv\/wp-json\/wp\/v2\/users\/2"}],"replies":[{"embeddable":true,"href":"https:\/\/www.europesays.com\/lv\/wp-json\/wp\/v2\/comments?post=38048"}],"version-history":[{"count":0,"href":"https:\/\/www.europesays.com\/lv\/wp-json\/wp\/v2\/posts\/38048\/revisions"}],"wp:featuredmedia":[{"embeddable":true,"href":"https:\/\/www.europesays.com\/lv\/wp-json\/wp\/v2\/media\/38049"}],"wp:attachment":[{"href":"https:\/\/www.europesays.com\/lv\/wp-json\/wp\/v2\/media?parent=38048"}],"wp:term":[{"taxonomy":"category","embeddable":true,"href":"https:\/\/www.europesays.com\/lv\/wp-json\/wp\/v2\/categories?post=38048"},{"taxonomy":"post_tag","embeddable":true,"href":"https:\/\/www.europesays.com\/lv\/wp-json\/wp\/v2\/tags?post=38048"}],"curies":[{"name":"wp","href":"https:\/\/api.w.org\/{rel}","templated":true}]}}