{"id":38050,"date":"2025-11-02T19:56:11","date_gmt":"2025-11-02T19:56:11","guid":{"rendered":"https:\/\/www.europesays.com\/lv\/38050\/"},"modified":"2025-11-02T19:56:11","modified_gmt":"2025-11-02T19:56:11","slug":"vini-naks-ilona-maska-tevs-pastastija-par-krievu-uzbrukumu","status":"publish","type":"post","link":"https:\/\/www.europesays.com\/lv\/38050\/","title":{"rendered":"\u00abVi\u0146i n\u0101ks?!\u00bb Ilona Maska t\u0113vs past\u0101st\u012bja par krievu uzbrukumu"},"content":{"rendered":"<p>Rietumu valstu iedz\u012bvot\u0101ji kop\u0161 b\u0113rn\u012bbas dzird apgalvojumus, ka \u00abkrievi uzbr\u016bk\u00bb, pazi\u0146oja Ilona Maska t\u0113vs Errols.<\/p>\n<p>Iesp\u0113jams, cilv\u0113kiem Krievij\u0101 teica to pa\u0161u par eiropie\u0161iem un amerik\u0101\u0146iem, pie\u013c\u0101va Maska t\u0113vs, ierodoties Krievij\u0101.<\/p>\n<p>L\u012bdz\u012bgas ba\u017eas par krieviem dzird\u0113jis ar\u012b pats Errols Masks. \u00abVi\u0146i n\u0101ks, lai tevi nogalin\u0101tu, un viss tiks izn\u012bcin\u0101ts,\u00bb \u2014 vi\u0146\u0161 cit\u0113ja da\u017eas no t\u0101m.<\/p>\n<p>Uz\u0146\u0113m\u0113ja t\u0113vs ar\u012b dal\u012bj\u0101s sav\u0101 pieredz\u0113, apmekl\u0113jot Krievij\u0101 Tehnisk\u0101s muzeju. Tur vi\u0146\u0161 redz\u0113ja Bre\u017e\u0146eva limuz\u012bnu, kur\u0101 bija ieb\u016bv\u0113ta sarkana poga. Nospie\u017eot to, tika aktiviz\u0113tas antenas, kas \u013c\u0101va palaist ballistisk\u0101s ra\u0137etes uz Eiropas un ASV valst\u012bm, skaidroja Ilona Maska t\u0113vs.<\/p>\n<p>\u00abKrievie\u0161iem \u0161eit teica, ka vi\u0146iem tas j\u0101dara. Un mums teica, ka no m\u016bsu puses mums ar\u012b tas j\u0101dara,\u00bb \u2014 piev\u0113rsa uzman\u012bbu Errols Masks. Vi\u0146a v\u0101rdiem, abas puses redz\u0113ja viena otru k\u0101 trakas, no kur\u0101m var\u0113ja gaid\u012bt piln\u012bgi visu.<\/p>\n","protected":false},"excerpt":{"rendered":"Rietumu valstu iedz\u012bvot\u0101ji kop\u0161 b\u0113rn\u012bbas dzird apgalvojumus, ka \u00abkrievi uzbr\u016bk\u00bb, pazi\u0146oja Ilona Maska t\u0113vs Errols. Iesp\u0113jams, cilv\u0113kiem Krievij\u0101&hellip;\n","protected":false},"author":2,"featured_media":38051,"comment_status":"","ping_status":"","sticky":false,"template":"","format":"standard","meta":{"footnotes":""},"categories":[14],"tags":[23,57,28,29,32,33,22,30,31,35,39,38,36,37,34,40,20,26,27,24,25,54,55,56,21,58],"class_list":{"0":"post-38050","1":"post","2":"type-post","3":"status-publish","4":"format-standard","5":"has-post-thumbnail","7":"category-zinas-no-arvalstim","8":"tag-aktualitates","9":"tag-arvalstim","10":"tag-breaking-news","11":"tag-breakingnews","12":"tag-featured-news","13":"tag-featurednews","14":"tag-headlines","15":"tag-latest-news","16":"tag-latestnews","17":"tag-latvia","18":"tag-latvian","19":"tag-latviesu","20":"tag-latviesu-valoda","21":"tag-latviesuvaloda","22":"tag-latvija","23":"tag-lv","24":"tag-news","25":"tag-popularakas-zinas","26":"tag-popularakaszinas","27":"tag-top-stories","28":"tag-topstories","29":"tag-world","30":"tag-world-news","31":"tag-worldnews","32":"tag-zinas","33":"tag-zinas-no-arvalstim"},"share_on_mastodon":{"url":"https:\/\/pubeurope.com\/@lv\/115481869208759975","error":""},"_links":{"self":[{"href":"https:\/\/www.europesays.com\/lv\/wp-json\/wp\/v2\/posts\/38050","targetHints":{"allow":["GET"]}}],"collection":[{"href":"https:\/\/www.europesays.com\/lv\/wp-json\/wp\/v2\/posts"}],"about":[{"href":"https:\/\/www.europesays.com\/lv\/wp-json\/wp\/v2\/types\/post"}],"author":[{"embeddable":true,"href":"https:\/\/www.europesays.com\/lv\/wp-json\/wp\/v2\/users\/2"}],"replies":[{"embeddable":true,"href":"https:\/\/www.europesays.com\/lv\/wp-json\/wp\/v2\/comments?post=38050"}],"version-history":[{"count":0,"href":"https:\/\/www.europesays.com\/lv\/wp-json\/wp\/v2\/posts\/38050\/revisions"}],"wp:featuredmedia":[{"embeddable":true,"href":"https:\/\/www.europesays.com\/lv\/wp-json\/wp\/v2\/media\/38051"}],"wp:attachment":[{"href":"https:\/\/www.europesays.com\/lv\/wp-json\/wp\/v2\/media?parent=38050"}],"wp:term":[{"taxonomy":"category","embeddable":true,"href":"https:\/\/www.europesays.com\/lv\/wp-json\/wp\/v2\/categories?post=38050"},{"taxonomy":"post_tag","embeddable":true,"href":"https:\/\/www.europesays.com\/lv\/wp-json\/wp\/v2\/tags?post=38050"}],"curies":[{"name":"wp","href":"https:\/\/api.w.org\/{rel}","templated":true}]}}