{"id":38058,"date":"2025-11-02T20:05:13","date_gmt":"2025-11-02T20:05:13","guid":{"rendered":"https:\/\/www.europesays.com\/lv\/38058\/"},"modified":"2025-11-02T20:05:13","modified_gmt":"2025-11-02T20:05:13","slug":"sleseram-naves-draudus-izteikusais-cilveks-nogadats-arstniecibas-iestade-2","status":"publish","type":"post","link":"https:\/\/www.europesays.com\/lv\/38058\/","title":{"rendered":"\u0160leseram n\u0101ves draudus izteiku\u0161ais cilv\u0113ks nog\u0101d\u0101ts \u0101rstniec\u012bbas iest\u0101d\u0113"},"content":{"rendered":"<p>Partijas &#8220;Latvija pirmaj\u0101 viet\u0101&#8221; (LPV) l\u012bderim Ain\u0101ram \u0160leseram n\u0101ves draudus izteiku\u0161ais cilv\u0113ks nog\u0101d\u0101ts \u0101rstniec\u012bbas iest\u0101d\u0113, a\u0123ent\u016bra LETA noskaidroja Valsts policij\u0101 (VP).<\/p>\n<p>Veicot turpm\u0101kas darb\u012bbas krimin\u0101lproces\u0101, saska\u0146ojot ar prokurat\u016bru un \u0101rstniec\u012bbas iest\u0101di, konkr\u0113t\u0101 persona saska\u0146\u0101 ar \u0100rstniec\u012bbas likumu nog\u0101d\u0101ta \u0101rstniec\u012bbas iest\u0101d\u0113. Personai noz\u012bm\u0113tas ekspert\u012bzes.<\/p>\n<p>Pla\u0161\u0101kus koment\u0101rus VP \u0161obr\u012bd nesniegs.<\/p>\n<p>Lasiet ar\u012b<\/p>\n<p><a href=\"https:\/\/www.delfi.lv\/161\/criminal\/120093522\/policija-sak-kriminalprocesu-un-aiztur-sleseram-naves-draudus-izteikuso-cilveku\" class=\"headline__image-link\" itemprop=\"url\" rel=\"nofollow noopener\" target=\"_blank\"><img decoding=\"async\" loading=\"lazy\" itemprop=\"image\" src=\"https:\/\/www.europesays.com\/lv\/wp-content\/uploads\/2025\/11\/8fab6568-73fc-4994-b12a-7b9d52a5359c.jpg\" alt=\"Policija s\u0101k krimin\u0101lprocesu un aiztur \u0160leseram n\u0101ves draudus izteiku\u0161o cilv\u0113ku\" title=\"Policija s\u0101k krimin\u0101lprocesu un aiztur \u0160leseram n\u0101ves draudus izteiku\u0161o cilv\u0113ku\" class=\"headline__image img-fluid w-100\"\/><\/a><\/p>\n<p>K\u0101 zi\u0146ots, VP sestdien aiztur\u0113ja \u0160leseram n\u0101ves draudus izteiku\u0161o cilv\u0113ku, un t\u0101 atrad\u0101s \u012bslaic\u012bgas aiztur\u0113\u0161anas viet\u0101.<\/p>\n<p>Par notiku\u0161o ir s\u0101kts krimin\u0101lprocess p\u0113c Krimin\u0101llikuma 132. panta par draudiem izdar\u012bt slepkav\u012bbu un nodar\u012bt smagu miesas boj\u0101jumu, ja ir bijis pamats baid\u012bties, ka \u0161ie draudi var tikt izpild\u012bti. Par \u0161\u0101du noziegumu, ja t\u0101ds tiek konstat\u0113ts, Krimin\u0101llikum\u0101 paredz\u0113ts sods ar br\u012bv\u012bbas at\u0146em\u0161anu uz laiku l\u012bdz vienam gadam vai ar \u012bslaic\u012bgu br\u012bv\u012bbas at\u0146em\u0161anu, vai ar prob\u0101cijas uzraudz\u012bbu.<\/p>\n<p>Policij\u0101 skaidro, ka izmekl\u0113\u0161ana turpin\u0101s prokurat\u016bras uzraudz\u012bb\u0101, lai saprastu t\u0101l\u0101ku procesa virz\u012bbu un perspekt\u012bvu.<\/p>\n<p>\u0145emot v\u0113r\u0101 personas datu aizsardz\u012bbu, policija nevar koment\u0113t personas darb\u012bbu mot\u012bvus, lai gan tie esot saprotami, jo cilv\u0113ks iepriek\u0161 jau ir non\u0101cis gan policijas, gan medi\u0137u redzeslok\u0101.<\/p>\n<p>Veikti pas\u0101kumi, lai noskaidrotu personas atra\u0161an\u0101s vietu, jo policijai netika sniegta inform\u0101cija, ka persona ir izlaista no medic\u012bnas iest\u0101des, kur iepriek\u0161 tika nog\u0101d\u0101ta.<\/p>\n<p>VP iesniegumu par notiku\u0161o sa\u0146\u0113musi vakar ap plkst. 23. Iesniegums saska\u0146\u0101 ar Krimin\u0101lprocesa likuma 7. pantu \u0161\u0101dos gad\u012bjumos &#8211; par draudiem izdar\u012bt slepkav\u012bbu, ja ir bijis pamats baid\u012bties, ka \u0161ie draudi var tikt izpild\u012bti &#8211; ir nepiecie\u0161ams, lai uzs\u0101ktu krimin\u0101lprocesu.<\/p>\n<p>Jau v\u0113st\u012bts, ka \u0160leseram vakar izteikti draudi no\u0161aut, t\u0101p\u0113c vi\u0146\u0161 v\u0113rsies &#8220;dro\u0161\u012bbas dienestos&#8221;, teikts partijas izplat\u012btaj\u0101 pazi\u0146ojum\u0101.<\/p>\n<p>LPV p\u0101rst\u0101ve L\u012bga Krap\u0101ne a\u0123ent\u016brai LETA preciz\u0113ja, ka \u0160lesers draudus sa\u0146\u0113mis s\u016bt\u012bjum\u0101 soci\u0101lajos medijos. P\u0113c tam \u0160lesers uzreiz v\u0113rsies policij\u0101.<\/p>\n<p>Valsts policijas Sabiedrisko attiec\u012bbu noda\u013c\u0101 a\u0123ent\u016bru LETA iepriek\u0161 inform\u0113ja, ka interneta vid\u0113 izplat\u012bts video, kur\u0101, iesp\u0113jams, izteikti draudi un bijusi v\u0113rojama pret personu v\u0113rsta agres\u012bva uzved\u012bba. Policija noskaidrojusi video autoru un s\u0101kusi administrat\u012bvo procesu.<\/p>\n<p>\u0160lesera partija, kuras politi\u0137i pa\u0161i nereti izce\u013cas ar agres\u012bvu retoriku, pazi\u0146ojum\u0101 vaino savus politiskos oponentus, kas kurinot naidu pret \u0160leseru, kas savuk\u0101rt esot novedis pie draudiem.<\/p>\n<p class=\"m-0\">Seko &#8220;Delfi&#8221; ar\u012b  <a target=\"_blank\" href=\"https:\/\/www.instagram.com\/delfi.lv\/\" rel=\"nofollow noopener\">Instagram<\/a>  un <a target=\"_blank\" href=\"https:\/\/www.youtube.com\/channel\/UCw5foWtcJvAbUm64rv7jwUQ\" rel=\"nofollow noopener\">YouTube<\/a>  profil\u0101 \u2013 pievienojies, lai uzzin\u0101tu svar\u012bg\u0101ko un interesant\u0101ko pirmais!<\/p>\n<p>Publik\u0101cijas saturs vai t\u0101s jebk\u0101da apjoma da\u013ca ir aizsarg\u0101ts autorties\u012bbu objekts Autorties\u012bbu likuma izpratn\u0113, un t\u0101 izmanto\u0161ana bez izdev\u0113ja at\u013caujas ir aizliegta. Vair\u0101k lasi  <a target=\"_blank\" href=\"https:\/\/www.delfi.lv\/noteikumi#autortiesibas\" rel=\"nofollow noopener\">\u0161eit<\/a><script async src=\"\/\/www.instagram.com\/embed.js\"><\/script><\/p>\n","protected":false},"excerpt":{"rendered":"Partijas &#8220;Latvija pirmaj\u0101 viet\u0101&#8221; (LPV) l\u012bderim Ain\u0101ram \u0160leseram n\u0101ves draudus izteiku\u0161ais cilv\u0113ks nog\u0101d\u0101ts \u0101rstniec\u012bbas iest\u0101d\u0113, a\u0123ent\u016bra LETA noskaidroja&hellip;\n","protected":false},"author":2,"featured_media":38059,"comment_status":"","ping_status":"","sticky":false,"template":"","format":"standard","meta":{"footnotes":""},"categories":[5],"tags":[1255,23,28,29,32,33,22,30,31,35,39,38,36,37,34,40,20,26,27,24,25,21],"class_list":{"0":"post-38058","1":"post","2":"type-post","3":"status-publish","4":"format-standard","5":"has-post-thumbnail","7":"category-aktualitates","8":"tag-ainars-slesers","9":"tag-aktualitates","10":"tag-breaking-news","11":"tag-breakingnews","12":"tag-featured-news","13":"tag-featurednews","14":"tag-headlines","15":"tag-latest-news","16":"tag-latestnews","17":"tag-latvia","18":"tag-latvian","19":"tag-latviesu","20":"tag-latviesu-valoda","21":"tag-latviesuvaloda","22":"tag-latvija","23":"tag-lv","24":"tag-news","25":"tag-popularakas-zinas","26":"tag-popularakaszinas","27":"tag-top-stories","28":"tag-topstories","29":"tag-zinas"},"share_on_mastodon":{"url":"https:\/\/pubeurope.com\/@lv\/115481904756198422","error":""},"_links":{"self":[{"href":"https:\/\/www.europesays.com\/lv\/wp-json\/wp\/v2\/posts\/38058","targetHints":{"allow":["GET"]}}],"collection":[{"href":"https:\/\/www.europesays.com\/lv\/wp-json\/wp\/v2\/posts"}],"about":[{"href":"https:\/\/www.europesays.com\/lv\/wp-json\/wp\/v2\/types\/post"}],"author":[{"embeddable":true,"href":"https:\/\/www.europesays.com\/lv\/wp-json\/wp\/v2\/users\/2"}],"replies":[{"embeddable":true,"href":"https:\/\/www.europesays.com\/lv\/wp-json\/wp\/v2\/comments?post=38058"}],"version-history":[{"count":0,"href":"https:\/\/www.europesays.com\/lv\/wp-json\/wp\/v2\/posts\/38058\/revisions"}],"wp:featuredmedia":[{"embeddable":true,"href":"https:\/\/www.europesays.com\/lv\/wp-json\/wp\/v2\/media\/38059"}],"wp:attachment":[{"href":"https:\/\/www.europesays.com\/lv\/wp-json\/wp\/v2\/media?parent=38058"}],"wp:term":[{"taxonomy":"category","embeddable":true,"href":"https:\/\/www.europesays.com\/lv\/wp-json\/wp\/v2\/categories?post=38058"},{"taxonomy":"post_tag","embeddable":true,"href":"https:\/\/www.europesays.com\/lv\/wp-json\/wp\/v2\/tags?post=38058"}],"curies":[{"name":"wp","href":"https:\/\/api.w.org\/{rel}","templated":true}]}}