{"id":38070,"date":"2025-11-02T20:21:15","date_gmt":"2025-11-02T20:21:15","guid":{"rendered":"https:\/\/www.europesays.com\/lv\/38070\/"},"modified":"2025-11-02T20:21:15","modified_gmt":"2025-11-02T20:21:15","slug":"pludos-vjetnama-35-bojagajusie-tv3-lv","status":"publish","type":"post","link":"https:\/\/www.europesays.com\/lv\/38070\/","title":{"rendered":"Pl\u016bdos Vjetnam\u0101 35 boj\u0101g\u0101ju\u0161ie | tv3.lv"},"content":{"rendered":"<p class=\"lead mb-md-2 mb-1 js-tv3-orphus\">Lietavu izrais\u012btos pl\u016bdos Vjetnamas centr\u0101laj\u0101 da\u013c\u0101 \u0161oned\u0113\u013c g\u0101ju\u0161i boj\u0101 35 cilv\u0113ki, sv\u0113tdien pazi\u0146oja katastrofu seku likvid\u0113\u0161anas dienesta amatpersonas.\n<\/p>\n<p>V\u0113l pieci cilv\u0113ki ir pazudu\u0161i bez v\u0113sts.<\/p>\n<p>Pa\u0161laik v\u0113l ir appl\u016bdu\u0161as vair\u0101k nek\u0101 16 500 m\u0101jas, bet pl\u016bdu gait\u0101 appl\u016bdu\u0161as pavisam vair\u0101k nek\u0101 100 000 m\u0101jas.<\/p>\n<p>G\u0101ju\u0161i boj\u0101 vair\u0101k nek\u0101 40 000 m\u0101jputnu un m\u0101jlopu, k\u0101 ar\u012b izpost\u012btas lauksaimniec\u012bbas zemes 5300 hekt\u0101ru plat\u012bb\u0101.<\/p>\n<p>Appl\u016bdusi ar\u012b t\u016bristu iecien\u012bt\u0101 UNESCO Pasaules mantojuma sarakst\u0101 iek\u013caut\u0101 Hoijanas vecpils\u0113ta, kur cilv\u0113ki p\u0101rvietojas ar laiv\u0101m.<\/p>\n<p class=\"tv3-fw-500\">Zi\u0146o par k\u013c\u016bdu rakst\u0101<\/p>\n<p class=\"d-md-block d-none\">Iez\u012bm\u0113 k\u013c\u016bdaino tekstu un spied Ctrl+Enter.<\/p>\n<p class=\"d-md-none d-block\">Iez\u012bm\u0113 k\u013c\u016bdaino tekstu un zi\u0146o par to!<\/p>\n","protected":false},"excerpt":{"rendered":"Lietavu izrais\u012btos pl\u016bdos Vjetnamas centr\u0101laj\u0101 da\u013c\u0101 \u0161oned\u0113\u013c g\u0101ju\u0161i boj\u0101 35 cilv\u0113ki, sv\u0113tdien pazi\u0146oja katastrofu seku likvid\u0113\u0161anas dienesta amatpersonas.&hellip;\n","protected":false},"author":2,"featured_media":38071,"comment_status":"","ping_status":"","sticky":false,"template":"","format":"standard","meta":{"footnotes":""},"categories":[14],"tags":[23,57,28,29,32,33,22,30,31,35,39,38,36,37,34,40,20,11110,26,27,24,25,54,55,56,21,58],"class_list":{"0":"post-38070","1":"post","2":"type-post","3":"status-publish","4":"format-standard","5":"has-post-thumbnail","7":"category-zinas-no-arvalstim","8":"tag-aktualitates","9":"tag-arvalstim","10":"tag-breaking-news","11":"tag-breakingnews","12":"tag-featured-news","13":"tag-featurednews","14":"tag-headlines","15":"tag-latest-news","16":"tag-latestnews","17":"tag-latvia","18":"tag-latvian","19":"tag-latviesu","20":"tag-latviesu-valoda","21":"tag-latviesuvaloda","22":"tag-latvija","23":"tag-lv","24":"tag-news","25":"tag-pludivjetnama","26":"tag-popularakas-zinas","27":"tag-popularakaszinas","28":"tag-top-stories","29":"tag-topstories","30":"tag-world","31":"tag-world-news","32":"tag-worldnews","33":"tag-zinas","34":"tag-zinas-no-arvalstim"},"share_on_mastodon":{"url":"https:\/\/pubeurope.com\/@lv\/115481967700681148","error":""},"_links":{"self":[{"href":"https:\/\/www.europesays.com\/lv\/wp-json\/wp\/v2\/posts\/38070","targetHints":{"allow":["GET"]}}],"collection":[{"href":"https:\/\/www.europesays.com\/lv\/wp-json\/wp\/v2\/posts"}],"about":[{"href":"https:\/\/www.europesays.com\/lv\/wp-json\/wp\/v2\/types\/post"}],"author":[{"embeddable":true,"href":"https:\/\/www.europesays.com\/lv\/wp-json\/wp\/v2\/users\/2"}],"replies":[{"embeddable":true,"href":"https:\/\/www.europesays.com\/lv\/wp-json\/wp\/v2\/comments?post=38070"}],"version-history":[{"count":0,"href":"https:\/\/www.europesays.com\/lv\/wp-json\/wp\/v2\/posts\/38070\/revisions"}],"wp:featuredmedia":[{"embeddable":true,"href":"https:\/\/www.europesays.com\/lv\/wp-json\/wp\/v2\/media\/38071"}],"wp:attachment":[{"href":"https:\/\/www.europesays.com\/lv\/wp-json\/wp\/v2\/media?parent=38070"}],"wp:term":[{"taxonomy":"category","embeddable":true,"href":"https:\/\/www.europesays.com\/lv\/wp-json\/wp\/v2\/categories?post=38070"},{"taxonomy":"post_tag","embeddable":true,"href":"https:\/\/www.europesays.com\/lv\/wp-json\/wp\/v2\/tags?post=38070"}],"curies":[{"name":"wp","href":"https:\/\/api.w.org\/{rel}","templated":true}]}}