{"id":38076,"date":"2025-11-02T20:27:11","date_gmt":"2025-11-02T20:27:11","guid":{"rendered":"https:\/\/www.europesays.com\/lv\/38076\/"},"modified":"2025-11-02T20:27:11","modified_gmt":"2025-11-02T20:27:11","slug":"krievijas-jaunie-superkodolieroci-putina-draudi-vai-skals-blefs","status":"publish","type":"post","link":"https:\/\/www.europesays.com\/lv\/38076\/","title":{"rendered":"Krievijas jaunie superkodoliero\u010di \u2013 Putina draudi vai ska\u013c\u0161 blefs?"},"content":{"rendered":"<p>Tom\u0113r daudzi milit\u0101rie eksperti \u0161os pazi\u0146ojumus uztver ar skepsi. K\u0101 nor\u0101da Krievijas politikas p\u0113tnieks Marks Galeoti, \u201ctie ir b\u016bt\u012bb\u0101 pasaules gala iero\u010di \u2013 p\u0101r\u0101k sp\u0113c\u012bgi, lai tos izmantotu, ja vien neesi gatavs izn\u012bcin\u0101t visu plan\u0113tu\u201d. Abas sist\u0113mas \u2013 gan \u201cPoseidon\u201d, gan \u201cBurevest\u0146ik\u201d \u2013 tiek uzskat\u012btas par \u201cotr\u0101 trieciena\u201d jeb atrieb\u012bbas iero\u010diem, kas paredz\u0113ti tikai k\u0101 atbildes solis uz uzbrukumu Krievijai.<\/p>\n<p>Past\u0101v ar\u012b \u0161aubas par to, vai \u0161ie iero\u010di visp\u0101r darbojas. Jau 2019. gad\u0101 piecu Krievijas kodolin\u017eenieru n\u0101vi izrais\u012bja ra\u0137e\u0161u dzin\u0113ja spr\u0101dziens, ko da\u017ei eksperti saist\u012bja tie\u0161i ar \u201cBurevest\u0146ik\u201d izm\u0113\u0123in\u0101jumiem. Starptautiskais Strat\u0113\u0123isko p\u0113t\u012bjumu instit\u016bts (IISS) v\u0113l\u0101k nor\u0101d\u012bja, ka Krievija saskaras ar nopietn\u0101m tehnisk\u0101m probl\u0113m\u0101m, lai nodro\u0161in\u0101tu \u0161\u0101das ra\u0137etes dro\u0161u darb\u012bbu.<\/p>\n<p>Anal\u012bti\u0137i uzsver, ka Putina pazi\u0146ojumu laiks nav nejau\u0161s. P\u0113c tam, kad ASV prezidents Donalds Tramps atteic\u0101s no pl\u0101not\u0101 samita ar Putinu un noteica sankcijas Krievijas liel\u0101kajiem naftas uz\u0146\u0113mumiem, Maskava, iesp\u0113jams, mekl\u0113 veidu, k\u0101 atg\u016bt Va\u0161ingtonas uzman\u012bbu. K\u0101 nor\u0101da Galeoti, \u0161\u0101di iero\u010du testi kalpo, lai \u201catg\u0101din\u0101tu Trampam par Krievijas sp\u0113ku\u201d laik\u0101, kad vi\u0146\u0161 sv\u0101rst\u0101s starp atbalstu Ukrainai un pielaid\u012bbu Maskavai.<\/p>\n<p class=\"tv3-fw-500\">Zi\u0146o par k\u013c\u016bdu rakst\u0101<\/p>\n<p class=\"d-md-block d-none\">Iez\u012bm\u0113 k\u013c\u016bdaino tekstu un spied Ctrl+Enter.<\/p>\n<p class=\"d-md-none d-block\">Iez\u012bm\u0113 k\u013c\u016bdaino tekstu un zi\u0146o par to!<\/p>\n","protected":false},"excerpt":{"rendered":"Tom\u0113r daudzi milit\u0101rie eksperti \u0161os pazi\u0146ojumus uztver ar skepsi. K\u0101 nor\u0101da Krievijas politikas p\u0113tnieks Marks Galeoti, \u201ctie ir&hellip;\n","protected":false},"author":2,"featured_media":38077,"comment_status":"","ping_status":"","sticky":false,"template":"","format":"standard","meta":{"footnotes":""},"categories":[14],"tags":[23,57,28,29,32,33,22,11112,30,31,35,39,38,36,37,34,40,20,26,27,24,25,54,55,56,21,58],"class_list":{"0":"post-38076","1":"post","2":"type-post","3":"status-publish","4":"format-standard","5":"has-post-thumbnail","7":"category-zinas-no-arvalstim","8":"tag-aktualitates","9":"tag-arvalstim","10":"tag-breaking-news","11":"tag-breakingnews","12":"tag-featured-news","13":"tag-featurednews","14":"tag-headlines","15":"tag-kodolraketeskrievijavladimirs-putins","16":"tag-latest-news","17":"tag-latestnews","18":"tag-latvia","19":"tag-latvian","20":"tag-latviesu","21":"tag-latviesu-valoda","22":"tag-latviesuvaloda","23":"tag-latvija","24":"tag-lv","25":"tag-news","26":"tag-popularakas-zinas","27":"tag-popularakaszinas","28":"tag-top-stories","29":"tag-topstories","30":"tag-world","31":"tag-world-news","32":"tag-worldnews","33":"tag-zinas","34":"tag-zinas-no-arvalstim"},"share_on_mastodon":{"url":"https:\/\/pubeurope.com\/@lv\/115481991140867559","error":""},"_links":{"self":[{"href":"https:\/\/www.europesays.com\/lv\/wp-json\/wp\/v2\/posts\/38076","targetHints":{"allow":["GET"]}}],"collection":[{"href":"https:\/\/www.europesays.com\/lv\/wp-json\/wp\/v2\/posts"}],"about":[{"href":"https:\/\/www.europesays.com\/lv\/wp-json\/wp\/v2\/types\/post"}],"author":[{"embeddable":true,"href":"https:\/\/www.europesays.com\/lv\/wp-json\/wp\/v2\/users\/2"}],"replies":[{"embeddable":true,"href":"https:\/\/www.europesays.com\/lv\/wp-json\/wp\/v2\/comments?post=38076"}],"version-history":[{"count":0,"href":"https:\/\/www.europesays.com\/lv\/wp-json\/wp\/v2\/posts\/38076\/revisions"}],"wp:featuredmedia":[{"embeddable":true,"href":"https:\/\/www.europesays.com\/lv\/wp-json\/wp\/v2\/media\/38077"}],"wp:attachment":[{"href":"https:\/\/www.europesays.com\/lv\/wp-json\/wp\/v2\/media?parent=38076"}],"wp:term":[{"taxonomy":"category","embeddable":true,"href":"https:\/\/www.europesays.com\/lv\/wp-json\/wp\/v2\/categories?post=38076"},{"taxonomy":"post_tag","embeddable":true,"href":"https:\/\/www.europesays.com\/lv\/wp-json\/wp\/v2\/tags?post=38076"}],"curies":[{"name":"wp","href":"https:\/\/api.w.org\/{rel}","templated":true}]}}