{"id":38080,"date":"2025-11-02T20:33:17","date_gmt":"2025-11-02T20:33:17","guid":{"rendered":"https:\/\/www.europesays.com\/lv\/38080\/"},"modified":"2025-11-02T20:33:17","modified_gmt":"2025-11-02T20:33:17","slug":"turcija-ir-gatava-but-par-starpnieku-krievijas-un-ukrainas-miera-sarunas","status":"publish","type":"post","link":"https:\/\/www.europesays.com\/lv\/38080\/","title":{"rendered":"Turcija ir gatava b\u016bt par starpnieku Krievijas un Ukrainas miera sarun\u0101s"},"content":{"rendered":"<p>Vi\u0146\u0161 nor\u0101d\u012bja, ka Ankara ir gatava r\u012bkot ceturto sarunu k\u0101rtu starp valstu deleg\u0101cij\u0101m un iesp\u0113jamo l\u012bderu tik\u0161anos Stambul\u0101.<\/p>\n<p>&#8220;Tr\u012bs sarunu k\u0101rtas starp Krievijas un Ukrainas deleg\u0101cij\u0101m Stambul\u0101 ir devu\u0161as rezult\u0101tus, tostarp ieslodz\u012bto apmai\u0146u un tie\u0161a dialoga atjauno\u0161anu starp valst\u012bm. M\u0113s patiesi ticam, ka diplom\u0101tija joproj\u0101m ir vien\u012bgais ce\u013c\u0161 uz mierm\u012bl\u012bgu kr\u012bzes risin\u0101jumu Ukrain\u0101,&#8221; sac\u012bja Fidans.<\/p>\n<p>P\u0113c diplom\u0101ta teikt\u0101, <a href=\"https:\/\/www.apollo.lv\/term\/555475\/turcija\" class=\"topicLink\" target=\"_blank\" rel=\"nofollow noopener\">Turcija<\/a> turpin\u0101s atbalst\u012bt diplom\u0101tiskos centienus pan\u0101kt mieru un ir gatava sniegt savu platformu Ukrainas un Krievijas sarun\u0101m.<\/p>\n<p>Iepriek\u0161 Serbijas \u0101rlietu ministrs Marko D\u017euri\u010ds pazi\u0146oja, ka vi\u0146a valsts ir gatava organiz\u0113t sarunas starp Ukrainu un Krieviju.<\/p>\n<p>Vi\u0146\u0161 teica, ka Serbijas priek\u0161roc\u012bba ir t\u0101, ka t\u0101 uztur draudz\u012bgas attiec\u012bbas ar vis\u0101m konflikt\u0101 iesaist\u012btaj\u0101m pus\u0113m.<\/p>\n<p>&#8220;Ar\u012b Serbija ir starp valst\u012bm, kas pied\u0101v\u0101 savus pakalpojumus, \u0146emot v\u0113r\u0101 m\u016bsu pieredzi, ka m\u0113s esam draugi ar vis\u0101m iesaist\u012btaj\u0101m valst\u012bm, un m\u0113s var\u0113tu, ja nepiecie\u0161ams vai ja ir interese, r\u012bkot jebk\u0101das sarunas&#8230; par to, k\u0101 izbeigt \u0161o briesm\u012bgo tra\u0123\u0113diju, kas pras\u012bjusi tik daudz dz\u012bv\u012bbu un post\u012bjumu,&#8221; atz\u012bm\u0113ja D\u017euri\u010ds.<\/p>\n<p>Tikm\u0113r Krievijas diktatora Vladimira Putina preses sekret\u0101rs Dmitrijs Peskovs nesen ar\u012b izteic\u0101s par sarun\u0101m par karu Ukrain\u0101, sakot, ka t\u0101s ir p\u0101rv\u0113rtu\u0161\u0101s par &#8220;p\u0101rm\u0113r\u012bgi ieilgu\u0161u pauzi&#8221;.<\/p>\n<p>&#8220;Ne Putins, ne Tramps nev\u0113las tikties tikai tik\u0161an\u0101s d\u0113\u013c. Ir nepiecie\u0161ama sagatavo\u0161an\u0101s, lai b\u016btu rezult\u0101ts,&#8221; piebilda Peskovs.<\/p>\n","protected":false},"excerpt":{"rendered":"Vi\u0146\u0161 nor\u0101d\u012bja, ka Ankara ir gatava r\u012bkot ceturto sarunu k\u0101rtu starp valstu deleg\u0101cij\u0101m un iesp\u0113jamo l\u012bderu tik\u0161anos Stambul\u0101.&hellip;\n","protected":false},"author":2,"featured_media":38081,"comment_status":"","ping_status":"","sticky":false,"template":"","format":"standard","meta":{"footnotes":""},"categories":[14],"tags":[23,57,28,29,2283,32,33,22,30,31,35,39,38,36,37,34,40,20,26,27,24,25,2380,235,54,55,56,21,58],"class_list":{"0":"post-38080","1":"post","2":"type-post","3":"status-publish","4":"format-standard","5":"has-post-thumbnail","7":"category-zinas-no-arvalstim","8":"tag-aktualitates","9":"tag-arvalstim","10":"tag-breaking-news","11":"tag-breakingnews","12":"tag-donalds-tusks","13":"tag-featured-news","14":"tag-featurednews","15":"tag-headlines","16":"tag-latest-news","17":"tag-latestnews","18":"tag-latvia","19":"tag-latvian","20":"tag-latviesu","21":"tag-latviesu-valoda","22":"tag-latviesuvaloda","23":"tag-latvija","24":"tag-lv","25":"tag-news","26":"tag-popularakas-zinas","27":"tag-popularakaszinas","28":"tag-top-stories","29":"tag-topstories","30":"tag-turcija","31":"tag-vladimirs-putins","32":"tag-world","33":"tag-world-news","34":"tag-worldnews","35":"tag-zinas","36":"tag-zinas-no-arvalstim"},"share_on_mastodon":{"url":"https:\/\/pubeurope.com\/@lv\/115482014695194797","error":""},"_links":{"self":[{"href":"https:\/\/www.europesays.com\/lv\/wp-json\/wp\/v2\/posts\/38080","targetHints":{"allow":["GET"]}}],"collection":[{"href":"https:\/\/www.europesays.com\/lv\/wp-json\/wp\/v2\/posts"}],"about":[{"href":"https:\/\/www.europesays.com\/lv\/wp-json\/wp\/v2\/types\/post"}],"author":[{"embeddable":true,"href":"https:\/\/www.europesays.com\/lv\/wp-json\/wp\/v2\/users\/2"}],"replies":[{"embeddable":true,"href":"https:\/\/www.europesays.com\/lv\/wp-json\/wp\/v2\/comments?post=38080"}],"version-history":[{"count":0,"href":"https:\/\/www.europesays.com\/lv\/wp-json\/wp\/v2\/posts\/38080\/revisions"}],"wp:featuredmedia":[{"embeddable":true,"href":"https:\/\/www.europesays.com\/lv\/wp-json\/wp\/v2\/media\/38081"}],"wp:attachment":[{"href":"https:\/\/www.europesays.com\/lv\/wp-json\/wp\/v2\/media?parent=38080"}],"wp:term":[{"taxonomy":"category","embeddable":true,"href":"https:\/\/www.europesays.com\/lv\/wp-json\/wp\/v2\/categories?post=38080"},{"taxonomy":"post_tag","embeddable":true,"href":"https:\/\/www.europesays.com\/lv\/wp-json\/wp\/v2\/tags?post=38080"}],"curies":[{"name":"wp","href":"https:\/\/api.w.org\/{rel}","templated":true}]}}