{"id":38084,"date":"2025-11-02T20:39:13","date_gmt":"2025-11-02T20:39:13","guid":{"rendered":"https:\/\/www.europesays.com\/lv\/38084\/"},"modified":"2025-11-02T20:39:13","modified_gmt":"2025-11-02T20:39:13","slug":"lietuva-atrumu-uz-magistralem-regules-viedas-sistemas-ziema-atlaus-braukt-pat-lidz-130-km-h","status":"publish","type":"post","link":"https:\/\/www.europesays.com\/lv\/38084\/","title":{"rendered":"Lietuv\u0101 \u0101trumu uz ma\u0123istr\u0101l\u0113m regul\u0113s vied\u0101s sist\u0113mas: ziem\u0101 at\u013caus braukt pat l\u012bdz 130 km\/h"},"content":{"rendered":"<p>\u0100truma ierobe\u017eojumu autom\u0101tiski regul\u0113s inteli\u0123ent\u0101s transporta sist\u0113mas \u2013 main\u0101mie ce\u013ca z\u012bmes displeji, laikapst\u0101k\u013cu sensori un kameras. Sist\u0113ma analiz\u0113s datus re\u0101llaik\u0101 un noteiks dro\u0161\u0101ko \u0101trumu. Ja ce\u013c\u0161 b\u016bs sauss un temperat\u016bra pozit\u012bva, dr\u012bkst\u0113s braukt l\u012bdz 130 km\/h, bet, ja s\u0101ks snigt vai ce\u013c\u0161 k\u013c\u016bs slidens, \u0101trumu samazin\u0101s l\u012bdz 110 km\/h vai pat maz\u0101k.<\/p>\n<p>Lietuvas policija atbalsta iniciat\u012bvu, ta\u010du uzsver, ka ce\u013cu dro\u0161\u012bba galvenok\u0101rt atkar\u012bga no pa\u0161u vad\u012bt\u0101ju atbild\u012bbas. \u201cFakts, ka at\u013cauts braukt \u0101tr\u0101k, nenoz\u012bm\u0113, ka t\u0101 j\u0101dara vienm\u0113r. Vad\u012bt\u0101jiem j\u0101v\u0113rt\u0113 re\u0101lie apst\u0101k\u013ci \u2013 redzam\u012bba, ce\u013ca segums, laikapst\u0101k\u013ci,\u201d atg\u0101dina policijas p\u0101rst\u0101vis V\u012btauts Gra\u0161s. Policija sola veikt papildu kontroli viet\u0101s, kur \u0101trums tiks main\u012bts dinamiski.<\/p>\n<p>\u0160\u0101du sist\u0113mu jau veiksm\u012bgi izmanto V\u0101cij\u0101, un \u201cVia Lietuva\u201d to ievie\u0161, sadarbojoties ar v\u0101cu speci\u0101listiem. Dati no vair\u0101k\u0101m meteostacij\u0101m tiks atjaunoti ik p\u0113c 5\u201310 min\u016bt\u0113m, un, ja vismaz viens parametrs neatbild\u012bs dro\u0161\u012bbas nosac\u012bjumiem, maksim\u0101lais \u0101trums autom\u0101tiski tiks samazin\u0101ts. \u0160obr\u012bd valsts ce\u013cos darbojas 170 laikapst\u0101k\u013cu stacijas, kas re\u0101llaik\u0101 uzrauga ce\u013cu st\u0101vokli un pal\u012bdz gan uztur\u0113t\u0101jiem, gan autovad\u012bt\u0101jiem pl\u0101not braucienus dro\u0161\u0101k.<\/p>\n<p>\u201cVia Lietuva\u201d vad\u012bt\u0101js Mart\u012bns Gedaminsks nor\u0101da, ka sist\u0113ma ir gatava darbam un tiks ieviesta k\u0101 pilotprojekts no 1. novembra. N\u0101kotn\u0113 dinamisko \u0101truma regul\u0113jumu pl\u0101nots papla\u0161in\u0101t l\u012bdz Klaip\u0113dai un Polijas robe\u017eai. \u201c\u0160is ir solis uz gudr\u0101ku satiksmi \u2013 \u0101tr\u0101k, ja dro\u0161i, un l\u0113n\u0101k, ja apst\u0101k\u013ci to prasa. Galvenais \u2013 atbild\u012bga brauk\u0161ana,\u201d vi\u0146\u0161 uzsver.<\/p>\n<p class=\"tv3-fw-500\">Zi\u0146o par k\u013c\u016bdu rakst\u0101<\/p>\n<p class=\"d-md-block d-none\">Iez\u012bm\u0113 k\u013c\u016bdaino tekstu un spied Ctrl+Enter.<\/p>\n<p class=\"d-md-none d-block\">Iez\u012bm\u0113 k\u013c\u016bdaino tekstu un zi\u0146o par to!<\/p>\n","protected":false},"excerpt":{"rendered":"\u0100truma ierobe\u017eojumu autom\u0101tiski regul\u0113s inteli\u0123ent\u0101s transporta sist\u0113mas \u2013 main\u0101mie ce\u013ca z\u012bmes displeji, laikapst\u0101k\u013cu sensori un kameras. Sist\u0113ma analiz\u0113s&hellip;\n","protected":false},"author":2,"featured_media":38085,"comment_status":"","ping_status":"","sticky":false,"template":"","format":"standard","meta":{"footnotes":""},"categories":[14],"tags":[23,57,11117,28,29,32,33,22,30,31,35,39,38,36,37,34,40,20,26,27,24,25,54,55,56,21,58],"class_list":{"0":"post-38084","1":"post","2":"type-post","3":"status-publish","4":"format-standard","5":"has-post-thumbnail","7":"category-zinas-no-arvalstim","8":"tag-aktualitates","9":"tag-arvalstim","10":"tag-atlautais-brauksanas-atrumslietuvasoseja","11":"tag-breaking-news","12":"tag-breakingnews","13":"tag-featured-news","14":"tag-featurednews","15":"tag-headlines","16":"tag-latest-news","17":"tag-latestnews","18":"tag-latvia","19":"tag-latvian","20":"tag-latviesu","21":"tag-latviesu-valoda","22":"tag-latviesuvaloda","23":"tag-latvija","24":"tag-lv","25":"tag-news","26":"tag-popularakas-zinas","27":"tag-popularakaszinas","28":"tag-top-stories","29":"tag-topstories","30":"tag-world","31":"tag-world-news","32":"tag-worldnews","33":"tag-zinas","34":"tag-zinas-no-arvalstim"},"share_on_mastodon":{"url":"https:\/\/pubeurope.com\/@lv\/115482038296926013","error":""},"_links":{"self":[{"href":"https:\/\/www.europesays.com\/lv\/wp-json\/wp\/v2\/posts\/38084","targetHints":{"allow":["GET"]}}],"collection":[{"href":"https:\/\/www.europesays.com\/lv\/wp-json\/wp\/v2\/posts"}],"about":[{"href":"https:\/\/www.europesays.com\/lv\/wp-json\/wp\/v2\/types\/post"}],"author":[{"embeddable":true,"href":"https:\/\/www.europesays.com\/lv\/wp-json\/wp\/v2\/users\/2"}],"replies":[{"embeddable":true,"href":"https:\/\/www.europesays.com\/lv\/wp-json\/wp\/v2\/comments?post=38084"}],"version-history":[{"count":0,"href":"https:\/\/www.europesays.com\/lv\/wp-json\/wp\/v2\/posts\/38084\/revisions"}],"wp:featuredmedia":[{"embeddable":true,"href":"https:\/\/www.europesays.com\/lv\/wp-json\/wp\/v2\/media\/38085"}],"wp:attachment":[{"href":"https:\/\/www.europesays.com\/lv\/wp-json\/wp\/v2\/media?parent=38084"}],"wp:term":[{"taxonomy":"category","embeddable":true,"href":"https:\/\/www.europesays.com\/lv\/wp-json\/wp\/v2\/categories?post=38084"},{"taxonomy":"post_tag","embeddable":true,"href":"https:\/\/www.europesays.com\/lv\/wp-json\/wp\/v2\/tags?post=38084"}],"curies":[{"name":"wp","href":"https:\/\/api.w.org\/{rel}","templated":true}]}}