{"id":38086,"date":"2025-11-02T20:45:14","date_gmt":"2025-11-02T20:45:14","guid":{"rendered":"https:\/\/www.europesays.com\/lv\/38086\/"},"modified":"2025-11-02T20:45:14","modified_gmt":"2025-11-02T20:45:14","slug":"character-ai-aizliegs-nepilngadigajiem-izmantot-savus-mi-catbotus","status":"publish","type":"post","link":"https:\/\/www.europesays.com\/lv\/38086\/","title":{"rendered":"\u201cCharacter.AI\u201d aizliegs nepilngad\u012bgajiem izmantot savus MI \u010datbotus"},"content":{"rendered":"<p>Arvien vair\u0101k m\u0101ksl\u012bg\u0101 intelekta (MI) uz\u0146\u0113mumu ievie\u0161 noteikumus, lai padar\u012btu sazi\u0146u ar saviem \u010datbotiem lietot\u0101jam draudz\u012bg\u0101ku un dro\u0161\u0101ku. Ta\u010du \u201c<a href=\"https:\/\/kursors.lv\/2024\/12\/13\/catbots-mudina-pusaudzi-nogalinat-vecakus-par-telefona-izmantosanas-laika-ierobezosanu\/\" rel=\"nofollow noopener\" target=\"_blank\">Character.AI<\/a>\u201d nol\u0113mis iet v\u0113l t\u0101l\u0101k un pazi\u0146ojis, ka aizliegs lietot\u0101jiem, kuri jaun\u0101ki par 18 gadiem, komunic\u0113t ar saviem MI \u010datbotiem.\n<\/p>\n<p>Kalifornij\u0101 b\u0101z\u0113tais MI startaps inform\u0113jis, ka izmai\u0146as st\u0101sies sp\u0113k\u0101 ne v\u0113l\u0101k k\u0101 25. novembr\u012b. Ta\u010du pirms tam ierobe\u017eos laiku, ko nepilngad\u012bgie lietot\u0101ji var pavad\u012bt, run\u0101jot ar \u201cCharacter.AI\u201d \u010datbotiem.\n<\/p>\n<p>B\u016btiski, ka p\u0113d\u0113j\u0101 gada laik\u0101 \u201cCharacter.AI\u201d ieguld\u012bjis l\u012bdzek\u013cus, lai izveidotu \u012bpa\u0161u pieredzi lietot\u0101jiem, kuri ir jaun\u0101ki par 18 gadiem. Ta\u010du, \u0146emot v\u0113r\u0101 regulatoru, dro\u0161\u012bbas ekspertu atsauksmes un vec\u0101ku ba\u017eas par \u010datbotu nelabv\u0113l\u012bgo ietekmi uz b\u0113rniem, \u201cCharacter.AI\u201d nol\u0113mis spert radik\u0101l\u0101ku soli. T\u0101d\u0113j\u0101di \u201cCharacter.AI\u201d k\u013c\u016bs par pirmo lielo MI \u010datbotu pakalpojumu sniedz\u0113ju, kas aizliegs b\u0113rniem un jaunie\u0161iem izmantot savus t\u0113rz\u0113\u0161anas robotus.\n<\/p>\n<p>J\u0101atz\u012bm\u0113, ka ar\u012b \u201cCharacter.AI\u201d sask\u0101ries ar tra\u0123isku pieredzi, kad b\u0113rns izdar\u012bjis pa\u0161n\u0101v\u012bbu p\u0113c sarunas ar \u010datbotu. 14 gadus vec\u0101 z\u0113na m\u0101te iesniedza pras\u012bbu ties\u0101 pret uz\u0146\u0113mumu, vainojot \u201cCharacter.AI\u201d sava b\u0113rna n\u0101v\u0113. Ar teju identisku pieredzi <a href=\"https:\/\/kursors.lv\/2025\/08\/29\/vecaki-iesudz-tiesa-openai-par-chatgpt-lomu-sava-dela-pasnaviba\/\" rel=\"nofollow noopener\" target=\"_blank\">sask\u0101ries \u201cOpenAI\u201d<\/a>. Ta\u010du \u201cCharacter.AI\u201d izv\u0113l\u0113jies iet citu ce\u013cu. Lai mazin\u0101tu \u0161os riskus, uz\u0146\u0113mums par efekt\u012bv\u0101ku veidu uzskata piln\u012bgu \u010datbota aizliegumu nepilngad\u012bgajiem.<\/p>\n","protected":false},"excerpt":{"rendered":"Arvien vair\u0101k m\u0101ksl\u012bg\u0101 intelekta (MI) uz\u0146\u0113mumu ievie\u0161 noteikumus, lai padar\u012btu sazi\u0146u ar saviem \u010datbotiem lietot\u0101jam draudz\u012bg\u0101ku un dro\u0161\u0101ku.&hellip;\n","protected":false},"author":2,"featured_media":38087,"comment_status":"","ping_status":"","sticky":false,"template":"","format":"standard","meta":{"footnotes":""},"categories":[14],"tags":[23,57,28,29,32,33,22,30,31,35,39,38,36,37,34,40,20,26,27,24,25,54,55,56,21,58],"class_list":{"0":"post-38086","1":"post","2":"type-post","3":"status-publish","4":"format-standard","5":"has-post-thumbnail","7":"category-zinas-no-arvalstim","8":"tag-aktualitates","9":"tag-arvalstim","10":"tag-breaking-news","11":"tag-breakingnews","12":"tag-featured-news","13":"tag-featurednews","14":"tag-headlines","15":"tag-latest-news","16":"tag-latestnews","17":"tag-latvia","18":"tag-latvian","19":"tag-latviesu","20":"tag-latviesu-valoda","21":"tag-latviesuvaloda","22":"tag-latvija","23":"tag-lv","24":"tag-news","25":"tag-popularakas-zinas","26":"tag-popularakaszinas","27":"tag-top-stories","28":"tag-topstories","29":"tag-world","30":"tag-world-news","31":"tag-worldnews","32":"tag-zinas","33":"tag-zinas-no-arvalstim"},"share_on_mastodon":{"url":"https:\/\/pubeurope.com\/@lv\/115482061920901750","error":""},"_links":{"self":[{"href":"https:\/\/www.europesays.com\/lv\/wp-json\/wp\/v2\/posts\/38086","targetHints":{"allow":["GET"]}}],"collection":[{"href":"https:\/\/www.europesays.com\/lv\/wp-json\/wp\/v2\/posts"}],"about":[{"href":"https:\/\/www.europesays.com\/lv\/wp-json\/wp\/v2\/types\/post"}],"author":[{"embeddable":true,"href":"https:\/\/www.europesays.com\/lv\/wp-json\/wp\/v2\/users\/2"}],"replies":[{"embeddable":true,"href":"https:\/\/www.europesays.com\/lv\/wp-json\/wp\/v2\/comments?post=38086"}],"version-history":[{"count":0,"href":"https:\/\/www.europesays.com\/lv\/wp-json\/wp\/v2\/posts\/38086\/revisions"}],"wp:featuredmedia":[{"embeddable":true,"href":"https:\/\/www.europesays.com\/lv\/wp-json\/wp\/v2\/media\/38087"}],"wp:attachment":[{"href":"https:\/\/www.europesays.com\/lv\/wp-json\/wp\/v2\/media?parent=38086"}],"wp:term":[{"taxonomy":"category","embeddable":true,"href":"https:\/\/www.europesays.com\/lv\/wp-json\/wp\/v2\/categories?post=38086"},{"taxonomy":"post_tag","embeddable":true,"href":"https:\/\/www.europesays.com\/lv\/wp-json\/wp\/v2\/tags?post=38086"}],"curies":[{"name":"wp","href":"https:\/\/api.w.org\/{rel}","templated":true}]}}