{"id":38089,"date":"2025-11-02T20:57:14","date_gmt":"2025-11-02T20:57:14","guid":{"rendered":"https:\/\/www.europesays.com\/lv\/38089\/"},"modified":"2025-11-02T20:57:14","modified_gmt":"2025-11-02T20:57:14","slug":"aizsaule-devies-grafikis-un-pedagogs-gunars-krollis","status":"publish","type":"post","link":"https:\/\/www.europesays.com\/lv\/38089\/","title":{"rendered":"Aizsaul\u0113 devies grafi\u0137is un pedagogs Gun\u0101rs Krollis"},"content":{"rendered":"<p>\u0160\u012b gada 31. oktobr\u012b 93 gadu vecum\u0101 m\u016b\u017e\u012bb\u0101 devies m\u0101kslinieks \u2013 grafi\u0137is un pedagogs Gun\u0101rs Krollis, port\u0101lu &#8220;Delfi&#8221; inform\u0113 Latvijas M\u0101kslinieku savien\u012bbas vad\u012bt\u0101js Igors Dobi\u010dins.<\/p>\n<p>Atvad\u012b\u0161an\u0101s no m\u0101kslinieka notiks \u0161\u012b gada 8. novembr\u012b pulksten 12 R\u012bgas Kristus Kara\u013ca Romas kato\u013cu bazn\u012bc\u0101, Me\u017ea prospekt\u0101 86. B\u0113ru ceremonija norisin\u0101sies R\u012bgas Sv\u0113t\u0101 Mi\u0137e\u013ca kapos.<\/p>\n<p>Gun\u0101rs Krollis (1932-2025) bija noz\u012bm\u012bgs un atpaz\u012bstams Latvijas m\u0101kslinieks, iespiedgrafikas trad\u012bciju veidot\u0101js. M\u0101kslinieka dai\u013crade atspogu\u013cota filmu studijas &#8220;Dominante&#8221; darb\u0101 &#8220;Grafi\u0137is Gun\u0101rs Krollis&#8221; (2006, re\u017e. Ilona Br\u016bvere). Gun\u0101rs Krollis bija apvelt\u012bts ar kompoz\u012bcijas izj\u016btu, k\u0101 ar\u012b sp\u0113ju rast grafiskos un ton\u0101los risin\u0101jumus da\u017e\u0101d\u0101m grafikas tehnik\u0101m un \u017eanriem. M\u0101kslinieks str\u0101d\u0101jis linogriezuma, oforta, aukst\u0101s adatas tehnik\u0101s, veidojis z\u012bm\u0113jumus un akvare\u013cus. Grafikas darbiem rakstur\u012bga centrisk\u0101 kompoz\u012bcija, kas iek\u013cauta vertik\u0101los, horizont\u0101los form\u0101tos. Autors rado\u0161ai izteiksm\u012bbai lietoja laukumu kontrastus, l\u012bniju ritmus un to sabiezin\u0101jumus.<\/p>\n<p><img decoding=\"async\" itemprop=\"image\" src=\"https:\/\/www.europesays.com\/lv\/wp-content\/uploads\/2025\/11\/5e259590-6c23-11ed-a48f-a7cf267fc2bf.jpg\" title=\"Aizsaul\u0113 devies grafi\u0137is un pedagogs Gun\u0101rs Krollis\" alt=\"Aizsaul\u0113 devies grafi\u0137is un pedagogs Gun\u0101rs Krollis\" class=\"img-fluid w-100\" data-v-a1a92103=\"\"\/>Foto: Publicit\u0101tes foto<\/p>\n<p>M\u0101kslinieks bija pedagogu, grafi\u0137u Artura Api\u0146a un P\u0113tera Up\u012b\u0161a rado\u0161\u0101 mantojuma turpin\u0101t\u0101js, veidojis noz\u012bm\u012bgus grafikas ciklus: &#8220;Avots. Velt\u012bjums kolhoza &#8220;L\u012bdums&#8221; \u013caud\u012bm&#8221; (1982-1983), &#8220;Balto dz\u0113rvju zeme&#8221; (1982-1983), &#8220;Gadsimtos dego\u0161a&#8221; (1982-1984), &#8220;Zem kondora z\u012bmes&#8221; (1984-1985), &#8220;Livonija krustcel\u0113s&#8221; (1995-1998), &#8220;R\u012bga gadsimtos&#8221; (1999).<\/p>\n<p>Gun\u0101rs Krollis bijis ilggad\u0113js Latvijas M\u0101kslas akad\u0113mijas pedagogs no 1974. l\u012bdz 2006. gadam, str\u0101d\u0101jis k\u0101 Grafikas noda\u013cas pasniedz\u0113js, profesors, Grafikas katedras Oforta darbn\u012bcas vad\u012bt\u0101js un pasniedz\u0113js. Gun\u0101ram Krollim ir pie\u0161\u0137irts profesora-emeritus statuss.<\/p>\n<p>M\u0101ksliniekam biju\u0161as daudzas person\u0101lizst\u0101des Latvij\u0101. vi\u0146\u0161 piedal\u012bjies ar\u012b starptautisk\u0101s izst\u0101des Igaunij\u0101, V\u0101cij\u0101, Norv\u0113\u0123ij\u0101, Lielbrit\u0101nij\u0101, Polij\u0101, Zviedrij\u0101, \u0112\u0123ipt\u0113, N\u012bderland\u0113 u.c.<\/p>\n<p><img decoding=\"async\" itemprop=\"image\" src=\"https:\/\/www.europesays.com\/lv\/wp-content\/uploads\/2025\/11\/59cc2680-6c23-11ed-a48f-a7cf267fc2bf.jpg\" title=\"Aizsaul\u0113 devies grafi\u0137is un pedagogs Gun\u0101rs Krollis\" alt=\"Aizsaul\u0113 devies grafi\u0137is un pedagogs Gun\u0101rs Krollis\" class=\"img-fluid w-100\" data-v-a1a92103=\"\"\/>Foto: Publicit\u0101tes foto<\/p>\n<p>Gun\u0101rs Krollis str\u0101d\u0101jis ar\u012b k\u0101 gr\u0101matu ilustrators. K\u0101 zin\u0101m\u0101kie minami Rai\u0146a darbu izdevumi &#8220;Saules gadi&#8221; (1970, &#8220;Liesma&#8221;), &#8220;Kraukl\u012btis&#8221; (1972), &#8220;Gals un s\u0101kums&#8221; (1991), Andreja Pumpura &#8220;La\u010dpl\u0113sis&#8221; (1972), Vi\u013ca Pl\u016bdo\u0146a &#8220;Herkula piedz\u012bvojumi&#8221; (1993) u.c.<\/p>\n<p>M\u0101kslinieks 1994. gad\u0101 veidojis atjaunot\u0101 apbalvojuma \u2013 Triju Zvaig\u017e\u0146u orde\u0146a \u2013 diplomus. Gun\u0101rs Krollis ir asto\u0146u Latvijas Bankas kolekcijas mon\u0113tu dizaina autors kop\u0101 ar t\u0113lnieku J\u0101ni Strupuli, kas velt\u012btas Latvijas Hanzas pils\u0113t\u0101m \u2013 Ventspilij, C\u0113s\u012bm, Koknesei, Straupei, Valmierai, Kuld\u012bgai, Limba\u017eiem, R\u012bgai (2000-2011).<\/p>\n<p>Gun\u0101ra Kro\u013c\u013ca darbi atrodas Latvijas M\u0101kslinieku savien\u012bbas muzej\u0101, Latvijas Nacion\u0101laj\u0101 m\u0101kslas muzej\u0101, R\u012bgas v\u0113stures un ku\u0123niec\u012bbas muzej\u0101, Madonas novadp\u0113tniec\u012bbas un m\u0101kslas muzej\u0101, Daugavpils M\u0101kslas un novadp\u0113tniec\u012bbas muzej\u0101 un Marka Rotko m\u0101kslas centr\u0101, Rakstniec\u012bbas un m\u016bzikas muzej\u0101, Turaidas muzejrezerv\u0101t\u0101, Bauskas muzej\u0101, Valmieras muzej\u0101, Talsu muzej\u0101, Tukuma muzej\u0101, \u0101rvalst\u012bs \u2013 Valsts Tretjakova galerij\u0101 (Maskava, Krievija), un citos muzejos, priv\u0101tkolekcij\u0101s.<\/p>\n<p class=\"m-0\">Seko &#8220;Delfi&#8221; ar\u012b  <a target=\"_blank\" href=\"https:\/\/www.instagram.com\/delfi.lv\/\" rel=\"nofollow noopener\">Instagram<\/a>  un <a target=\"_blank\" href=\"https:\/\/www.youtube.com\/channel\/UCw5foWtcJvAbUm64rv7jwUQ\" rel=\"nofollow noopener\">YouTube<\/a>  profil\u0101 \u2013 pievienojies, lai uzzin\u0101tu svar\u012bg\u0101ko un interesant\u0101ko pirmais!<\/p>\n<p>Publik\u0101cijas saturs vai t\u0101s jebk\u0101da apjoma da\u013ca ir aizsarg\u0101ts autorties\u012bbu objekts Autorties\u012bbu likuma izpratn\u0113, un t\u0101 izmanto\u0161ana bez izdev\u0113ja at\u013caujas ir aizliegta. Vair\u0101k lasi  <a target=\"_blank\" href=\"https:\/\/www.delfi.lv\/noteikumi#autortiesibas\" rel=\"nofollow noopener\">\u0161eit<\/a><script async src=\"\/\/www.instagram.com\/embed.js\"><\/script><\/p>\n","protected":false},"excerpt":{"rendered":"\u0160\u012b gada 31. oktobr\u012b 93 gadu vecum\u0101 m\u016b\u017e\u012bb\u0101 devies m\u0101kslinieks \u2013 grafi\u0137is un pedagogs Gun\u0101rs Krollis, port\u0101lu &#8220;Delfi&#8221;&hellip;\n","protected":false},"author":2,"featured_media":38090,"comment_status":"","ping_status":"","sticky":false,"template":"","format":"standard","meta":{"footnotes":""},"categories":[14],"tags":[23,57,28,29,32,33,22,30,31,35,39,38,36,37,34,40,20,26,27,24,25,54,55,56,21,58],"class_list":{"0":"post-38089","1":"post","2":"type-post","3":"status-publish","4":"format-standard","5":"has-post-thumbnail","7":"category-zinas-no-arvalstim","8":"tag-aktualitates","9":"tag-arvalstim","10":"tag-breaking-news","11":"tag-breakingnews","12":"tag-featured-news","13":"tag-featurednews","14":"tag-headlines","15":"tag-latest-news","16":"tag-latestnews","17":"tag-latvia","18":"tag-latvian","19":"tag-latviesu","20":"tag-latviesu-valoda","21":"tag-latviesuvaloda","22":"tag-latvija","23":"tag-lv","24":"tag-news","25":"tag-popularakas-zinas","26":"tag-popularakaszinas","27":"tag-top-stories","28":"tag-topstories","29":"tag-world","30":"tag-world-news","31":"tag-worldnews","32":"tag-zinas","33":"tag-zinas-no-arvalstim"},"share_on_mastodon":{"url":"https:\/\/pubeurope.com\/@lv\/115482109175390177","error":""},"_links":{"self":[{"href":"https:\/\/www.europesays.com\/lv\/wp-json\/wp\/v2\/posts\/38089","targetHints":{"allow":["GET"]}}],"collection":[{"href":"https:\/\/www.europesays.com\/lv\/wp-json\/wp\/v2\/posts"}],"about":[{"href":"https:\/\/www.europesays.com\/lv\/wp-json\/wp\/v2\/types\/post"}],"author":[{"embeddable":true,"href":"https:\/\/www.europesays.com\/lv\/wp-json\/wp\/v2\/users\/2"}],"replies":[{"embeddable":true,"href":"https:\/\/www.europesays.com\/lv\/wp-json\/wp\/v2\/comments?post=38089"}],"version-history":[{"count":0,"href":"https:\/\/www.europesays.com\/lv\/wp-json\/wp\/v2\/posts\/38089\/revisions"}],"wp:featuredmedia":[{"embeddable":true,"href":"https:\/\/www.europesays.com\/lv\/wp-json\/wp\/v2\/media\/38090"}],"wp:attachment":[{"href":"https:\/\/www.europesays.com\/lv\/wp-json\/wp\/v2\/media?parent=38089"}],"wp:term":[{"taxonomy":"category","embeddable":true,"href":"https:\/\/www.europesays.com\/lv\/wp-json\/wp\/v2\/categories?post=38089"},{"taxonomy":"post_tag","embeddable":true,"href":"https:\/\/www.europesays.com\/lv\/wp-json\/wp\/v2\/tags?post=38089"}],"curies":[{"name":"wp","href":"https:\/\/api.w.org\/{rel}","templated":true}]}}