{"id":38095,"date":"2025-11-02T21:01:06","date_gmt":"2025-11-02T21:01:06","guid":{"rendered":"https:\/\/www.europesays.com\/lv\/38095\/"},"modified":"2025-11-02T21:01:06","modified_gmt":"2025-11-02T21:01:06","slug":"ieklauts-iihf-cempionu-ligas-pamatturnira-simboliskaja-izlase-lente-lv","status":"publish","type":"post","link":"https:\/\/www.europesays.com\/lv\/38095\/","title":{"rendered":"iek\u013cauts IIHF \u010cempionu l\u012bgas pamatturn\u012bra simboliskaj\u0101 izlas\u0113\u00a0\u2014\u00a0Lente.lv"},"content":{"rendered":"<p>Dzierkals Iek\u013cauts IIHF \u010cempionu L\u012bgas Simboliskaj\u0101 Izlas\u0113<\/p>\n<p>Latvijas hokeja talants M\u0101rti\u0146\u0161 Dzierkals ir guvis iev\u0113rojamu atzin\u012bbu, iek\u013c\u016bstot Starptautisk\u0101s Hokeja feder\u0101cijas (IIHF) \u010cempionu l\u012bgas pamatturn\u012bra simboliskaj\u0101 izlas\u0113. \u0160is godpilnais nov\u0113rt\u0113jums ir apliecin\u0101jums Dzierkala spo\u017eajai sniegtsajai sp\u0113lei Pr\u0101gas &#8220;Sparta&#8221; komandas rind\u0101s, apliecinot vi\u0146a noz\u012bm\u012bgo ieguld\u012bjumu un talantu uz ledus. Zi\u0146a par \u0161o sasniegumu tika publiskota piektdien, un t\u0101 ir rad\u012bjusi pat\u012bkamu a\u017eiot\u0101\u017eu Latvijas hokeja l\u012bdzjut\u0113ju vid\u016b.<\/p>\n<p>Dzierkala Ietekme Uz Komandas Pan\u0101kumiem<\/p>\n<p>Dzierkala iek\u013cau\u0161ana simboliskaj\u0101 izlas\u0113 nav tikai individu\u0101ls pan\u0101kums, bet ar\u012b spilgts apliecin\u0101jums vi\u0146a sp\u0113jai ietekm\u0113t sp\u0113les gaitu un pal\u012bdz\u0113t savai komandai g\u016bt pan\u0101kumus. Vi\u0146a kl\u0101tb\u016btne laukum\u0101 bie\u017ei vien ir k\u013cuvusi par iz\u0161\u0137iro\u0161u faktoru, nodro\u0161inot dinamiskus uzbrukumus un stabilu sniegumu aizsardz\u012bb\u0101. Pr\u0101gas &#8220;Sparta&#8221; ir guvusi labumu no Dzierkala ener\u0123ijas un meistar\u012bbas, un \u0161is nov\u0113rt\u0113jums ir lo\u0123isks turpin\u0101jums vi\u0146a nep\u0101rtrauktajai izaugsmei.<\/p>\n<p>IIHF \u010cempionu L\u012bgas Noz\u012bme Un Simbolisk\u0101 Izlase<\/p>\n<p>IIHF \u010cempionu l\u012bga ir presti\u017e\u0101kais klubu turn\u012brs Eirop\u0101, pulc\u0113jot lab\u0101k\u0101s komandas no da\u017e\u0101d\u0101m valst\u012bm un sniedzot sp\u0113l\u0113t\u0101jiem iesp\u0113ju demonstr\u0113t savas prasmes augst\u0101kaj\u0101 l\u012bmen\u012b. Simbolisk\u0101s izlases veido\u0161ana ir trad\u012bcija, kas izce\u013c sp\u0113l\u0113t\u0101jus, kuri pamatturn\u012bra laik\u0101 ir biju\u0161i \u012bpa\u0161i izcili, par\u0101dot gan individu\u0101lo meistar\u012bbu, gan sp\u0113ju b\u016bt komandas l\u012bderiem. \u0160aj\u0101 godpilnaj\u0101 sarakst\u0101 iek\u013c\u016bst tikai tie, kuri ir demonstr\u0113ju\u0161i izcilu sniegumu gan v\u0101rtu g\u016b\u0161an\u0101, gan rezultat\u012bvaj\u0101s piesp\u0113l\u0113s, gan ar\u012b kop\u0113j\u0101 sp\u0113l\u0113.<\/p>\n<p>Dzierkala Ce\u013c\u0161 Uz Pan\u0101kumiem<\/p>\n<p>M\u0101rti\u0146a Dzierkala ce\u013c\u0161 uz \u0161o atzin\u012bbu ir bijis piepild\u012bts ar smagu darbu, neatlaid\u012bbu un nep\u0101rtrauktu pilnveido\u0161anos. K\u0101 daudziem Latvijas talantiem, ar\u012b vi\u0146am ir n\u0101cies saskarties ar izaicin\u0101jumiem, ta\u010du vi\u0146a degsme un v\u0113lme b\u016bt lab\u0101kajam ir \u013c\u0101vusi sasniegt jaunus virsotnes. Katrs ma\u010ds, katra treni\u0146nodarb\u012bba ir bijusi solis tuv\u0101k \u0161im noz\u012bm\u012bgajam br\u012bdim. &#8220;Sparta&#8221; komandas treneru korpuss ir sp\u0113jis nov\u0113rt\u0113t un att\u012bst\u012bt Dzierkala potenci\u0101lu, radot vi\u0146am iesp\u0113ju sp\u012bd\u0113t.<\/p>\n<p>Latvijas Hokeja N\u0101kotne Un Dzierkala L\u012bdzdal\u012bba<\/p>\n<p>Dzierkala pan\u0101kums ir ne tikai vi\u0146a person\u012bg\u0101 uzvara, bet ar\u012b spo\u017ea z\u012bme Latvijas hokeja n\u0101kotnei. Vi\u0146\u0161 ir viens no tiem jaunajiem sp\u0113l\u0113t\u0101jiem, kas apliecina, ka Latvijas hokejs sp\u0113j audzin\u0101t talantus, kuri sp\u0113j konkur\u0113t pasaules elites l\u012bmen\u012b. Vi\u0146a iek\u013cau\u0161ana IIHF \u010cempionu l\u012bgas simboliskaj\u0101 izlas\u0113 iedvesmo jaunos hokejistus un sniedz p\u0101rliec\u012bbu par Latvijas hokeja sp\u0113c\u012bgo potenci\u0101lu. Turpm\u0101kajos turn\u012bra posmos Dzierkala sniegums tiks v\u0113rots ar \u012bpa\u0161u interesi, jo vi\u0146a kl\u0101tb\u016btne sol\u0101s pie\u0161\u0137irt sp\u0113l\u0113m papildu aizrau\u0161anos un intrigu.<\/p>\n","protected":false},"excerpt":{"rendered":"Dzierkals Iek\u013cauts IIHF \u010cempionu L\u012bgas Simboliskaj\u0101 Izlas\u0113 Latvijas hokeja talants M\u0101rti\u0146\u0161 Dzierkals ir guvis iev\u0113rojamu atzin\u012bbu, iek\u013c\u016bstot Starptautisk\u0101s&hellip;\n","protected":false},"author":2,"featured_media":38096,"comment_status":"","ping_status":"","sticky":false,"template":"","format":"standard","meta":{"footnotes":""},"categories":[17],"tags":[11123,35,39,38,36,37,34,5028,40,6355,10264,11124,67],"class_list":{"0":"post-38095","1":"post","2":"type-post","3":"status-publish","4":"format-standard","5":"has-post-thumbnail","7":"category-sports","8":"tag-iihf-cempionu-liga","9":"tag-latvia","10":"tag-latvian","11":"tag-latviesu","12":"tag-latviesu-valoda","13":"tag-latviesuvaloda","14":"tag-latvija","15":"tag-latvijas-hokejs","16":"tag-lv","17":"tag-martins-dzierkals","18":"tag-pragas-sparta","19":"tag-simboliska-izlase","20":"tag-sports"},"share_on_mastodon":{"url":"https:\/\/pubeurope.com\/@lv\/115482124797952902","error":""},"_links":{"self":[{"href":"https:\/\/www.europesays.com\/lv\/wp-json\/wp\/v2\/posts\/38095","targetHints":{"allow":["GET"]}}],"collection":[{"href":"https:\/\/www.europesays.com\/lv\/wp-json\/wp\/v2\/posts"}],"about":[{"href":"https:\/\/www.europesays.com\/lv\/wp-json\/wp\/v2\/types\/post"}],"author":[{"embeddable":true,"href":"https:\/\/www.europesays.com\/lv\/wp-json\/wp\/v2\/users\/2"}],"replies":[{"embeddable":true,"href":"https:\/\/www.europesays.com\/lv\/wp-json\/wp\/v2\/comments?post=38095"}],"version-history":[{"count":0,"href":"https:\/\/www.europesays.com\/lv\/wp-json\/wp\/v2\/posts\/38095\/revisions"}],"wp:featuredmedia":[{"embeddable":true,"href":"https:\/\/www.europesays.com\/lv\/wp-json\/wp\/v2\/media\/38096"}],"wp:attachment":[{"href":"https:\/\/www.europesays.com\/lv\/wp-json\/wp\/v2\/media?parent=38095"}],"wp:term":[{"taxonomy":"category","embeddable":true,"href":"https:\/\/www.europesays.com\/lv\/wp-json\/wp\/v2\/categories?post=38095"},{"taxonomy":"post_tag","embeddable":true,"href":"https:\/\/www.europesays.com\/lv\/wp-json\/wp\/v2\/tags?post=38095"}],"curies":[{"name":"wp","href":"https:\/\/api.w.org\/{rel}","templated":true}]}}