{"id":38097,"date":"2025-11-02T21:03:17","date_gmt":"2025-11-02T21:03:17","guid":{"rendered":"https:\/\/www.europesays.com\/lv\/38097\/"},"modified":"2025-11-02T21:03:17","modified_gmt":"2025-11-02T21:03:17","slug":"visu-darba-dienu-pavadija-serfojot-virietis-no-austrijas-uzstada-jaunu-rekordu","status":"publish","type":"post","link":"https:\/\/www.europesays.com\/lv\/38097\/","title":{"rendered":"visu darba dienu pavad\u012bja s\u0113rfojot, v\u012brietis no Austrijas uzst\u0101da jaunu rekordu"},"content":{"rendered":"<p>Maksimili\u0101ns Neuboks ( Maximilian Neub\u00f6ck) p\u0101rsp\u0113ja iepriek\u0161\u0113j\u0101 s\u0113rfot\u0101ja no Panamas, Garija S\u0101vedra (Gary Saavedra), rekordu, kur\u0161 pavad\u012bja 3 stundas, 55 min\u016btes un 2 sekundes, s\u0113rfojot uz m\u0101ksl\u012bg\u0101 vi\u013c\u0146a Panamas kan\u0101l\u0101. S\u0113rfot\u0101js lieliski tur\u0113j\u0101s uz vi\u013c\u0146a un s\u0113rfo\u0161anas laik\u0101 pat paguva ap\u0113st zupu. Nosl\u0113gum\u0101, m\u0113\u0123inot paveikt triku, Neuboks iekrita \u016bden\u012b.\u00a0<\/p>\n","protected":false},"excerpt":{"rendered":"Maksimili\u0101ns Neuboks ( Maximilian Neub\u00f6ck) p\u0101rsp\u0113ja iepriek\u0161\u0113j\u0101 s\u0113rfot\u0101ja no Panamas, Garija S\u0101vedra (Gary Saavedra), rekordu, kur\u0161 pavad\u012bja 3&hellip;\n","protected":false},"author":2,"featured_media":38098,"comment_status":"","ping_status":"","sticky":false,"template":"","format":"standard","meta":{"footnotes":""},"categories":[14],"tags":[23,57,28,29,32,33,22,30,31,35,39,38,36,37,34,40,20,26,27,24,25,54,55,56,21,58],"class_list":{"0":"post-38097","1":"post","2":"type-post","3":"status-publish","4":"format-standard","5":"has-post-thumbnail","7":"category-zinas-no-arvalstim","8":"tag-aktualitates","9":"tag-arvalstim","10":"tag-breaking-news","11":"tag-breakingnews","12":"tag-featured-news","13":"tag-featurednews","14":"tag-headlines","15":"tag-latest-news","16":"tag-latestnews","17":"tag-latvia","18":"tag-latvian","19":"tag-latviesu","20":"tag-latviesu-valoda","21":"tag-latviesuvaloda","22":"tag-latvija","23":"tag-lv","24":"tag-news","25":"tag-popularakas-zinas","26":"tag-popularakaszinas","27":"tag-top-stories","28":"tag-topstories","29":"tag-world","30":"tag-world-news","31":"tag-worldnews","32":"tag-zinas","33":"tag-zinas-no-arvalstim"},"share_on_mastodon":{"url":"https:\/\/pubeurope.com\/@lv\/115482132689179050","error":""},"_links":{"self":[{"href":"https:\/\/www.europesays.com\/lv\/wp-json\/wp\/v2\/posts\/38097","targetHints":{"allow":["GET"]}}],"collection":[{"href":"https:\/\/www.europesays.com\/lv\/wp-json\/wp\/v2\/posts"}],"about":[{"href":"https:\/\/www.europesays.com\/lv\/wp-json\/wp\/v2\/types\/post"}],"author":[{"embeddable":true,"href":"https:\/\/www.europesays.com\/lv\/wp-json\/wp\/v2\/users\/2"}],"replies":[{"embeddable":true,"href":"https:\/\/www.europesays.com\/lv\/wp-json\/wp\/v2\/comments?post=38097"}],"version-history":[{"count":0,"href":"https:\/\/www.europesays.com\/lv\/wp-json\/wp\/v2\/posts\/38097\/revisions"}],"wp:featuredmedia":[{"embeddable":true,"href":"https:\/\/www.europesays.com\/lv\/wp-json\/wp\/v2\/media\/38098"}],"wp:attachment":[{"href":"https:\/\/www.europesays.com\/lv\/wp-json\/wp\/v2\/media?parent=38097"}],"wp:term":[{"taxonomy":"category","embeddable":true,"href":"https:\/\/www.europesays.com\/lv\/wp-json\/wp\/v2\/categories?post=38097"},{"taxonomy":"post_tag","embeddable":true,"href":"https:\/\/www.europesays.com\/lv\/wp-json\/wp\/v2\/tags?post=38097"}],"curies":[{"name":"wp","href":"https:\/\/api.w.org\/{rel}","templated":true}]}}