{"id":38107,"date":"2025-11-02T21:11:06","date_gmt":"2025-11-02T21:11:06","guid":{"rendered":"https:\/\/www.europesays.com\/lv\/38107\/"},"modified":"2025-11-02T21:11:06","modified_gmt":"2025-11-02T21:11:06","slug":"sabalenka-un-pegula-wta-finals-turnira-tiek-pie-uzvaram","status":"publish","type":"post","link":"https:\/\/www.europesays.com\/lv\/38107\/","title":{"rendered":"Saba\u013cenka un Pegula &#8220;WTA Finals&#8221; turn\u012br\u0101 tiek pie uzvar\u0101m"},"content":{"rendered":"<p>                                <img decoding=\"async\" src=\"https:\/\/www.europesays.com\/lv\/wp-content\/uploads\/2025\/11\/arina-sabalenka-sportazinas-com-750x423.jpg\"   alt=\"Arina Saba\u013cenka\" class=\"post-featured-image\"\/><\/p>\n<p>Arina Saba\u013cenka | Foto: &#8220;Wimbledon&#8221;<\/p>\n<p>Pasaules ranga l\u012bdere baltkrieviete Arina Saba\u013cenka un amerik\u0101niete D\u017eesika Pegula sv\u0113tdien izc\u012bn\u012bja uzvaras WTA sezonas nosl\u0113guma turn\u012br\u0101 \u201cWTA Finals\u201d.<\/p>\n<p>V\u0101cietes \u0160tefijas Gr\u0101fas grupas sp\u0113l\u0113 Saba\u013cenka ar 6-3, 6-1 p\u0101rsp\u0113ja it\u0101lieti Jasm\u012bni Paol\u012bni, kura WTA rang\u0101 atrodas astotaj\u0101 poz\u012bcij\u0101.<\/p>\n<p>Savuk\u0101rt cit\u0101 \u0161\u012bs grupas ma\u010d\u0101 Pegula (WTA 5.) ar 6-3, 6-7 (4:7), 6-2 guva pan\u0101kumu p\u0101r tautieti un pag\u0101ju\u0161\u0101 gada \u201cWTA Finals\u201d uzvar\u0113t\u0101ju Koriju Gofu (WTA 3.).<\/p>\n<p>Otr\u0101 grup\u0101, kas nosaukta titul\u0113t\u0101s amerik\u0101nietes Ser\u0113nas Viljamsas v\u0101rd\u0101, sp\u0113l\u0113 poliete Iga \u0160vjonteka (WTA 2.), ASV tenisiste Medisona K\u012bza (WTA 7.), Kazahst\u0101nas tenisiste Je\u013cena Ribakina (WTA 6.) un amerik\u0101niete Amanda A\u0146isimova (WTA 4.). Sestdien pirmajos ma\u010dos pie uzvar\u0101m tika \u0160vjonteka un Ribakina.<\/p>\n<p>P\u0113rn sezonas nosl\u0113guma turn\u012br\u0101 pirmo reizi karjer\u0101 triumf\u0113ja Gofa, kura fin\u0101l\u0101 tr\u012bs setos apsp\u0113l\u0113ja Par\u012bzes olimpisko sp\u0113\u013cu zelta meda\u013cnieci \u0136\u012bnas tenisisti D\u017eenu Sji\u0146ve\u0146u. \u201cWTA Finals\u201d Rij\u0101d\u0101 norisin\u0101sies l\u012bdz 8. novembrim.<\/p>\n","protected":false},"excerpt":{"rendered":"Arina Saba\u013cenka | Foto: &#8220;Wimbledon&#8221; Pasaules ranga l\u012bdere baltkrieviete Arina Saba\u013cenka un amerik\u0101niete D\u017eesika Pegula sv\u0113tdien izc\u012bn\u012bja uzvaras&hellip;\n","protected":false},"author":2,"featured_media":38108,"comment_status":"","ping_status":"","sticky":false,"template":"","format":"standard","meta":{"footnotes":""},"categories":[5],"tags":[23,28,29,32,33,22,30,31,35,39,38,36,37,34,40,20,26,27,24,25,21],"class_list":{"0":"post-38107","1":"post","2":"type-post","3":"status-publish","4":"format-standard","5":"has-post-thumbnail","7":"category-aktualitates","8":"tag-aktualitates","9":"tag-breaking-news","10":"tag-breakingnews","11":"tag-featured-news","12":"tag-featurednews","13":"tag-headlines","14":"tag-latest-news","15":"tag-latestnews","16":"tag-latvia","17":"tag-latvian","18":"tag-latviesu","19":"tag-latviesu-valoda","20":"tag-latviesuvaloda","21":"tag-latvija","22":"tag-lv","23":"tag-news","24":"tag-popularakas-zinas","25":"tag-popularakaszinas","26":"tag-top-stories","27":"tag-topstories","28":"tag-zinas"},"share_on_mastodon":{"url":"https:\/\/pubeurope.com\/@lv\/115482164201176529","error":""},"_links":{"self":[{"href":"https:\/\/www.europesays.com\/lv\/wp-json\/wp\/v2\/posts\/38107","targetHints":{"allow":["GET"]}}],"collection":[{"href":"https:\/\/www.europesays.com\/lv\/wp-json\/wp\/v2\/posts"}],"about":[{"href":"https:\/\/www.europesays.com\/lv\/wp-json\/wp\/v2\/types\/post"}],"author":[{"embeddable":true,"href":"https:\/\/www.europesays.com\/lv\/wp-json\/wp\/v2\/users\/2"}],"replies":[{"embeddable":true,"href":"https:\/\/www.europesays.com\/lv\/wp-json\/wp\/v2\/comments?post=38107"}],"version-history":[{"count":0,"href":"https:\/\/www.europesays.com\/lv\/wp-json\/wp\/v2\/posts\/38107\/revisions"}],"wp:featuredmedia":[{"embeddable":true,"href":"https:\/\/www.europesays.com\/lv\/wp-json\/wp\/v2\/media\/38108"}],"wp:attachment":[{"href":"https:\/\/www.europesays.com\/lv\/wp-json\/wp\/v2\/media?parent=38107"}],"wp:term":[{"taxonomy":"category","embeddable":true,"href":"https:\/\/www.europesays.com\/lv\/wp-json\/wp\/v2\/categories?post=38107"},{"taxonomy":"post_tag","embeddable":true,"href":"https:\/\/www.europesays.com\/lv\/wp-json\/wp\/v2\/tags?post=38107"}],"curies":[{"name":"wp","href":"https:\/\/api.w.org\/{rel}","templated":true}]}}