{"id":38111,"date":"2025-11-02T21:15:08","date_gmt":"2025-11-02T21:15:08","guid":{"rendered":"https:\/\/www.europesays.com\/lv\/38111\/"},"modified":"2025-11-02T21:15:08","modified_gmt":"2025-11-02T21:15:08","slug":"muziba-devies-latviesu-grafikis-un-latvijas-makslas-akademijas-profesors-gunars-krollis","status":"publish","type":"post","link":"https:\/\/www.europesays.com\/lv\/38111\/","title":{"rendered":"M\u016b\u017e\u012bb\u0101 devies latvie\u0161u grafi\u0137is un Latvijas M\u0101kslas akad\u0113mijas profesors Gun\u0101rs Krollis"},"content":{"rendered":"<p>G. Kro\u013c\u013ca darbu uzb\u016bve m\u0113dz b\u016bt visai sare\u017e\u0123\u012bta, j\u0113dzieniski un vizu\u0101li smalk\u0101m deta\u013c\u0101m bag\u0101ta, bet arvien pamat\u012bgi izsvarota, dzi\u013cas un skaidras domas motiv\u0113ta, vizu\u0101li iespaid\u012bga, pat dekorat\u012bva, t\u0101lab emocion\u0101li iedarb\u012bga un p\u0101rdomas rosino\u0161a. \u201eT\u0113mas atraisa man\u012b sp\u0113ju iedzi\u013cin\u0101ties konkr\u0113t\u0101 laikmet\u0101 ar t\u0101 uzst\u0101d\u012bjumiem, personu attiec\u012bb\u0101m, intelektu, kult\u016bras telpu, arhitekt\u016bru un sapratni par pasauli,\u201d skaidro m\u0101kslinieks. \u201eL\u012bdzko esmu \u201eieg\u0101jis\u201d \u0161aj\u0101 laikmet\u0101, zemapzi\u0146\u0101 veidojas dialogs ar uzb\u016bv\u0113to vidi, objektiem, t\u0113liem.\u201d \u201eAtainojot v\u0113sturi, paties\u012bb\u0101 atainoju m\u016bsdienu pasaules notikumus. Vis\u0101 cilv\u0113ces att\u012bst\u012bb\u0101 procesi notiek atk\u0101rtoti.\u201d<\/p>\n<p>Izst\u0101d\u0113s piedal\u0101s kop\u0161 1956. gada. Sar\u012bkojis vair\u0101k nek\u0101 40 person\u0101lizst\u0101\u017eu (da\u013ca kop\u0101 ar kerami\u0137i Izabellu Krolli) da\u017e\u0101d\u0101s Latvijas viet\u0101s. R\u012bkojot person\u0101lizst\u0101des, sevi\u0161\u0137i akt\u012bvs bijis p\u0113d\u0113j\u0101 laik\u0101 \u2013 Bauskas pil\u012b (2016), J\u016brmalas pils\u0113tas muzej\u0101 (2017), Rotko M\u0101kslas centr\u0101 Daugavpil\u012b (2017), Latvijas Nacion\u0101laj\u0101 m\u0101kslas muzej\u0101 R\u012bg\u0101 (2017), J\u016bras v\u0101rtos Ventspil\u012b (2018). Person\u0101lizst\u0101des biju\u0161as ar\u012b \u0101rvalst\u012bs \u2013 Jord\u0101nij\u0101, S\u012brij\u0101, Lib\u0101n\u0101, Austrij\u0101, Somij\u0101, Zviedrij\u0101, Kan\u0101d\u0101, Krievij\u0101, Lietuv\u0101 u.c. Piedal\u012bjies daudz\u0101s liel\u0101s starptautisk\u0101s grafikas un z\u012bm\u0113jumu izst\u0101d\u0113s.<\/p>\n<p>Sa\u0146\u0113mis ar\u012b da\u017e\u0101dus apbalvojumus, k\u0101 piem\u0113ram, bijis LPSR Tautas m\u0101kslinieks, sa\u0146\u0113mis Latvijas PSR Valsts pr\u0113miju, Starptautisko J\u0101\u0146a Baltvilka balvu u.c.<\/p>\n","protected":false},"excerpt":{"rendered":"G. Kro\u013c\u013ca darbu uzb\u016bve m\u0113dz b\u016bt visai sare\u017e\u0123\u012bta, j\u0113dzieniski un vizu\u0101li smalk\u0101m deta\u013c\u0101m bag\u0101ta, bet arvien pamat\u012bgi izsvarota,&hellip;\n","protected":false},"author":2,"featured_media":38112,"comment_status":"","ping_status":"","sticky":false,"template":"","format":"standard","meta":{"footnotes":""},"categories":[14],"tags":[23,57,28,29,32,33,11130,11129,22,30,31,35,39,38,36,37,34,40,20,26,27,11131,24,25,54,55,56,21,58],"class_list":{"0":"post-38111","1":"post","2":"type-post","3":"status-publish","4":"format-standard","5":"has-post-thumbnail","7":"category-zinas-no-arvalstim","8":"tag-aktualitates","9":"tag-arvalstim","10":"tag-breaking-news","11":"tag-breakingnews","12":"tag-featured-news","13":"tag-featurednews","14":"tag-grafikis","15":"tag-gunars-krollis","16":"tag-headlines","17":"tag-latest-news","18":"tag-latestnews","19":"tag-latvia","20":"tag-latvian","21":"tag-latviesu","22":"tag-latviesu-valoda","23":"tag-latviesuvaloda","24":"tag-latvija","25":"tag-lv","26":"tag-news","27":"tag-popularakas-zinas","28":"tag-popularakaszinas","29":"tag-profesors","30":"tag-top-stories","31":"tag-topstories","32":"tag-world","33":"tag-world-news","34":"tag-worldnews","35":"tag-zinas","36":"tag-zinas-no-arvalstim"},"share_on_mastodon":{"url":"https:\/\/pubeurope.com\/@lv\/115482179956945423","error":""},"_links":{"self":[{"href":"https:\/\/www.europesays.com\/lv\/wp-json\/wp\/v2\/posts\/38111","targetHints":{"allow":["GET"]}}],"collection":[{"href":"https:\/\/www.europesays.com\/lv\/wp-json\/wp\/v2\/posts"}],"about":[{"href":"https:\/\/www.europesays.com\/lv\/wp-json\/wp\/v2\/types\/post"}],"author":[{"embeddable":true,"href":"https:\/\/www.europesays.com\/lv\/wp-json\/wp\/v2\/users\/2"}],"replies":[{"embeddable":true,"href":"https:\/\/www.europesays.com\/lv\/wp-json\/wp\/v2\/comments?post=38111"}],"version-history":[{"count":0,"href":"https:\/\/www.europesays.com\/lv\/wp-json\/wp\/v2\/posts\/38111\/revisions"}],"wp:featuredmedia":[{"embeddable":true,"href":"https:\/\/www.europesays.com\/lv\/wp-json\/wp\/v2\/media\/38112"}],"wp:attachment":[{"href":"https:\/\/www.europesays.com\/lv\/wp-json\/wp\/v2\/media?parent=38111"}],"wp:term":[{"taxonomy":"category","embeddable":true,"href":"https:\/\/www.europesays.com\/lv\/wp-json\/wp\/v2\/categories?post=38111"},{"taxonomy":"post_tag","embeddable":true,"href":"https:\/\/www.europesays.com\/lv\/wp-json\/wp\/v2\/tags?post=38111"}],"curies":[{"name":"wp","href":"https:\/\/api.w.org\/{rel}","templated":true}]}}