{"id":38116,"date":"2025-11-02T21:19:23","date_gmt":"2025-11-02T21:19:23","guid":{"rendered":"https:\/\/www.europesays.com\/lv\/38116\/"},"modified":"2025-11-02T21:19:23","modified_gmt":"2025-11-02T21:19:23","slug":"latvijas-regbija-izlasei-uzvara-eiropas-cempionata-konferences-divizijas-maca","status":"publish","type":"post","link":"https:\/\/www.europesays.com\/lv\/38116\/","title":{"rendered":"Latvijas regbija izlasei uzvara Eiropas \u010dempion\u0101ta Konferences div\u012bzijas ma\u010d\u0101"},"content":{"rendered":"<p>Latvijas v\u012brie\u0161u regbija izlase sestdien Valmier\u0101 svin\u0113ja p\u0101rliecino\u0161u uzvaru otraj\u0101 Eiropas \u010dempion\u0101ta Konferences div\u012bzijas 2025.\/2026. gada sezonas ma\u010d\u0101.<\/p>\n<p>Latvijas izlase uzvar\u0113ja ar 59:7 (19:0) uzvar\u0113ja Norv\u0113\u0123ijas valstsvien\u012bbu.<\/p>\n<p>D\u0101vids \u017didelis sakr\u0101ja 24 punktus, divus piezem\u0113jumus veica Mi\u0137elis Jurevi\u010ds, bet pa piezem\u0113jumam &#8211; Em\u012bls Balodis, Toms Asejevs, Ruslans Sosnars, Rihards P\u013cu\u0161kevics un Art\u016brs Alainis.<\/p>\n<p>25. min\u016bt\u0113 piezem\u0113jumu laukuma labaj\u0101 mal\u0101 veica Mi\u0137elis Jurevi\u010ds, bet realiz\u0101ciju neiesita D\u0101vids \u017didelis &#8211; 5:0.<\/p>\n<p>29. min\u016bt\u0113 Jurevi\u010ds ar v\u0113l vienu piezem\u0113jumu pan\u0101ca 10:0, bet \u017didelis tr\u0101p\u012bja realiz\u0101cijas sitienu &#8211; 12:0.<\/p>\n<p>31. min\u016bt\u0113 p\u0113c sadursmes ar Idaru Kjerstadu sp\u0113li nevar\u0113ja turpin\u0101t Mat\u012bss Zic\u0101ns, kur\u0161 laukumu pameta uz nestuv\u0113m.<\/p>\n<p>40. min\u016bt\u0113 bumbu pretinieku ieskaites laukum\u0101 piezem\u0113ja \u017didelis, tr\u0101pot ar\u012b realiz\u0101cijas sitienu &#8211; 19:0. 46. min\u016bt\u0113 \u017didelis v\u0113lreiz piezem\u0113ja bumbu un guva divus punktus ar realiz\u0101cijas sitienu &#8211; 26:0.<\/p>\n<p>55. min\u016bt\u0113 piezem\u0113jumu veica Em\u012bls Balodis, bet realiz\u0101ciju iesita \u017didelis &#8211; 33:0.<\/p>\n<p>58. min\u016bt\u0113 piezem\u0113jumu veica Toms Asejevs un realiz\u0101cijas sitienu iesita \u017didelis &#8211; 40:0.<\/p>\n<p>60. min\u016bt\u0113 piezem\u0113jumu veica Ruslans Sosnars, \u017didelim realiz\u0101cijas sitienu v\u0101rtos netr\u0101pot &#8211; 45:0.<\/p>\n<p>73. min\u016bt\u0113 piezem\u0113jumu laukuma labaj\u0101 mal\u0101 veica Rihards P\u013cu\u0161kevics, bet gr\u016btu realiz\u0101cijas sitienu divos punktos p\u0101rv\u0113rta \u017didelis &#8211; 52:0.<\/p>\n<p>76. min\u016bt\u0113 piezem\u0113jumu pretinieku ieskaites laukum\u0101 veica Art\u016brs Alainis, bet \u017didelis iesita v\u0113l vienu realiz\u0101cijas sitienu &#8211; 59:0.<\/p>\n<p>80. min\u016bt\u0113 pirmo piezem\u0113jumu veica ar\u012b norv\u0113\u0123i, izce\u013coties Kimam Robinam Petersenam, bet p\u0113c \u012aena Redmonda iesist\u0101 realiz\u0101cijas sitiena sp\u0113le beidz\u0101s ar 59:7 m\u0101jinieku lab\u0101.<\/p>\n<p>Pag\u0101ju\u0161aj\u0101 ned\u0113\u013c\u0101 Latvijas regbisti viesos sp\u0113l\u0113ja neiz\u0161\u0137irti ar Somiju, c\u012b\u0146ai nosl\u0113dzoties ar rezult\u0101tu 14:14. Savuk\u0101rt norv\u0113\u0123i ar 6:60 piedz\u012bvoja sagr\u0101vi ma\u010d\u0101 ar Luksemburgu.<\/p>\n<p>Konferences div\u012bzijas A grup\u0101 Latvija 2026. gada 11. apr\u012bl\u012b uz\u0146ems Igauniju un ned\u0113\u013cu v\u0113l\u0101k sp\u0113l\u0113s Luksemburg\u0101.<\/p>\n<p>&#8220;Rugby Europe&#8221; Konferences div\u012bzij\u0101 21 komanda ir sadal\u012bta piec\u0101s grup\u0101s. P\u0113c grupu sacens\u012bb\u0101m tikai divas lab\u0101k\u0101s komandas piedal\u012bsies &#8220;play-off&#8221; c\u012b\u0146\u0101 par tik\u0161anu &#8220;Trophy&#8221; div\u012bzij\u0101.<\/p>\n<p>Iepriek\u0161\u0113j\u0101 Konferences div\u012bzijas sezon\u0101 Latvijas izlase svin\u0113ja divas uzvaras \u010detr\u0101s sp\u0113l\u0113s un A grup\u0101 ar 12 punktiem ie\u0146\u0113ma tre\u0161o vietu, bet somi ar trim uzvar\u0101m un 14 punktiem bija otrie.<\/p>\n<p>Latvijas izlases kandid\u0101tu saraksts:<\/p>\n<p>Andis Vangals, Art\u016brs Alainis, Bruno Os\u012btis, D\u0101vids B\u0113rti\u0146\u0161, M\u0101rti\u0146\u0161 Rund\u0101ns, G\u013cebs Vorobjovs, Gundars Grie\u0137is, Janeks Ta\u0161k\u0101ns, Marks Gardovi\u010ds, Mi\u0137elis Jurevi\u010ds, Nauris B\u0113rzi\u0146\u0161, Roberts Brikmanis, Ruslans Sosnars, Uvis Vasi\u013cenko, Aleksejs Grigorjevs, Vigo Valdavs (visi &#8211; &#8220;Livonia&#8221;), Em\u012bls Balodis (&#8220;Miesnieki&#8221;), Rihards P\u013cu\u0161kevics, D\u0101vids \u017didelis (abi &#8211; Jelgavas &#8220;M\u012btava&#8221;), Ingus Aivars, Mat\u012bss Zic\u0101ns (abi &#8211; &#8220;E\u017ei&#8221;), Antons Oseledko (&#8220;Goteborg&#8221;, Zviedrija), Deniss Aleksejevs (Vi\u013c\u0146as &#8220;Gele\u017einas Vilkas&#8221;, Lietuva).<\/p>\n","protected":false},"excerpt":{"rendered":"Latvijas v\u012brie\u0161u regbija izlase sestdien Valmier\u0101 svin\u0113ja p\u0101rliecino\u0161u uzvaru otraj\u0101 Eiropas \u010dempion\u0101ta Konferences div\u012bzijas 2025.\/2026. gada sezonas ma\u010d\u0101.&hellip;\n","protected":false},"author":2,"featured_media":38117,"comment_status":"","ping_status":"","sticky":false,"template":"","format":"standard","meta":{"footnotes":""},"categories":[17],"tags":[118,35,39,38,36,37,34,40,443,67],"class_list":{"0":"post-38116","1":"post","2":"type-post","3":"status-publish","4":"format-standard","5":"has-post-thumbnail","7":"category-sports","8":"tag-kekava","9":"tag-latvia","10":"tag-latvian","11":"tag-latviesu","12":"tag-latviesu-valoda","13":"tag-latviesuvaloda","14":"tag-latvija","15":"tag-lv","16":"tag-ropazi","17":"tag-sports"},"share_on_mastodon":{"url":"https:\/\/pubeurope.com\/@lv\/115482195537329450","error":""},"_links":{"self":[{"href":"https:\/\/www.europesays.com\/lv\/wp-json\/wp\/v2\/posts\/38116","targetHints":{"allow":["GET"]}}],"collection":[{"href":"https:\/\/www.europesays.com\/lv\/wp-json\/wp\/v2\/posts"}],"about":[{"href":"https:\/\/www.europesays.com\/lv\/wp-json\/wp\/v2\/types\/post"}],"author":[{"embeddable":true,"href":"https:\/\/www.europesays.com\/lv\/wp-json\/wp\/v2\/users\/2"}],"replies":[{"embeddable":true,"href":"https:\/\/www.europesays.com\/lv\/wp-json\/wp\/v2\/comments?post=38116"}],"version-history":[{"count":0,"href":"https:\/\/www.europesays.com\/lv\/wp-json\/wp\/v2\/posts\/38116\/revisions"}],"wp:featuredmedia":[{"embeddable":true,"href":"https:\/\/www.europesays.com\/lv\/wp-json\/wp\/v2\/media\/38117"}],"wp:attachment":[{"href":"https:\/\/www.europesays.com\/lv\/wp-json\/wp\/v2\/media?parent=38116"}],"wp:term":[{"taxonomy":"category","embeddable":true,"href":"https:\/\/www.europesays.com\/lv\/wp-json\/wp\/v2\/categories?post=38116"},{"taxonomy":"post_tag","embeddable":true,"href":"https:\/\/www.europesays.com\/lv\/wp-json\/wp\/v2\/tags?post=38116"}],"curies":[{"name":"wp","href":"https:\/\/api.w.org\/{rel}","templated":true}]}}