{"id":38118,"date":"2025-11-02T21:21:17","date_gmt":"2025-11-02T21:21:17","guid":{"rendered":"https:\/\/www.europesays.com\/lv\/38118\/"},"modified":"2025-11-02T21:21:17","modified_gmt":"2025-11-02T21:21:17","slug":"netanjahu-pavel-izraelas-armijai-nekavejoties-uzbrukt-gazas-joslai-pec-it-ka-panakta-pamiera-parkapuma-lente-lv","status":"publish","type":"post","link":"https:\/\/www.europesays.com\/lv\/38118\/","title":{"rendered":"Netanjahu pav\u0113l Izra\u0113las armijai nekav\u0113joties uzbrukt Gazas joslai p\u0113c it k\u0101 pan\u0101kt\u0101 pamiera p\u0101rk\u0101puma\u00a0\u2014\u00a0Lente.lv"},"content":{"rendered":"<p>Izra\u0113las armija sa\u0146em pav\u0113li uzbrukt Gazas joslai<\/p>\n<p>Izra\u0113las premjerministrs Benjamins Netanjahu ir devis r\u012bkojumu armijai nekav\u0113joties uzs\u0101kt milit\u0101ru oper\u0101ciju pret Gazas joslu. \u0160is drastiskais solis seko p\u0113c intens\u012bv\u0101m dro\u0161\u012bbas apspried\u0113m un tiek uzskat\u012bts par atbildi uz palest\u012bnie\u0161u grup\u0113juma &#8220;Ham\u0101s&#8221; it k\u0101 veikto pamiera vieno\u0161an\u0101s p\u0101rk\u0101pumu. Ofici\u0101ls pazi\u0146ojums no Netanjahu biroja v\u0113sta, ka &#8220;p\u0113c konsult\u0101cij\u0101m par dro\u0161\u012bbas jaut\u0101jumiem premjerministrs Netanjahu deva r\u012bkojumu armijai nekav\u0113joties veikt sp\u0113c\u012bgus triecienus Gazas josl\u0101&#8221; .<\/p>\n<p>Pamiera p\u0101rk\u0101pums un spriedzes eskal\u0101cija<\/p>\n<p>Saska\u0146\u0101 ar Izra\u0113las apgalvojumiem, &#8220;Ham\u0101s&#8221; ir p\u0101rk\u0101pis pamiera nosac\u012bjumus, kas tika pan\u0101kti ar starpnieku, tostarp ASV, pal\u012bdz\u012bbu oktobra s\u0101kum\u0101 . K\u0101 galvenais iemesls \u0161\u0101dam Izra\u0113las l\u0113mumam tiek min\u0113ts incidents, kur\u0101 Izra\u0113las amatpersonas zi\u0146oja par Izra\u0113las karav\u012bru ap\u0161aud\u012b\u0161anu Gazas dienvidos . Lai gan &#8220;Ham\u0101s&#8221; ir noliedzis savu iesaisti \u0161aj\u0101 ap\u0161aud\u0113 , spriedzi v\u0113l vair\u0101k pastiprin\u0101jis grup\u0113juma pazi\u0146ojums par \u0137\u012blnieku mirst\u012bgo atlieku nodo\u0161anas atlik\u0161anu . Izra\u0113la iepriek\u0161 sa\u0146\u0113ma viena \u0137\u012blnieka mirst\u012bg\u0101s atliekas, ko uzskat\u012bja par skaidru pamiera vieno\u0161an\u0101s p\u0101rk\u0101pumu . Izra\u0113las aizsardz\u012bbas ministrs Izraels Kacs ir stingri br\u012bdin\u0101jis, ka &#8220;Ham\u0101s&#8221; samaks\u0101s &#8220;smagu cenu par uzbrukumiem Izra\u0113las karav\u012briem Gazas josl\u0101 un par vieno\u0161an\u0101s par miru\u0161o \u0137\u012blnieku atgrie\u0161anu p\u0101rk\u0101p\u0161anu&#8221; .<\/p>\n<p>Starptautisk\u0101 reakcija un konflikta konteksts<\/p>\n<p>Pirms milit\u0101r\u0101s oper\u0101cijas s\u0101k\u0161anas Izra\u0113la inform\u0113jusi par saviem nodomiem ASV, ko apstiprin\u0101ju\u0161as divas ASV amatpersonas . ASV viceprezidents D\u017eeimss Deivids Venss, lai gan paudis p\u0101rliec\u012bbu, ka pamiera vieno\u0161an\u0101s sp\u0113s notur\u0113ties, tom\u0113r atzinis, ka notiek atsevi\u0161\u0137as sadursmes . \u0160\u012b situ\u0101cija norisin\u0101s sare\u017e\u0123\u012bt\u0101 re\u0123ion\u0101l\u0101 kontekst\u0101, kur\u0101 jau kop\u0161 2023. gada 7. oktobra turpin\u0101s pla\u0161\u0101ks Izra\u0113las\u2014Ham\u0101s kar\u0161 . ANO dati liecina, ka aptuveni 84% Gazas joslas teritorijas ir p\u0101rv\u0113rsti drup\u0101s . Tiek zi\u0146ots, ka &#8220;Ham\u0101s&#8221; ir izvedis \u0137\u012blniekus no tune\u013ciem un p\u0101rvedis vi\u0146us uz m\u0101j\u0101m un telt\u012bm, iesp\u0113jams, lai rad\u012btu papildu \u0161\u0137\u0113r\u0161\u013cus Izra\u0113las armijas virz\u012bbai .<\/p>\n<p>Iepriek\u0161\u0113j\u0101s milit\u0101r\u0101s oper\u0101cijas un situ\u0101cijas att\u012bst\u012bba<\/p>\n<p>\u0160\u012b nav pirm\u0101 reize, kad notiek milit\u0101ras oper\u0101cijas Gazas josl\u0101. 2025. gada 19. janv\u0101r\u012b st\u0101j\u0101s sp\u0113k\u0101 \u012bslaic\u012bgs pamiers starp Izra\u0113lu un &#8220;Ham\u0101s&#8221;, ta\u010du nepilnus divus m\u0113ne\u0161us v\u0113l\u0101k, nakt\u012b uz 18. martu, Izra\u0113la ats\u0101ka triecienus Gazas josl\u0101 . Maija s\u0101kum\u0101, ofens\u012bvai Gaz\u0101 turpinoties, Izra\u0113las premjers Benjamins Netanjahu pazi\u0146oja par pl\u0101niem p\u0101r\u0146emt piln\u012bgu kontroli Gazas josl\u0101 . Izra\u0113las armija jau iepriek\u0161 ir veikusi uzbrukumus Gazas pils\u0113tai un t\u0101s apk\u0101rtnes rajoniem . Saska\u0146\u0101 ar Izra\u0113las pausto inform\u0101ciju, l\u012bdz 2025. gada janv\u0101rim kar\u0101 Gazas josl\u0101 bija likvid\u0113ti 20 000 &#8220;Ham\u0101s&#8221; kaujinieku .<\/p>\n<p>Ba\u017eas par humanit\u0101ro situ\u0101ciju un n\u0101kotnes perspekt\u012bvas<\/p>\n<p>\u0160\u012b milit\u0101r\u0101 eskal\u0101cija rada nopietnas ba\u017eas par humanit\u0101ro situ\u0101ciju Gazas josl\u0101, kas jau t\u0101 ir katastrof\u0101la . Ilgsto\u0161\u0101 blok\u0101de un bombard\u0113\u0161ana ir novedusi pie pirm\u0101s nepiecie\u0161am\u012bbas pre\u010du un \u016bdens tr\u016bkuma . Starptautisk\u0101 sabiedr\u012bba un cilv\u0113kties\u012bbu organiz\u0101cijas ir kritiz\u0113ju\u0161as Izra\u0113las r\u012bc\u012bbu . Ir izskan\u0113ju\u0161i aicin\u0101jumi atz\u012bt Palest\u012bnas valsti, ko jau atbalst\u012bju\u0161as vair\u0101k nek\u0101 150 ANO dal\u012bbvalstis . Situ\u0101cijas sare\u017e\u0123\u012bt\u012bbu pasv\u012btro ar\u012b zi\u0146as par to, ka p\u0113c Izra\u0113las armijas atvilk\u0161anas &#8220;Ham\u0101s&#8221; atjauno kontroli p\u0101r Gazas joslu .<\/p>\n","protected":false},"excerpt":{"rendered":"Izra\u0113las armija sa\u0146em pav\u0113li uzbrukt Gazas joslai Izra\u0113las premjerministrs Benjamins Netanjahu ir devis r\u012bkojumu armijai nekav\u0113joties uzs\u0101kt milit\u0101ru&hellip;\n","protected":false},"author":2,"featured_media":38119,"comment_status":"","ping_status":"","sticky":false,"template":"","format":"standard","meta":{"footnotes":""},"categories":[14],"tags":[23,57,1275,28,29,32,33,2404,1272,22,493,10487,30,31,35,39,38,36,37,34,40,20,26,27,24,25,54,55,56,21,58],"class_list":{"0":"post-38118","1":"post","2":"type-post","3":"status-publish","4":"format-standard","5":"has-post-thumbnail","7":"category-zinas-no-arvalstim","8":"tag-aktualitates","9":"tag-arvalstim","10":"tag-benjamins-netanjahu","11":"tag-breaking-news","12":"tag-breakingnews","13":"tag-featured-news","14":"tag-featurednews","15":"tag-gaza","16":"tag-hamas","17":"tag-headlines","18":"tag-izraela","19":"tag-konflikts","20":"tag-latest-news","21":"tag-latestnews","22":"tag-latvia","23":"tag-latvian","24":"tag-latviesu","25":"tag-latviesu-valoda","26":"tag-latviesuvaloda","27":"tag-latvija","28":"tag-lv","29":"tag-news","30":"tag-popularakas-zinas","31":"tag-popularakaszinas","32":"tag-top-stories","33":"tag-topstories","34":"tag-world","35":"tag-world-news","36":"tag-worldnews","37":"tag-zinas","38":"tag-zinas-no-arvalstim"},"share_on_mastodon":{"url":"https:\/\/pubeurope.com\/@lv\/115482203615058725","error":""},"_links":{"self":[{"href":"https:\/\/www.europesays.com\/lv\/wp-json\/wp\/v2\/posts\/38118","targetHints":{"allow":["GET"]}}],"collection":[{"href":"https:\/\/www.europesays.com\/lv\/wp-json\/wp\/v2\/posts"}],"about":[{"href":"https:\/\/www.europesays.com\/lv\/wp-json\/wp\/v2\/types\/post"}],"author":[{"embeddable":true,"href":"https:\/\/www.europesays.com\/lv\/wp-json\/wp\/v2\/users\/2"}],"replies":[{"embeddable":true,"href":"https:\/\/www.europesays.com\/lv\/wp-json\/wp\/v2\/comments?post=38118"}],"version-history":[{"count":0,"href":"https:\/\/www.europesays.com\/lv\/wp-json\/wp\/v2\/posts\/38118\/revisions"}],"wp:featuredmedia":[{"embeddable":true,"href":"https:\/\/www.europesays.com\/lv\/wp-json\/wp\/v2\/media\/38119"}],"wp:attachment":[{"href":"https:\/\/www.europesays.com\/lv\/wp-json\/wp\/v2\/media?parent=38118"}],"wp:term":[{"taxonomy":"category","embeddable":true,"href":"https:\/\/www.europesays.com\/lv\/wp-json\/wp\/v2\/categories?post=38118"},{"taxonomy":"post_tag","embeddable":true,"href":"https:\/\/www.europesays.com\/lv\/wp-json\/wp\/v2\/tags?post=38118"}],"curies":[{"name":"wp","href":"https:\/\/api.w.org\/{rel}","templated":true}]}}