{"id":38126,"date":"2025-11-02T21:28:08","date_gmt":"2025-11-02T21:28:08","guid":{"rendered":"https:\/\/www.europesays.com\/lv\/38126\/"},"modified":"2025-11-02T21:28:08","modified_gmt":"2025-11-02T21:28:08","slug":"knab-lietu-pret-rigas-siltuma-sefu-sledz-pieradijumu-trukuma-del","status":"publish","type":"post","link":"https:\/\/www.europesays.com\/lv\/38126\/","title":{"rendered":"KNAB lietu pret \u201cR\u012bgas Siltuma\u201d \u0161efu sl\u0113dz pier\u0101d\u012bjumu tr\u016bkuma d\u0113\u013c"},"content":{"rendered":"<p>\u201cStipri ap\u0161aubu, ka, atbildot uz \u0161iem jaut\u0101jumiem, tas kaut ko var\u0113tu pal\u012bdz\u0113t izbeigtajam procesam. Nu vien\u012bgais satraukums, ja U\u017eakina kungs atz\u012btos, ka vi\u0146\u0161 ir devis kuku\u013cus k\u0101dai valsts amatpersonai, lai uzvar\u0113tu \u0161ajos iepirkumos. Tas b\u016btu noteikti pamats [atjaunot lietu], bet b\u016bsim objekt\u012bvi, tas [atz\u012b\u0161an\u0101s] nenotiks,\u201d saka prokurors.<\/p>\n<p>KNAB mekl\u0113jis iesp\u0113jas uz notiku\u0161o paskat\u012bties ar\u012b no Intere\u0161u konflikta nov\u0113r\u0161anas likuma, vai tas nav p\u0101rk\u0101pts. Ta\u010du ar\u012b te t\u0101l\u0101ku seku nebija. Izmekl\u0113\u0161an\u0101 bija konstat\u0113ts, ka Talcis pie\u0146\u0113mis divus l\u0113mumus attiec\u012bb\u0101 uz SIA \u201cS\u0113me\u201d \u2013 2021. gada 3.novembr\u012b un 2022. gada 1.j\u016bnij\u0101. P\u0113c \u201cR\u012bgas<\/p>\n<p>Siltuma\u201d sniegt\u0101s inform\u0101cijas, \u0161ie ir l\u0113mumi, ko pie\u0146\u0113musi kop\u012bgi visa \u201cR\u012bgas Siltuma\u201d valde par l\u012bgumu sl\u0113g\u0161anu ar saimnieciski visizdev\u012bg\u0101k\u0101 pied\u0101v\u0101juma iesniedz\u0113ju. Tas ir \u2013 SIA \u201cS\u0113me\u201d.<\/p>\n<p>Ta\u010du, ko dar\u012bt, ja ac\u012bmredzams ir tas, ka pa\u0161vald\u012bbas uz\u0146\u0113muma amatpersona regul\u0101ri sa\u0146em d\u0101snus labumus no uz\u0146\u0113m\u0113ja, kas ir bie\u017es iepirkumu konkursu uzvar\u0113t\u0101js?<\/p>\n<p>\u201c\u0160\u012b ir t\u0101 lieta, kas mums atkal aktualiz\u0113ja jaut\u0101jumu par iesp\u0113jamo amatpersonu piebaro\u0161anu. Bija skaidrs, ka varb\u016bt \u012bsti tas nav pareizi un labi, ne tikai no \u0113tikas viedok\u013ca, t\u0101p\u0113c m\u0113s v\u0113rs\u0101mies \u0122ener\u0101lprokurat\u016br\u0101 un sa\u0146\u0113m\u0101m ar\u012b Tieslietu ministrij\u0101 \u0161o atbalstu run\u0101t un iet ar kaut k\u0101diem priek\u0161likumiem par \u0161o amatpersonu piebaro\u0161anu. Latvij\u0101 \u0161\u012b amatpersonu piebaro\u0161anu nav kriminaliz\u0113ta,\u201d saka KNAB amatpersona Rumjanceva.<\/p>\n<p>Ir Eiropas valstis, kur likuma priek\u0161\u0101 var saukt ar\u012b situ\u0101cij\u0101s, kad amatpersonai dod vai pied\u0101v\u0101 mantiskus labumus, lai vi\u0146i b\u016btu orient\u0113ti uz labv\u0113l\u012bgiem nodomiem un darbiem attiec\u012bb\u0101 pret \u0161o iesp\u0113jam\u0101 kuku\u013ca dev\u0113ju n\u0101kotn\u0113, nevis par kaut k\u0101du jau konkr\u0113tu darb\u012bbu izdar\u012b\u0161anu, k\u0101 to prasa \u0161obr\u012bd Latvijas Krimin\u0101llikums.<\/p>\n<p>P\u0113c KNAB teikt\u0101, vi\u0146iem n\u0101cies izbeigt vair\u0101kas lietas tie\u0161i d\u0113\u013c t\u0101, ka nav izdevies pier\u0101d\u012bt, par ko tie\u0161i dots iesp\u0113jamais kukulis. Bet par piemin\u0113tajiem groz\u012bjumiem, lai ar\u012b konceptu\u0101lu iebildumu nav bijis, politikas veidot\u0101ji tos t\u0101 ar\u012b nav virz\u012bju\u0161i pie\u0146em\u0161anai.<\/p>\n","protected":false},"excerpt":{"rendered":"\u201cStipri ap\u0161aubu, ka, atbildot uz \u0161iem jaut\u0101jumiem, tas kaut ko var\u0113tu pal\u012bdz\u0113t izbeigtajam procesam. Nu vien\u012bgais satraukums, ja&hellip;\n","protected":false},"author":2,"featured_media":38127,"comment_status":"","ping_status":"","sticky":false,"template":"","format":"standard","meta":{"footnotes":""},"categories":[12],"tags":[23,28,29,32,33,22,4027,30,31,35,39,38,36,37,34,40,20,11135,26,27,1595,24,25,21],"class_list":{"0":"post-38126","1":"post","2":"type-post","3":"status-publish","4":"format-standard","5":"has-post-thumbnail","7":"category-latvija","8":"tag-aktualitates","9":"tag-breaking-news","10":"tag-breakingnews","11":"tag-featured-news","12":"tag-featurednews","13":"tag-headlines","14":"tag-knab","15":"tag-latest-news","16":"tag-latestnews","17":"tag-latvia","18":"tag-latvian","19":"tag-latviesu","20":"tag-latviesu-valoda","21":"tag-latviesuvaloda","22":"tag-latvija","23":"tag-lv","24":"tag-news","25":"tag-normunds-talcis","26":"tag-popularakas-zinas","27":"tag-popularakaszinas","28":"tag-rigas-siltums","29":"tag-top-stories","30":"tag-topstories","31":"tag-zinas"},"share_on_mastodon":{"url":"https:\/\/pubeurope.com\/@lv\/115482231043023324","error":""},"_links":{"self":[{"href":"https:\/\/www.europesays.com\/lv\/wp-json\/wp\/v2\/posts\/38126","targetHints":{"allow":["GET"]}}],"collection":[{"href":"https:\/\/www.europesays.com\/lv\/wp-json\/wp\/v2\/posts"}],"about":[{"href":"https:\/\/www.europesays.com\/lv\/wp-json\/wp\/v2\/types\/post"}],"author":[{"embeddable":true,"href":"https:\/\/www.europesays.com\/lv\/wp-json\/wp\/v2\/users\/2"}],"replies":[{"embeddable":true,"href":"https:\/\/www.europesays.com\/lv\/wp-json\/wp\/v2\/comments?post=38126"}],"version-history":[{"count":0,"href":"https:\/\/www.europesays.com\/lv\/wp-json\/wp\/v2\/posts\/38126\/revisions"}],"wp:featuredmedia":[{"embeddable":true,"href":"https:\/\/www.europesays.com\/lv\/wp-json\/wp\/v2\/media\/38127"}],"wp:attachment":[{"href":"https:\/\/www.europesays.com\/lv\/wp-json\/wp\/v2\/media?parent=38126"}],"wp:term":[{"taxonomy":"category","embeddable":true,"href":"https:\/\/www.europesays.com\/lv\/wp-json\/wp\/v2\/categories?post=38126"},{"taxonomy":"post_tag","embeddable":true,"href":"https:\/\/www.europesays.com\/lv\/wp-json\/wp\/v2\/tags?post=38126"}],"curies":[{"name":"wp","href":"https:\/\/api.w.org\/{rel}","templated":true}]}}