{"id":38128,"date":"2025-11-02T21:29:08","date_gmt":"2025-11-02T21:29:08","guid":{"rendered":"https:\/\/www.europesays.com\/lv\/38128\/"},"modified":"2025-11-02T21:29:08","modified_gmt":"2025-11-02T21:29:08","slug":"lasveidigo-zivju-narsta-laika-soruden-noverots-zemaks-maluzvejniecibas-limenis-lente-lv-2","status":"publish","type":"post","link":"https:\/\/www.europesays.com\/lv\/38128\/","title":{"rendered":"La\u0161veid\u012bgo zivju n\u0101rsta laik\u0101 \u0161oruden nov\u0113rots zem\u0101ks maluzvejniec\u012bbas l\u012bmenis\u00a0\u2014\u00a0Lente.lv"},"content":{"rendered":"<p>La\u0161veid\u012bgo zivju n\u0101rsta period\u0101 nov\u0113rots b\u016btisks maluzvejniec\u012bbas aktivit\u0101tes kritums<\/p>\n<p>\u0160oruden, la\u0161veid\u012bgo zivju \u2013 la\u0161u un taimi\u0146u \u2013 n\u0101rsta laik\u0101, v\u0113rojama iev\u0113rojami samazin\u0101ta nelikum\u012bgas mak\u0161\u0137er\u0113\u0161anas un zvejas aktivit\u0101te, kas ir \u013coti iepriecino\u0161a zi\u0146a dabas un zivju resursu aizst\u0101vjiem. Valsts vides dienesta (VVD) inspektori kop\u0101 ar Zemessardzes, pa\u0161vald\u012bbu un sabiedrisko vides inspektoru pal\u012bgiem pastiprin\u0101ti uzraudz\u012bju\u0161i n\u0101rsta upes oktobr\u012b un novembr\u012b, cen\u0161oties pasarg\u0101t \u0161\u012bs v\u0113r\u012bg\u0101s un aizsarg\u0101jam\u0101s sugas to vissvar\u012bg\u0101kaj\u0101 dz\u012bves cikl\u0101.<\/p>\n<p>Pagaid\u0101m \u0161aj\u0101 n\u0101rsta period\u0101 konstat\u0113ti vien tr\u012bs p\u0101rk\u0101pumi, un up\u0113s iz\u0146emti aptuveni 40 neleg\u0101li zvejas r\u012bki. Sal\u012bdzin\u0101jum\u0101 ar iepriek\u0161\u0113j\u0101 gada \u0161o pa\u0161u laiku, kad maluzvejniec\u012bbas gad\u012bjumu skaits bija krietni augst\u0101ks, \u0161is ir iev\u0113rojams uzlabojums. \u0160\u0101ds r\u0101d\u012bt\u0101js sniedz cer\u012bbu, ka sabiedr\u012bbas izpratne par nepiecie\u0161am\u012bbu aizsarg\u0101t n\u0101rsta period\u0101 eso\u0161\u0101s zivis pieaug, un ka VVD veiktie uzraudz\u012bbas pas\u0101kumi nes aug\u013cus.<\/p>\n<p>VVD uzraudz\u012bbas pas\u0101kumi un sadarb\u012bbas noz\u012bme<\/p>\n<p>VVD jau tradicion\u0101li pastiprina savu kl\u0101tb\u016btni un uzraudz\u012bbu n\u0101rsta up\u0113s oktobra un novembra m\u0113ne\u0161os, jo tie\u0161i \u0161is ir laiks, kad la\u0161i un taimi\u0146i dodas uz n\u0101rsto\u0161anas viet\u0101m, lai turpin\u0101tu savu sugu. Lai nodro\u0161in\u0101tu efekt\u012bv\u0101ku uzraudz\u012bbu un savlaic\u012bgu rea\u0123\u0113\u0161anu uz iesp\u0113jamiem p\u0101rk\u0101pumiem, dienests akt\u012bvi sadarbojas ar da\u017e\u0101d\u0101m instit\u016bcij\u0101m un organiz\u0101cij\u0101m. \u0160ogad \u012bpa\u0161i cie\u0161a sadarb\u012bba izveidojusies ar Zemessardzi, kas sniedz b\u016btisku atbalstu fiziskaj\u0101 uzraudz\u012bb\u0101, k\u0101 ar\u012b ar pa\u0161vald\u012bbu p\u0101rst\u0101vjiem un sabiedriskajiem vides inspektoriem, kuri br\u012bvpr\u0101t\u012bgi pal\u012bdz nov\u0113rot un zi\u0146ot par aizdom\u012bg\u0101m aktivit\u0101t\u0113m.<\/p>\n<p>\u0160\u012b starpinstitucion\u0101l\u0101 un sabiedrisk\u0101 sadarb\u012bba ir \u0101rk\u0101rt\u012bgi v\u0113rt\u012bga, jo t\u0101 \u013cauj nosegt pla\u0161\u0101kus upju posmus un nodro\u0161in\u0101t past\u0101v\u012bgu kl\u0101tb\u016btni viet\u0101s, kuras ir \u012bpa\u0161i svar\u012bgas la\u0161veid\u012bgo zivju n\u0101rstam. VVD p\u0101rst\u0101vji uzsver, ka sabiedr\u012bbas iesaiste un zi\u0146ojumi par aizdom\u012bgiem gad\u012bjumiem bie\u017ei vien ir iz\u0161\u0137iro\u0161i, lai maluzvejniekus var\u0113tu notvert un sod\u012bt.<\/p>\n<p>Izpratnes cel\u0161ana un n\u0101kotnes perspekt\u012bvas<\/p>\n<p>Lai gan \u0161\u012b gada rezult\u0101ti ir cer\u012bgi, ir svar\u012bgi turpin\u0101t str\u0101d\u0101t pie sabiedr\u012bbas izpratnes cel\u0161anas par la\u0161veid\u012bgo zivju aizsardz\u012bbas noz\u012bmi. N\u0101rsta period\u0101 \u0161\u012bs zivis ir \u012bpa\u0161i neaizsarg\u0101tas, un jebkura nelikum\u012bga darb\u012bba var rad\u012bt neatgriezenisku kait\u0113jumu to popul\u0101cijai. VVD un vides aizsardz\u012bbas organiz\u0101cijas regul\u0101ri inform\u0113 sabiedr\u012bbu par sp\u0113k\u0101 eso\u0161ajiem normat\u012bvajiem aktiem, mak\u0161\u0137er\u0113\u0161anas ierobe\u017eojumiem un sek\u0101m, kas iest\u0101jas par to p\u0101rk\u0101p\u0161anu. \u0160\u012bs izgl\u012btojo\u0161\u0101s kampa\u0146as, kas bie\u017ei vien izmanto da\u017e\u0101dus informat\u012bvus materi\u0101lus un publiskus pas\u0101kumus, pal\u012bdz cilv\u0113kiem lab\u0101k izprast upju ekosist\u0113mu un katras zivs lomu taj\u0101.<\/p>\n<p>L\u012bdz\u0161in\u0113j\u0101 pieredze r\u0101da, ka stingr\u0101ka uzraudz\u012bba un akt\u012bva sabiedr\u012bbas l\u012bdzdal\u012bba ir efekt\u012bv\u0101kais veids, k\u0101 c\u012bn\u012bties pret maluzvejniec\u012bbu. Cerams, ka turpm\u0101kajos gados \u0161\u012b pozit\u012bv\u0101 tendence saglab\u0101sies, un arvien maz\u0101k cilv\u0113ku risk\u0113s ar savu r\u012bc\u012bbu apdraud\u0113t \u0161\u012bs majest\u0101tisk\u0101s zivis un m\u016bsu dabas bag\u0101t\u012bbas. Aicin\u0101m ikvienu, kur\u0161 pamana aizdom\u012bgas aktivit\u0101tes up\u0113s n\u0101rsta laik\u0101, nekav\u0113joties zi\u0146ot Valsts vides dienestam, lai kop\u012bgiem sp\u0113kiem pasarg\u0101tu m\u016bsu Latvijas \u016bde\u0146u d\u0101rgumus.<\/p>\n","protected":false},"excerpt":{"rendered":"La\u0161veid\u012bgo zivju n\u0101rsta period\u0101 nov\u0113rots b\u016btisks maluzvejniec\u012bbas aktivit\u0101tes kritums \u0160oruden, la\u0161veid\u012bgo zivju \u2013 la\u0161u un taimi\u0146u \u2013 n\u0101rsta&hellip;\n","protected":false},"author":2,"featured_media":38129,"comment_status":"","ping_status":"","sticky":false,"template":"","format":"standard","meta":{"footnotes":""},"categories":[5],"tags":[23,28,29,32,33,22,11125,30,31,35,39,38,36,37,34,40,11126,20,26,27,24,25,11107,11128,21,11127],"class_list":{"0":"post-38128","1":"post","2":"type-post","3":"status-publish","4":"format-standard","5":"has-post-thumbnail","7":"category-aktualitates","8":"tag-aktualitates","9":"tag-breaking-news","10":"tag-breakingnews","11":"tag-featured-news","12":"tag-featurednews","13":"tag-headlines","14":"tag-lasveidigo-zivju-narsts","15":"tag-latest-news","16":"tag-latestnews","17":"tag-latvia","18":"tag-latvian","19":"tag-latviesu","20":"tag-latviesu-valoda","21":"tag-latviesuvaloda","22":"tag-latvija","23":"tag-lv","24":"tag-maluzvejnieciba","25":"tag-news","26":"tag-popularakas-zinas","27":"tag-popularakaszinas","28":"tag-top-stories","29":"tag-topstories","30":"tag-valsts-vides-dienests","31":"tag-videonoverosana","32":"tag-zinas","33":"tag-zivju-aizsardziba"},"share_on_mastodon":{"url":"https:\/\/pubeurope.com\/@lv\/115482236441360258","error":""},"_links":{"self":[{"href":"https:\/\/www.europesays.com\/lv\/wp-json\/wp\/v2\/posts\/38128","targetHints":{"allow":["GET"]}}],"collection":[{"href":"https:\/\/www.europesays.com\/lv\/wp-json\/wp\/v2\/posts"}],"about":[{"href":"https:\/\/www.europesays.com\/lv\/wp-json\/wp\/v2\/types\/post"}],"author":[{"embeddable":true,"href":"https:\/\/www.europesays.com\/lv\/wp-json\/wp\/v2\/users\/2"}],"replies":[{"embeddable":true,"href":"https:\/\/www.europesays.com\/lv\/wp-json\/wp\/v2\/comments?post=38128"}],"version-history":[{"count":0,"href":"https:\/\/www.europesays.com\/lv\/wp-json\/wp\/v2\/posts\/38128\/revisions"}],"wp:featuredmedia":[{"embeddable":true,"href":"https:\/\/www.europesays.com\/lv\/wp-json\/wp\/v2\/media\/38129"}],"wp:attachment":[{"href":"https:\/\/www.europesays.com\/lv\/wp-json\/wp\/v2\/media?parent=38128"}],"wp:term":[{"taxonomy":"category","embeddable":true,"href":"https:\/\/www.europesays.com\/lv\/wp-json\/wp\/v2\/categories?post=38128"},{"taxonomy":"post_tag","embeddable":true,"href":"https:\/\/www.europesays.com\/lv\/wp-json\/wp\/v2\/tags?post=38128"}],"curies":[{"name":"wp","href":"https:\/\/api.w.org\/{rel}","templated":true}]}}