{"id":38134,"date":"2025-11-02T21:35:08","date_gmt":"2025-11-02T21:35:08","guid":{"rendered":"https:\/\/www.europesays.com\/lv\/38134\/"},"modified":"2025-11-02T21:35:08","modified_gmt":"2025-11-02T21:35:08","slug":"tris-jubilejas-modina-petniecisku-interesi-par-latviesu-mantojumu-lente-lv-2","status":"publish","type":"post","link":"https:\/\/www.europesays.com\/lv\/38134\/","title":{"rendered":"Tr\u012bs Jubilejas Modina P\u0113tniecisku Interesi par Latvie\u0161u Mantojumu\u00a0\u2014\u00a0Lente.lv"},"content":{"rendered":"<p>Kri\u0161j\u0101\u0146a Barona Konferences Daudzveid\u012bg\u0101s Jubilejas: P\u0113tniec\u012bbas un Mantojuma Sv\u0113tki<\/p>\n<p>\u0160\u012b gada ikgad\u0113j\u0101 Kri\u0161j\u0101\u0146a Barona konference ir k\u013cuvusi par \u012bpa\u0161u notikumu, atz\u012bm\u0113jot pat tr\u012bs noz\u012bm\u012bgas jubilejas. \u0160is pas\u0101kums, kas pulc\u0113 zin\u0101tniekus, kult\u016bras darbiniekus un interesentus, \u0161oreiz ir velt\u012bts ne tikai Kri\u0161j\u0101\u0146a Barona iev\u0113rojamajam m\u016b\u017ea ieguld\u012bjumam, bet ar\u012b citiem svar\u012bgiem gadskait\u013ciem, kas cie\u0161i saist\u012bti ar latvie\u0161u valodu, folkloru un nacion\u0101l\u0101s identit\u0101tes stiprin\u0101\u0161anu.<\/p>\n<p>Barona Liel\u0101s Jubilejas Un To Noz\u012bm\u012bgums<\/p>\n<p>Konference godam atz\u012bm\u0113 Kri\u0161j\u0101\u0146a Barona, izcil\u0101 latvie\u0161u folklorista, liter\u0101r\u0101 darbinieka un sabiedrisk\u0101 darbinieka, vair\u0101kas svar\u012bgas jubilejas. Vi\u0146a nenogursto\u0161ais darbs pie tautasdziesmu v\u0101k\u0161anas un sistematiz\u0113\u0161anas ir neatsverams mantojums n\u0101kamaj\u0101m paaudz\u0113m. \u0160ie notikumi ir k\u0101 spogulis, kas atspogu\u013co vi\u0146a m\u016b\u017ea centienus un to dzi\u013co ietekmi uz latvie\u0161u kult\u016bras saglab\u0101\u0161anu un att\u012bst\u012bbu. Vi\u0146a darbs ir k\u0101 arhitekta veikums, kas r\u016bp\u012bgi sak\u0101rtojis tautas dv\u0113seles d\u0101rgumus, padarot tos pieejamus un saprotamus ikvienam.<\/p>\n<p>Citas Svar\u012bgas Gadsk\u0101rtas un To P\u0113tnieciskais Aicin\u0101jums<\/p>\n<p>Papildus Barona jubilej\u0101m, \u0161\u012b gada konference piev\u0113r\u0161as ar\u012b cit\u0101m noz\u012bm\u012bg\u0101m atceres dien\u0101m, kas mudina uz padzi\u013cin\u0101tu p\u0113tniec\u012bbu. Viena no t\u0101m ir saist\u012bta ar noteiktu latvie\u0161u valodas att\u012bst\u012bbas posmu vai k\u0101da noz\u012bm\u012bga lingvista piemi\u0146u, kas devis b\u016btisku ieguld\u012bjumu valodas izp\u0113t\u0113 un fiks\u0113\u0161an\u0101. T\u0101pat tiek godin\u0101ts k\u0101ds notikums vai person\u012bba, kas atst\u0101jusi palieko\u0161u z\u012bmi latvie\u0161u kult\u016bras ainav\u0101, \u012bpa\u0161i saist\u012bb\u0101 ar mutv\u0101rdu trad\u012bcij\u0101m un to saglab\u0101\u0161anu digit\u0101laj\u0101 laikmet\u0101. Konference kalpo k\u0101 platforma, lai apzin\u0101tu \u0161o mantojumu, izprastu t\u0101 v\u0113rt\u012bbu m\u016bsdien\u0101s un rastu jaunus veidus, k\u0101 to populariz\u0113t.<\/p>\n<p>P\u0113tniec\u012bbas Dzirksts Jaunaj\u0101s Paaudz\u0113s<\/p>\n<p>Konferences viens no galvenajiem m\u0113r\u0137iem ir iedegt p\u0113tniecisku dzirksti jaunaj\u0101s paaudz\u0113s. K\u0101 nor\u0101d\u012bju\u0161i organizatori un dal\u012bbnieki, ir svar\u012bgi ne tikai saglab\u0101t eso\u0161\u0101s zin\u0101\u0161anas, bet ar\u012b veicin\u0101t jaunu p\u0113t\u012bjumu veik\u0161anu. Tas ietver gan studentu un jauno zin\u0101tnieku iesaist\u012b\u0161anu, gan ar\u012b inovat\u012bvu p\u0113tniec\u012bbas meto\u017eu izmanto\u0161anu. Tiek uzsv\u0113rta nepiecie\u0161am\u012bba izmantot modern\u0101s tehnolo\u0123ijas un digit\u0101los r\u012bkus, lai p\u0113t\u012btu folkloru un kult\u016bras mantojumu jaun\u0101, saisto\u0161\u0101 veid\u0101. Tas ir k\u0101 tilts starp pag\u0101tni un n\u0101kotni, kur\u0101 zin\u0101\u0161anas tiek nodotas un bag\u0101tin\u0101tas.<\/p>\n<p>Izaicin\u0101jumi un Iesp\u0113jas Digit\u0101laj\u0101 Laikmet\u0101<\/p>\n<p>M\u016bsdienu digit\u0101lais laikmets sniedz gan izaicin\u0101jumus, gan jaunas iesp\u0113jas kult\u016bras mantojuma saglab\u0101\u0161an\u0101 un izp\u0113t\u0113. Konferenc\u0113 tika spriests par to, k\u0101 efekt\u012bvi izmantot digit\u0101l\u0101s datub\u0101zes, soci\u0101los medijus un citas tie\u0161saistes platformas, lai sasniegtu pla\u0161\u0101ku auditoriju un veicin\u0101tu interesi par latvie\u0161u folkloru un valodu. T\u0101pat tika uzsv\u0113rts nepiecie\u0161am\u012bba risin\u0101t jaut\u0101jumus, kas saist\u012bti ar digit\u0101lo datu arhiv\u0113\u0161anu, pieejam\u012bbu un dro\u0161\u012bbu. Tas ir k\u0101 laivas b\u016bv\u0113\u0161ana, kas sp\u0113s p\u0101rvad\u0101t m\u016bsu kult\u016bras v\u0113rt\u012bbas uz digit\u0101lajiem oke\u0101niem.<\/p>\n<p>Diskusijas un N\u0101kotnes Virzieni<\/p>\n<p>Konferences ietvaros notika aizraujo\u0161as diskusijas par da\u017e\u0101diem tematiem \u2013 no valodu politikas l\u012bdz jauniem p\u0113tniec\u012bbas virzieniem folkloristik\u0101. Tika prezent\u0113ti jaun\u0101kie p\u0113t\u012bjumu rezult\u0101ti, analiz\u0113ti aktu\u0101li procesi un prognoz\u0113tas n\u0101kotnes tendences. Dal\u012bbnieki dal\u012bj\u0101s pieredz\u0113 un idej\u0101s, k\u0101 stiprin\u0101t latvie\u0161u valodas un kult\u016bras lomu sabiedr\u012bb\u0101. Daudzi atzina, ka \u0161\u0101da veida pas\u0101kumi ir neatsverami, jo tie veicina sadarb\u012bbu, apmai\u0146u un jaunu zin\u0101\u0161anu rad\u012b\u0161anu. Katra diskusija bija k\u0101 s\u0113kla, kas ies\u0113ta augl\u012bg\u0101 zem\u0113, lai n\u0101kotn\u0113 izaugtu jauni un v\u0113rt\u012bgi rezult\u0101ti.<\/p>\n<p>Kult\u016bras Mantojuma Saglab\u0101\u0161ana Un T\u0101 V\u0113rt\u012bba<\/p>\n<p>Kri\u0161j\u0101\u0146a Barona mantojums, t\u0101pat k\u0101 visa latvie\u0161u tautas kult\u016bras bag\u0101t\u012bba, ir m\u016bsu kop\u012bgais d\u0101rgums. Konference ir svar\u012bgs atg\u0101din\u0101jums par nepiecie\u0161am\u012bbu \u0161o mantojumu saglab\u0101t un nodot t\u0101l\u0101k. T\u0101 ir m\u016bsu sak\u0146u apzin\u0101\u0161an\u0101s, kas dod sp\u0113ku un identit\u0101ti. P\u0113tnieciskais darbs, kas balst\u012bts uz \u0161o mantojumu, ne tikai pal\u012bdz mums lab\u0101k izprast sevi, bet ar\u012b stiprina m\u016bsu valsts un kult\u016bras konkur\u0113tsp\u0113ju pasaul\u0113. Tas ir k\u0101 m\u016b\u017e\u012bg\u0101s uguns uztur\u0113\u0161ana, kas silda un apgaismo m\u016bsu ce\u013cu.<\/p>\n","protected":false},"excerpt":{"rendered":"Kri\u0161j\u0101\u0146a Barona Konferences Daudzveid\u012bg\u0101s Jubilejas: P\u0113tniec\u012bbas un Mantojuma Sv\u0113tki \u0160\u012b gada ikgad\u0113j\u0101 Kri\u0161j\u0101\u0146a Barona konference ir k\u013cuvusi par&hellip;\n","protected":false},"author":2,"featured_media":38135,"comment_status":"","ping_status":"","sticky":false,"template":"","format":"standard","meta":{"footnotes":""},"categories":[5],"tags":[23,28,29,32,33,22,11132,1085,30,31,35,39,38,6180,36,37,34,40,20,26,27,24,25,11133,21,11134],"class_list":{"0":"post-38134","1":"post","2":"type-post","3":"status-publish","4":"format-standard","5":"has-post-thumbnail","7":"category-aktualitates","8":"tag-aktualitates","9":"tag-breaking-news","10":"tag-breakingnews","11":"tag-featured-news","12":"tag-featurednews","13":"tag-headlines","14":"tag-krisjana-barona-konference","15":"tag-kulturas-mantojums","16":"tag-latest-news","17":"tag-latestnews","18":"tag-latvia","19":"tag-latvian","20":"tag-latviesu","21":"tag-latviesu-folklora","22":"tag-latviesu-valoda","23":"tag-latviesuvaloda","24":"tag-latvija","25":"tag-lv","26":"tag-news","27":"tag-popularakas-zinas","28":"tag-popularakaszinas","29":"tag-top-stories","30":"tag-topstories","31":"tag-valodu-petnieciba","32":"tag-zinas","33":"tag-zinatniskie-pasakumi"},"share_on_mastodon":{"url":"https:\/\/pubeurope.com\/@lv\/115482258579820837","error":""},"_links":{"self":[{"href":"https:\/\/www.europesays.com\/lv\/wp-json\/wp\/v2\/posts\/38134","targetHints":{"allow":["GET"]}}],"collection":[{"href":"https:\/\/www.europesays.com\/lv\/wp-json\/wp\/v2\/posts"}],"about":[{"href":"https:\/\/www.europesays.com\/lv\/wp-json\/wp\/v2\/types\/post"}],"author":[{"embeddable":true,"href":"https:\/\/www.europesays.com\/lv\/wp-json\/wp\/v2\/users\/2"}],"replies":[{"embeddable":true,"href":"https:\/\/www.europesays.com\/lv\/wp-json\/wp\/v2\/comments?post=38134"}],"version-history":[{"count":0,"href":"https:\/\/www.europesays.com\/lv\/wp-json\/wp\/v2\/posts\/38134\/revisions"}],"wp:featuredmedia":[{"embeddable":true,"href":"https:\/\/www.europesays.com\/lv\/wp-json\/wp\/v2\/media\/38135"}],"wp:attachment":[{"href":"https:\/\/www.europesays.com\/lv\/wp-json\/wp\/v2\/media?parent=38134"}],"wp:term":[{"taxonomy":"category","embeddable":true,"href":"https:\/\/www.europesays.com\/lv\/wp-json\/wp\/v2\/categories?post=38134"},{"taxonomy":"post_tag","embeddable":true,"href":"https:\/\/www.europesays.com\/lv\/wp-json\/wp\/v2\/tags?post=38134"}],"curies":[{"name":"wp","href":"https:\/\/api.w.org\/{rel}","templated":true}]}}