{"id":38146,"date":"2025-11-02T21:55:16","date_gmt":"2025-11-02T21:55:16","guid":{"rendered":"https:\/\/www.europesays.com\/lv\/38146\/"},"modified":"2025-11-02T21:55:16","modified_gmt":"2025-11-02T21:55:16","slug":"latvijas-regbija-izlase-iespaidigi-sagrauj-norvegiju-eiropas-cempionata-maca-lente-lv","status":"publish","type":"post","link":"https:\/\/www.europesays.com\/lv\/38146\/","title":{"rendered":"Latvijas regbija izlase iespaid\u012bgi sagrauj Norv\u0113\u0123iju Eiropas \u010dempion\u0101ta ma\u010d\u0101\u00a0\u2014\u00a0Lente.lv"},"content":{"rendered":"<p>Sp\u0113l\u0113 izc\u012bn\u012bta p\u0101rliecino\u0161a uzvara p\u0101r Norv\u0113\u0123iju<\/p>\n<p>Latvijas v\u012brie\u0161u regbija izlase sestdien, 1. novembr\u012b, Valmier\u0101 demonstr\u0113ja spo\u017eu sniegumu, p\u0101rliecino\u0161i uzvarot Norv\u0113\u0123ijas valstsvien\u012bbu ar iespaid\u012bgu rezult\u0101tu 59:7 (19:0). \u0160\u012b bija otr\u0101 sp\u0113le Eiropas \u010dempion\u0101ta Konferences div\u012bzijas 2025.\/2026. gada sezon\u0101 un pirm\u0101 uzvara Latvijas komandai \u0161aj\u0101 cikl\u0101. Iepriek\u0161\u0113j\u0101 sp\u0113l\u0113 viesos pret Somiju tika nosp\u0113l\u0113ts neiz\u0161\u0137irti 14:14.<\/p>\n<p>Sp\u0113les gaita un atsl\u0113gas momenti<\/p>\n<p>Sp\u0113les s\u0101kum\u0101 iniciat\u012bva bie\u017e\u0101k pieder\u0113ja norv\u0113\u0123iem, ta\u010du Latvijas komanda veiksm\u012bgi aizst\u0101v\u0113j\u0101s un dr\u012bzum\u0101 p\u0101r\u0146\u0113ma kontroli p\u0101r sp\u0113li. Jau 25. min\u016bt\u0113 Mi\u0137elis Jurevi\u010ds guva pirmo piezem\u0113jumu sp\u0113l\u0113, atkl\u0101jot Latvijas punktu g\u016b\u0161anu. Vi\u0146am dr\u012bzum\u0101 sekoja otrs piezem\u0113jums, ko realiz\u0113ja D\u0101vids \u017didelis, kur\u0161 v\u0113l\u0101k puslaika izska\u0146\u0101 guva ar\u012b tre\u0161o piezem\u0113jumu un veiksm\u012bgi realiz\u0113ja sitienu, nosakot p\u0101rsvaru 19:0 pirms do\u0161an\u0101s p\u0101rtraukum\u0101.<\/p>\n<p>Otr\u0101 puslaika s\u0101kum\u0101 Latvijas izlase piln\u012bb\u0101 domin\u0113ja laukum\u0101, neliekot pretiniekiem cer\u0113t uz sp\u0113les saasin\u0101\u0161anos. Virkni veiksm\u012bgu piezem\u0113jumu guva G\u013cebs Vorobjovs (divreiz), k\u0101 ar\u012b Em\u012bls Balodis, Uvis Vasi\u013cenko, Ruslans Sosnars un Art\u016brs Alainis. D\u0101vids \u017didelis apliecin\u0101ja savu meistar\u012bbu, iesitot piecas realiz\u0101cijas un kopum\u0101 sakr\u0101jot 24 punktus sp\u0113l\u0113. Lai gan Latvijas komanda sp\u0113les beig\u0101s nedaudz atsl\u0101bin\u0101j\u0101s, \u013caujot norv\u0113\u0123iem g\u016bt goda punktus, uzvara ar 59:7 paliek p\u0101rliecino\u0161a.<\/p>\n<p>Rezultat\u012bv\u0101kie sp\u0113l\u0113t\u0101ji un turpm\u0101k\u0101s perspekt\u012bvas<\/p>\n<p>Rezultat\u012bv\u0101kie Latvijas izlas\u0113 ar 24 punktiem bija D\u0101vids \u017didelis, kur\u0161 guva piecus realiz\u0101cijas sitienus. Mi\u0137elis Jurevi\u010ds atz\u012bm\u0113j\u0101s ar diviem piezem\u0113jumiem, bet pa vienam piezem\u0113jumam pievienoja Em\u012bls Balodis, Toms Asejevs, Ruslans Sosnars, Rihards P\u013cu\u0161kevics un Art\u016brs Alainis. \u0160\u012b uzvara dod Latvijas izlasei svar\u012bgus punktus Eiropas \u010dempion\u0101ta Konferences div\u012bzijas kopv\u0113rt\u0113jum\u0101.<\/p>\n<p>N\u0101kam\u0101s sp\u0113les Latvijas izlasei paredz\u0113tas 2026. gada pavasar\u012b. 11. apr\u012bl\u012b Latvij\u0101 tiks uz\u0146emta Igaunijas izlase, bet ned\u0113\u013cu v\u0113l\u0101k, 18. apr\u012bl\u012b, paredz\u0113ta sp\u0113le Luksemburg\u0101. Eiropas \u010dempion\u0101ta Konferences div\u012bzij\u0101 sp\u0113kojas 21 komanda, kas sadal\u012btas piec\u0101s grup\u0101s. Tikai katras grupas divas lab\u0101k\u0101s komandas iek\u013c\u016bs \u201cplay-off\u201d c\u012b\u0146\u0101 par iesp\u0113ju kvalific\u0113ties augst\u0101kai \u201cTrophy\u201d div\u012bzijai.<\/p>\n<p>Latvijas regbija v\u0113sturiskais konteksts<\/p>\n<p>Regbijs Latvij\u0101 att\u012bst\u0101s kop\u0161 1960. gada, un t\u0101 v\u0113sture ir bag\u0101ta ar da\u017e\u0101diem pan\u0101kumiem un izaicin\u0101jumiem. Lai gan Latvijas izlase v\u0113l nav kvalific\u0113jusies Pasaules kausa fin\u0101lturn\u012bram, regbijs-7 izlase 1993. gad\u0101 piedal\u012bj\u0101s Pasaules kausa izc\u012b\u0146\u0101, kas bija noz\u012bm\u012bgs sasniegums Latvijas komandu sporta veidiem. Jaunais treneru korpuss M\u0101rcim Rullim priek\u0161gal\u0101 ar cer\u012bb\u0101m raug\u0101s uz n\u0101kotni, cen\u0161oties pacelt izlasi uz augst\u0101ku l\u012bmeni Eiropas regbija hierarhij\u0101. \u0160\u012b p\u0101rliecino\u0161\u0101 uzvara p\u0101r Norv\u0113\u0123iju ir spilgts apliecin\u0101jums komandas progresam un potenci\u0101lam.<\/p>\n","protected":false},"excerpt":{"rendered":"Sp\u0113l\u0113 izc\u012bn\u012bta p\u0101rliecino\u0161a uzvara p\u0101r Norv\u0113\u0123iju Latvijas v\u012brie\u0161u regbija izlase sestdien, 1. novembr\u012b, Valmier\u0101 demonstr\u0113ja spo\u017eu sniegumu, p\u0101rliecino\u0161i&hellip;\n","protected":false},"author":2,"featured_media":38147,"comment_status":"","ping_status":"","sticky":false,"template":"","format":"standard","meta":{"footnotes":""},"categories":[17],"tags":[696,8843,35,39,38,36,37,34,11138,40,2163,67,11139],"class_list":{"0":"post-38146","1":"post","2":"type-post","3":"status-publish","4":"format-standard","5":"has-post-thumbnail","7":"category-sports","8":"tag-eiropas-cempionats","9":"tag-konferences-divizija","10":"tag-latvia","11":"tag-latvian","12":"tag-latviesu","13":"tag-latviesu-valoda","14":"tag-latviesuvaloda","15":"tag-latvija","16":"tag-latvijas-regbija-izlase","17":"tag-lv","18":"tag-regbijs","19":"tag-sports","20":"tag-uzvara-par-norvegiju"},"share_on_mastodon":{"url":"https:\/\/pubeurope.com\/@lv\/115482337169985315","error":""},"_links":{"self":[{"href":"https:\/\/www.europesays.com\/lv\/wp-json\/wp\/v2\/posts\/38146","targetHints":{"allow":["GET"]}}],"collection":[{"href":"https:\/\/www.europesays.com\/lv\/wp-json\/wp\/v2\/posts"}],"about":[{"href":"https:\/\/www.europesays.com\/lv\/wp-json\/wp\/v2\/types\/post"}],"author":[{"embeddable":true,"href":"https:\/\/www.europesays.com\/lv\/wp-json\/wp\/v2\/users\/2"}],"replies":[{"embeddable":true,"href":"https:\/\/www.europesays.com\/lv\/wp-json\/wp\/v2\/comments?post=38146"}],"version-history":[{"count":0,"href":"https:\/\/www.europesays.com\/lv\/wp-json\/wp\/v2\/posts\/38146\/revisions"}],"wp:featuredmedia":[{"embeddable":true,"href":"https:\/\/www.europesays.com\/lv\/wp-json\/wp\/v2\/media\/38147"}],"wp:attachment":[{"href":"https:\/\/www.europesays.com\/lv\/wp-json\/wp\/v2\/media?parent=38146"}],"wp:term":[{"taxonomy":"category","embeddable":true,"href":"https:\/\/www.europesays.com\/lv\/wp-json\/wp\/v2\/categories?post=38146"},{"taxonomy":"post_tag","embeddable":true,"href":"https:\/\/www.europesays.com\/lv\/wp-json\/wp\/v2\/tags?post=38146"}],"curies":[{"name":"wp","href":"https:\/\/api.w.org\/{rel}","templated":true}]}}