{"id":38171,"date":"2025-11-02T22:46:07","date_gmt":"2025-11-02T22:46:07","guid":{"rendered":"https:\/\/www.europesays.com\/lv\/38171\/"},"modified":"2025-11-02T22:46:07","modified_gmt":"2025-11-02T22:46:07","slug":"virietis-nosauj-draudzeni-kas-atteicas-no-aborta","status":"publish","type":"post","link":"https:\/\/www.europesays.com\/lv\/38171\/","title":{"rendered":"V\u012brietis no\u0161auj draudzeni, kas atteic\u0101s no aborta"},"content":{"rendered":"<p class=\"descr\">23 gadus vecais Donovans Faisons uzzin\u0101ja, ka vi\u0146a draudzene ir st\u0101vok\u013ci un ie\u0161\u0101va 18 gadus vecajai Keilinai Fjengo galv\u0101 un p\u0113c tam atst\u0101ja vi\u0146u un vi\u0146u nedzimu\u0161o b\u0113rnu nomirt, v\u0113sta people.com.<\/p>\n<p>Jaunais v\u012brietis tika atz\u012bts par vain\u012bgu pirm\u0101s pak\u0101pes <a href=\"https:\/\/nra.lv\/birka\/berna-slepkaviba\/\" target=\"_blank\" rel=\"noopener nofollow\">slepkav\u012bb\u0101<\/a> un nedzimu\u0161a b\u0113rna nogalin\u0101\u0161an\u0101. Saska\u0146\u0101 ar Floridas \u0161tat\u0101 likumiem, tagad vi\u0146am draud n\u0101vessods.<\/p>\n<p>Aps\u016bdz\u012bbas izriet no 18 gadus vec\u0101s Keilinas Fjengo n\u0101ves, kura tika <a href=\"https:\/\/nra.lv\/birka\/nosausana\/\" target=\"_blank\" rel=\"noopener nofollow\">no\u0161auta<\/a> 2022. gada 11. novembr\u012b, s\u0113\u017eot sav\u0101 automa\u0161\u012bn\u0101 park\u0101 Sanford\u0101. Faisons tika arest\u0113ts 10 m\u0113ne\u0161us v\u0113l\u0101k un aps\u016bdz\u0113ts savas pusaud\u017eu draudzenes un vi\u0146as nedzimu\u0161\u0101 b\u0113rna slepkav\u012bb\u0101s.<\/p>\n<p>Kad Fjengo pirmo reizi pazi\u0146oja Faisonam par savu <a href=\"https:\/\/nra.lv\/birka\/grutnieciba\/\" target=\"_blank\" rel=\"noopener nofollow\">gr\u016btniec\u012bbu<\/a>, nos\u016btot divu pozit\u012bvu gr\u016btniec\u012bbas testu fotoatt\u0113lu, vi\u0146\u0161 aps\u016bdz\u0113ja vi\u0146u melo\u0161an\u0101 un p\u0113c tam nos\u016bt\u012bja \u012bszi\u0146u ar tekstu &#8220;Aborts!!!&#8221;, sac\u012bja tiesas p\u0101rst\u0101vis.<\/p>\n<p>Prokurori tiesas s\u0113d\u0113 apgalvoja, ka Faisons bija &#8220;dusm\u012bgs un jut\u0101s nospiests, jo dz\u012bvoja kop\u0101 ar citu sievieti, kura vi\u0146u tur\u0113ja aizdom\u0101s par <a href=\"https:\/\/nra.lv\/birka\/krapsana\/\" target=\"_blank\" rel=\"noopener nofollow\">kr\u0101p\u0161anu<\/a>&#8220;, sac\u012bja p\u0101rst\u0101vis.<\/p>\n<p>Tiesas s\u0113d\u0113 tika iesniegta ar\u012b \u012bszi\u0146a, ko Faisons nos\u016bt\u012bja draugam, kad Fjengo atteic\u0101s no <a href=\"https:\/\/nra.lv\/birka\/aborts\/\" target=\"_blank\" rel=\"noopener nofollow\">aborta<\/a>. [Zv\u0113ru] &#8220;pie sava br\u0101\u013ca kapa, es vi\u0146u izgriez\u012b\u0161u,&#8221; Faisons rakst\u012bja \u0161aj\u0101 \u012bszi\u0146\u0101, nor\u0101da prokurori.<\/p>\n<p>Neilgi p\u0113c \u0161\u012bs \u012bszi\u0146as nos\u016bt\u012b\u0161anas Faisons pierun\u0101ja Fjengo satikties ar vi\u0146u park\u0101, kur vi\u0146\u0161 ie\u0161\u0101va vi\u0146ai galv\u0101 un atst\u0101ja vi\u0146u un nedzimu\u0161o b\u0113rnu nomirt vi\u0146as automa\u0161\u012bn\u0101. V\u0113l\u0101k izmekl\u0113t\u0101ji atrada nedzimu\u0161\u0101 b\u0113rna ultraska\u0146as att\u0113lu tikai da\u017eu p\u0113du att\u0101lum\u0101 no Fjengo \u0137erme\u0146a.<\/p>\n<p>\u0160oned\u0113\u013c Faisons s\u0101ka savas tiesas pr\u0101vas <a href=\"https:\/\/nra.lv\/birka\/navessods\/\" target=\"_blank\" rel=\"noopener nofollow\">n\u0101vessoda<\/a> f\u0101zi.<\/p>\n<p>\t\t\t\t\t\tinfo<\/p>\n<p>Uzzini pirmais<br \/>kas interesants noticis Latvij\u0101 un pasaul\u0113,<br \/>pievienojoties mums <a href=\"https:\/\/t.me\/neatkariga\" rel=\"nofollow\">Telegram<\/a> vai <a href=\"https:\/\/whatsapp.com\/channel\/0029VaMLFUH5K3zLU5s4wm3y\" rel=\"nofollow noopener\" target=\"_blank\">Whatsapp<\/a> kan\u0101l\u0101<\/p>\n","protected":false},"excerpt":{"rendered":"23 gadus vecais Donovans Faisons uzzin\u0101ja, ka vi\u0146a draudzene ir st\u0101vok\u013ci un ie\u0161\u0101va 18 gadus vecajai Keilinai Fjengo&hellip;\n","protected":false},"author":2,"featured_media":38172,"comment_status":"","ping_status":"","sticky":false,"template":"","format":"standard","meta":{"footnotes":""},"categories":[14],"tags":[23,57,28,29,32,33,22,30,31,35,39,38,36,37,34,40,20,26,27,24,25,54,55,56,21,58],"class_list":{"0":"post-38171","1":"post","2":"type-post","3":"status-publish","4":"format-standard","5":"has-post-thumbnail","7":"category-zinas-no-arvalstim","8":"tag-aktualitates","9":"tag-arvalstim","10":"tag-breaking-news","11":"tag-breakingnews","12":"tag-featured-news","13":"tag-featurednews","14":"tag-headlines","15":"tag-latest-news","16":"tag-latestnews","17":"tag-latvia","18":"tag-latvian","19":"tag-latviesu","20":"tag-latviesu-valoda","21":"tag-latviesuvaloda","22":"tag-latvija","23":"tag-lv","24":"tag-news","25":"tag-popularakas-zinas","26":"tag-popularakaszinas","27":"tag-top-stories","28":"tag-topstories","29":"tag-world","30":"tag-world-news","31":"tag-worldnews","32":"tag-zinas","33":"tag-zinas-no-arvalstim"},"share_on_mastodon":{"url":"https:\/\/pubeurope.com\/@lv\/115482537681694017","error":""},"_links":{"self":[{"href":"https:\/\/www.europesays.com\/lv\/wp-json\/wp\/v2\/posts\/38171","targetHints":{"allow":["GET"]}}],"collection":[{"href":"https:\/\/www.europesays.com\/lv\/wp-json\/wp\/v2\/posts"}],"about":[{"href":"https:\/\/www.europesays.com\/lv\/wp-json\/wp\/v2\/types\/post"}],"author":[{"embeddable":true,"href":"https:\/\/www.europesays.com\/lv\/wp-json\/wp\/v2\/users\/2"}],"replies":[{"embeddable":true,"href":"https:\/\/www.europesays.com\/lv\/wp-json\/wp\/v2\/comments?post=38171"}],"version-history":[{"count":0,"href":"https:\/\/www.europesays.com\/lv\/wp-json\/wp\/v2\/posts\/38171\/revisions"}],"wp:featuredmedia":[{"embeddable":true,"href":"https:\/\/www.europesays.com\/lv\/wp-json\/wp\/v2\/media\/38172"}],"wp:attachment":[{"href":"https:\/\/www.europesays.com\/lv\/wp-json\/wp\/v2\/media?parent=38171"}],"wp:term":[{"taxonomy":"category","embeddable":true,"href":"https:\/\/www.europesays.com\/lv\/wp-json\/wp\/v2\/categories?post=38171"},{"taxonomy":"post_tag","embeddable":true,"href":"https:\/\/www.europesays.com\/lv\/wp-json\/wp\/v2\/tags?post=38171"}],"curies":[{"name":"wp","href":"https:\/\/api.w.org\/{rel}","templated":true}]}}