{"id":38173,"date":"2025-11-02T22:58:07","date_gmt":"2025-11-02T22:58:07","guid":{"rendered":"https:\/\/www.europesays.com\/lv\/38173\/"},"modified":"2025-11-02T22:58:07","modified_gmt":"2025-11-02T22:58:07","slug":"lufthansa-reiss-novirzits-pec-uzbrukuma-ar-daksinu","status":"publish","type":"post","link":"https:\/\/www.europesays.com\/lv\/38173\/","title":{"rendered":"Lufthansa reiss novirz\u012bts p\u0113c uzbrukuma ar dak\u0161i\u0146u"},"content":{"rendered":"<p class=\"descr\">ASV reiss novirz\u012bts p\u0113c tam, kad Indijas pasa\u017eieris sad\u016bra pusaud\u017eus ar dak\u0161i\u0146u, zi\u0146o msn.com<\/p>\n<p>V\u012brietis no Indijas <a href=\"https:\/\/nra.lv\/tautaruna\/citi\/503892-garie-lidojumi-un-berni-tajos-cilveki-interneta-saplesanas-aizstavot-savu-parliecibu.htm\" data-item-link=\"true\" data-item-id=\"503892\" rel=\"nofollow noopener\" target=\"_blank\">starptautisk\u0101 reisa laik\u0101 <\/a>sad\u016bra divus pusaud\u017eus ar dak\u0161i\u0146u, iep\u013cauk\u0101ja k\u0101du sievieti un apkalpes locekli, k\u0101 ar\u012b imit\u0113ja no\u0161au\u0161anos, pazi\u0146oja varas iest\u0101des.<\/p>\n<p>&#8220;Lufthansa&#8221; reiss no \u010cik\u0101gas uz Frankfurti, V\u0101cij\u0101, pag\u0101ju\u0161o sestdien tika novirz\u012bts uz Bostonu, kur 28 gadus vecais Praneeth Kumar Usiripalli tika arest\u0113ts un aps\u016bdz\u0113ts par uzbrukumu ar b\u012bstamu ieroci.<\/p>\n<p>Saska\u0146\u0101 ar ASV prokurat\u016bras sniegto inform\u0101ciju, 17 gadus vecais pasa\u017eieris pamod\u0101s un ieraudz\u012bja Usiripalli st\u0101vam virs sevis. Usiripalli sad\u016bra pusaud\u017ea atsl\u0113gas kaul\u0101 ar dak\u0161i\u0146u un p\u0113c tam sad\u016bra citu 17 gadus vecu z\u0113nu galv\u0101, izraisot pl\u0113stu br\u016bci, apgalvo prokurori.<\/p>\n<p>Pirmais pusaudzis, kur\u0161 neguva traumas, jo bija \u0123\u0113rbies biez\u0101 sporta krekl\u0101, izmekl\u0113t\u0101jiem past\u0101st\u012bja, ka iek\u0101p\u0161anas laik\u0101 apmain\u012bjies ar pat\u012bkam\u0101m fr\u0101z\u0113m ar blakus s\u0113do\u0161o v\u012brieti, bet cit\u0101di ar vi\u0146u nebija mijiedarbojies, teikts krimin\u0101ls\u016bdz\u012bb\u0101.<\/p>\n<p>Varas iest\u0101des pazi\u0146oja, ka Usiripalli, kur\u0161 iece\u013coja ASV ar studenta v\u012bzu, nav likum\u012bga imigr\u0101cijas statusa. Saska\u0146\u0101 ar skolas sniegto inform\u0101ciju, vi\u0146\u0161 no 2022. gada rudens l\u012bdz 2025. gada pavasarim stud\u0113ja ma\u0123istrant\u016br\u0101 M\u016bdija Teolo\u0123ijas semin\u0101r\u0101 \u010cik\u0101g\u0101.<\/p>\n<p>Otrdien Usiripalli feder\u0101laj\u0101 tiesu sist\u0113m\u0101 nebija v\u0113l nor\u0101d\u012bts advok\u0101ts Indijas pilsonim.<\/p>\n<p>\t\t\t\t\t\tinfo<\/p>\n<p>Uzzini pirmais<br \/>kas interesants noticis Latvij\u0101 un pasaul\u0113,<br \/>pievienojoties mums <a href=\"https:\/\/t.me\/neatkariga\" rel=\"nofollow\">Telegram<\/a> vai <a href=\"https:\/\/whatsapp.com\/channel\/0029VaMLFUH5K3zLU5s4wm3y\" rel=\"nofollow noopener\" target=\"_blank\">Whatsapp<\/a> kan\u0101l\u0101<\/p>\n","protected":false},"excerpt":{"rendered":"ASV reiss novirz\u012bts p\u0113c tam, kad Indijas pasa\u017eieris sad\u016bra pusaud\u017eus ar dak\u0161i\u0146u, zi\u0146o msn.com V\u012brietis no Indijas starptautisk\u0101&hellip;\n","protected":false},"author":2,"featured_media":38174,"comment_status":"","ping_status":"","sticky":false,"template":"","format":"standard","meta":{"footnotes":""},"categories":[14],"tags":[23,57,28,29,32,33,22,30,31,35,39,38,36,37,34,40,20,26,27,24,25,54,55,56,21,58],"class_list":{"0":"post-38173","1":"post","2":"type-post","3":"status-publish","4":"format-standard","5":"has-post-thumbnail","7":"category-zinas-no-arvalstim","8":"tag-aktualitates","9":"tag-arvalstim","10":"tag-breaking-news","11":"tag-breakingnews","12":"tag-featured-news","13":"tag-featurednews","14":"tag-headlines","15":"tag-latest-news","16":"tag-latestnews","17":"tag-latvia","18":"tag-latvian","19":"tag-latviesu","20":"tag-latviesu-valoda","21":"tag-latviesuvaloda","22":"tag-latvija","23":"tag-lv","24":"tag-news","25":"tag-popularakas-zinas","26":"tag-popularakaszinas","27":"tag-top-stories","28":"tag-topstories","29":"tag-world","30":"tag-world-news","31":"tag-worldnews","32":"tag-zinas","33":"tag-zinas-no-arvalstim"},"share_on_mastodon":{"url":"https:\/\/pubeurope.com\/@lv\/115482584846738282","error":""},"_links":{"self":[{"href":"https:\/\/www.europesays.com\/lv\/wp-json\/wp\/v2\/posts\/38173","targetHints":{"allow":["GET"]}}],"collection":[{"href":"https:\/\/www.europesays.com\/lv\/wp-json\/wp\/v2\/posts"}],"about":[{"href":"https:\/\/www.europesays.com\/lv\/wp-json\/wp\/v2\/types\/post"}],"author":[{"embeddable":true,"href":"https:\/\/www.europesays.com\/lv\/wp-json\/wp\/v2\/users\/2"}],"replies":[{"embeddable":true,"href":"https:\/\/www.europesays.com\/lv\/wp-json\/wp\/v2\/comments?post=38173"}],"version-history":[{"count":0,"href":"https:\/\/www.europesays.com\/lv\/wp-json\/wp\/v2\/posts\/38173\/revisions"}],"wp:featuredmedia":[{"embeddable":true,"href":"https:\/\/www.europesays.com\/lv\/wp-json\/wp\/v2\/media\/38174"}],"wp:attachment":[{"href":"https:\/\/www.europesays.com\/lv\/wp-json\/wp\/v2\/media?parent=38173"}],"wp:term":[{"taxonomy":"category","embeddable":true,"href":"https:\/\/www.europesays.com\/lv\/wp-json\/wp\/v2\/categories?post=38173"},{"taxonomy":"post_tag","embeddable":true,"href":"https:\/\/www.europesays.com\/lv\/wp-json\/wp\/v2\/tags?post=38173"}],"curies":[{"name":"wp","href":"https:\/\/api.w.org\/{rel}","templated":true}]}}