{"id":38189,"date":"2025-11-02T23:31:08","date_gmt":"2025-11-02T23:31:08","guid":{"rendered":"https:\/\/www.europesays.com\/lv\/38189\/"},"modified":"2025-11-02T23:31:08","modified_gmt":"2025-11-02T23:31:08","slug":"andra-ergla-jaunais-albums-stasts-muzicigais-celojums-ar-dzilam-pardomam-lente-lv-2","status":"publish","type":"post","link":"https:\/\/www.europesays.com\/lv\/38189\/","title":{"rendered":"Andra \u0112rg\u013ca jaunais albums \u201cSt\u0101sts\u201d: muzic\u012bgais ce\u013cojums ar dzi\u013c\u0101m p\u0101rdom\u0101m &#8211; Lente.lv"},"content":{"rendered":"<ol>\n<li><a href=\"https:\/\/news.google.com\/rss\/articles\/CBMixgFBVV95cUxQamxVRU1NTjU2cFJ1OE1FMS1QTHBIcmVJVkZxOHV1M1FXQUFPa0VPbnFMaTg2OENYQVFEd1h3dE9GOTNrcW1vVVVFTGxpSzZLbXROcHpWcFBBSmdYeFZReGZydEFteER0TkJ0S0psU1ZoM1Q3Rk5mNi12WGt5SlpFTFYzX1ZVczVvdENUbnpZOWwtZ2g5MjRWTWt5anA2TTRvaWZQOHVTcE1tdEpEVEw4SFJwM21SU2tKNzhJUWYyQWdDLTVLMFE?oc=5\" target=\"_blank\" rel=\"nofollow noopener\">Andra \u0112rg\u013ca jaunais albums \u201cSt\u0101sts\u201d: muzic\u012bgais ce\u013cojums ar dzi\u013c\u0101m p\u0101rdom\u0101m<\/a>&nbsp;&nbsp;Lente.lv<\/li>\n<li><a href=\"https:\/\/news.google.com\/rss\/articles\/CBMiugFBVV95cUxOZkt1Zk5XZ3RDLXp2Qi00dXYwU3Z3bWZ1WXBjblAwX2tzWElmc05rLTZ0ZDFDU1NPSlRTZExZbDNqMDlRc2tGalRtNk10QUtRY3dDMlFUT3FfY1BYcnBEVjhsbGsydUJSb3JpZm5MYUxQMzUwbk1PZHN0ZlJ4OUZoYUR2TnFYZ3dnNUNjNk42QUtvbVpmRWZUUkNTemlZbzl3UHJ6RFZKWk9razNwbGlkaTk3c1B0MFk4MGc?oc=5\" target=\"_blank\" rel=\"nofollow noopener\">Andris \u0112rglis aicina apst\u0101ties un nov\u0113rt\u0113t mirkli ar jauno dziesmu \u00abSol\u012bjums\u00bb<\/a>&nbsp;&nbsp;Lente.lv<\/li>\n<li><a href=\"https:\/\/news.google.com\/rss\/articles\/CBMivAFBVV95cUxOR0ZaZUpWUGstS2tZRlBlQlZuQTFnN0xSZjJTdkhfT2N6eHlHWXVSUlZXTE5ORXdRckYzVF9pMXd1SC03WnJzYTlLUlV6UWE1aGZrS3VnektXTENrNEE5YThRT2VMMzJGV21Gd2lFQUpkeFY4RjgwaUJ0eGVDc2JzMC1Zam1vaE9HcWhfTURiZTI5MzZXSnhITFdDVVZLVkJERUV2VXlhTFU4U0RfWEJlcHdiUDI4SzFhVjVxSg?oc=5\" target=\"_blank\" rel=\"nofollow noopener\">Andris \u0112rglis atkl\u0101j jaun\u0101 albuma &#8220;St\u0101sts&#8221; muzik\u0101l\u0101s kr\u0101sas ar dziesmu &#8220;Sol\u012bjums&#8221;<\/a>&nbsp;&nbsp;Lente.lv<\/li>\n<li><a href=\"https:\/\/news.google.com\/rss\/articles\/CBMi1AFBVV95cUxQTERScjNTY1NxMDl2YldEYi1JcWxUdmVHSDB4a0NNbXdGSEwwMkN3eFp5eGhyR2pnMHlwVjhpX0RNWVZkSmhBbW5GdWpEYjJ2QXJGenNrOFFOU19BRE56WW1fcjJkSzFXTWhwOE9lUjl0ZjZUN2gyVE5jdHRTTUNDOVp0SzdvMmNBY3JXcVNfVUNWQWxOOGpjTWpvU0I0RHpwaVhCVk1nN21hSEhmd0xZZl9aVmRBUjFaQTNlSTZXcmx3Qy1qc0dHcXhUazVlZURpQW95YQ?oc=5\" target=\"_blank\" rel=\"nofollow noopener\">Andris \u0112rglis uzs\u0101k jaun\u0101 albuma &#8220;St\u0101sts&#8221; koncertt\u016bri Liep\u0101j\u0101 ar sirsn\u012bgu un emocion\u0101lu atkl\u0101\u0161anu<\/a>&nbsp;&nbsp;Lente.lv<\/li>\n<li><a href=\"https:\/\/news.google.com\/rss\/articles\/CBMivwFBVV95cUxPWmh5VDlPQUpLYVYwbUZTWTRnSGJyUHVrbFgwMFRTVzBQSG9NeWJJTXFwTk9GS041MlI4MkFORjVSWkZndHZ6RlpfdkF0NENhd1Z5VFM0ZUhzOFotMU9ielZEeEVFd0pkbFdheXN0Y0Z6aEJsbVhFdjlsdkJzSFZaUnNmc0dKdFhPQmJ1a0JsZVlpRGk0QnhBZEttVi1yMlQxLWhfQjNxMDVwZlpEV3BGRko0R3dkZjNYcGdfWHhHUQ?oc=5\" target=\"_blank\" rel=\"nofollow noopener\">Andris \u0112rglis aicina nov\u0113rt\u0113t mirkli ar jauno dziesmu \u00abSol\u012bjums\u00bb un albumu \u00abSt\u0101sts\u00bb<\/a>&nbsp;&nbsp;Lente.lv<\/li>\n<\/ol>\n","protected":false},"excerpt":{"rendered":"Andra \u0112rg\u013ca jaunais albums \u201cSt\u0101sts\u201d: muzic\u012bgais ce\u013cojums ar dzi\u013c\u0101m p\u0101rdom\u0101m&nbsp;&nbsp;Lente.lv Andris \u0112rglis aicina apst\u0101ties un nov\u0113rt\u0113t mirkli ar&hellip;\n","protected":false},"author":2,"featured_media":38190,"comment_status":"","ping_status":"","sticky":false,"template":"","format":"standard","meta":{"footnotes":""},"categories":[19],"tags":[1013,89,90,11142,35,39,38,194,36,37,34,40,2606,2042],"class_list":{"0":"post-38189","1":"post","2":"type-post","3":"status-publish","4":"format-standard","5":"has-post-thumbnail","7":"category-izklaide","8":"tag-andris-erglis","9":"tag-entertainment","10":"tag-izklaide","11":"tag-jaunais-albums","12":"tag-latvia","13":"tag-latvian","14":"tag-latviesu","15":"tag-latviesu-muzika","16":"tag-latviesu-valoda","17":"tag-latviesuvaloda","18":"tag-latvija","19":"tag-lv","20":"tag-muzikas-albums","21":"tag-stasts"},"share_on_mastodon":{"url":"https:\/\/pubeurope.com\/@lv\/115482714662386777","error":""},"_links":{"self":[{"href":"https:\/\/www.europesays.com\/lv\/wp-json\/wp\/v2\/posts\/38189","targetHints":{"allow":["GET"]}}],"collection":[{"href":"https:\/\/www.europesays.com\/lv\/wp-json\/wp\/v2\/posts"}],"about":[{"href":"https:\/\/www.europesays.com\/lv\/wp-json\/wp\/v2\/types\/post"}],"author":[{"embeddable":true,"href":"https:\/\/www.europesays.com\/lv\/wp-json\/wp\/v2\/users\/2"}],"replies":[{"embeddable":true,"href":"https:\/\/www.europesays.com\/lv\/wp-json\/wp\/v2\/comments?post=38189"}],"version-history":[{"count":0,"href":"https:\/\/www.europesays.com\/lv\/wp-json\/wp\/v2\/posts\/38189\/revisions"}],"wp:featuredmedia":[{"embeddable":true,"href":"https:\/\/www.europesays.com\/lv\/wp-json\/wp\/v2\/media\/38190"}],"wp:attachment":[{"href":"https:\/\/www.europesays.com\/lv\/wp-json\/wp\/v2\/media?parent=38189"}],"wp:term":[{"taxonomy":"category","embeddable":true,"href":"https:\/\/www.europesays.com\/lv\/wp-json\/wp\/v2\/categories?post=38189"},{"taxonomy":"post_tag","embeddable":true,"href":"https:\/\/www.europesays.com\/lv\/wp-json\/wp\/v2\/tags?post=38189"}],"curies":[{"name":"wp","href":"https:\/\/api.w.org\/{rel}","templated":true}]}}