{"id":38204,"date":"2025-11-03T00:07:07","date_gmt":"2025-11-03T00:07:07","guid":{"rendered":"https:\/\/www.europesays.com\/lv\/38204\/"},"modified":"2025-11-03T00:07:07","modified_gmt":"2025-11-03T00:07:07","slug":"festivala-porta-25-jubilejas-kulminacija-lente-lv","status":"publish","type":"post","link":"https:\/\/www.europesays.com\/lv\/38204\/","title":{"rendered":"Festiv\u0101la &#8220;Porta&#8221; 25. jubilejas kulmin\u0101cija\u00a0\u2014\u00a0Lente.lv"},"content":{"rendered":"<p>M\u016bzikas tilti starp taut\u0101m<\/p>\n<p>Pasaules m\u016bzikas festiv\u0101ls &#8220;Porta&#8221; \u0161ogad svin savu 25. jubileju, un \u0161\u012b noz\u012bm\u012bg\u0101 atskaites punkta kulmin\u0101cija ir kr\u0101\u0161\u0146s notikums, kas vieno Latvijas un Gruzijas m\u016bzikas trad\u012bcijas. 1. novembr\u012b Dailes te\u0101tr\u012b notieko\u0161ais jubilejas koncerts ir ne tikai svin\u012bbas par godu festiv\u0101lam, bet ar\u012b apliecin\u0101jums ilgsto\u0161ajai un augl\u012bgajai sadarb\u012bbai starp Latvijas un Gruzijas m\u0101ksliniekiem. \u0160is pas\u0101kums ir k\u0101 muzik\u0101ls tilts, kas savieno divas bag\u0101tas kult\u016bras, \u013caujot klaus\u012bt\u0101jiem izbaud\u012bt abu tautu unik\u0101lo skan\u0113jumu un dv\u0113seles dzi\u013cumu. Festiv\u0101la direktore Ilze Apsi\u0146a uzsver, ka ar gruz\u012bnu grupu &#8220;The Shin&#8221; vi\u0146ai un festiv\u0101lam &#8220;Porta&#8221; ir sena un cie\u0161a draudz\u012bba, kas aizs\u0101k\u0101s pirms 18 gadiem nejau\u0161\u0101 tik\u0161an\u0101s pasaules m\u016bzikas gadatirg\u016b WOMEX. \u0160\u012b tik\u0161an\u0101s ir veidojusi festiv\u0101la saturu un v\u0113rt\u012bbas daudzu gadu garum\u0101.<\/p>\n<p>V\u0113stures elpa un m\u016bsdienu vibr\u0101cijas: Latvijas un Gruzijas muzik\u0101lais dialogs<\/p>\n<p>\u0160\u012b gada &#8220;Portas&#8221; jubilejas nosl\u0113guma koncert\u0101 \u012bpa\u0161i tiek izcelts Latvijas un Gruzijas muzik\u0101lais mantojums. Jau 2009. gad\u0101 festiv\u0101l\u0101 tapa unik\u0101ls kopprojekts, kur\u0101 gruz\u012bnu etnod\u017eeza trio &#8220;The Shin&#8221; kop\u0101 ar P\u016bces etnogr\u0101fisko or\u0137estri rad\u012bja programmu, apvienojot gruz\u012bnu vok\u0101lo stilu un etnod\u017eezu ar latvie\u0161u instrument\u0101lo folkloru. \u0160is sadarb\u012bbas rezult\u0101ts tika iem\u016b\u017ein\u0101ts album\u0101 &#8220;Ce\u013c\u0161 uz m\u0101j\u0101m&#8221;, kas peln\u012bti sa\u0146\u0113ma Latvijas M\u016bzikas ierakstu gada balvu k\u0101 lab\u0101kais tautas m\u016bzikas albums, apliecinot dz\u012bv\u012bgu un dabiski pl\u016bsto\u0161u dialogu starp div\u0101m muzik\u0101laj\u0101m trad\u012bcij\u0101m. \u0160\u012b jubilejas norise ir k\u0101 atgrie\u0161an\u0101s pie \u0161\u012b spo\u017e\u0101 projekta ar jaunu elpu un dzi\u013cumu, pied\u0101v\u0101jot klaus\u012bt\u0101jiem baud\u012bt gan latvie\u0161u grupas, kas gadiem ilgi nesu\u0161as pasaules m\u016bzikas v\u0101rdu, gan talant\u012bgus m\u016bzi\u0137us no Gruzijas. \u0160\u0101da satik\u0161an\u0101s ir k\u0101 tilts starp pag\u0101tni un n\u0101kotni, starp div\u0101m kult\u016br\u0101m, kas bag\u0101tina viena otru.<\/p>\n<p>Spilgt\u0101kie Latvijas p\u0101rst\u0101vji un gruz\u012bnu viesi uz &#8220;Portas&#8221; skatuves<\/p>\n<p>Koncerta pirmaj\u0101 da\u013c\u0101 uz Dailes te\u0101tra skatuves k\u0101ps Latvijas pasaules m\u016bzikas veter\u0101ni un jaun\u0101s paaudzes talanti. Skat\u012bt\u0101jiem b\u016bs iesp\u0113ja dzird\u0113t un redz\u0113t t\u0101das grupas k\u0101 &#8220;I\u013c\u0123i&#8221; un &#8220;Au\u013ci&#8221;, J\u016bg\u012b Stalti ar programmu &#8220;TKP&#8221;, Laimu Jansoni un DJ Monstu duet\u0101 &#8220;ZeMe&#8221;, apvien\u012bbu &#8220;Forshpil &amp; Dzelzs vilks&#8221;, k\u0101 ar\u012b P\u016bces etnogr\u0101fisko or\u0137estri, kas muzic\u0113s kop\u0101 ar gruz\u012bnu etnod\u017eeza trio &#8220;The Shin&#8221;. Jubilejas koncerta otraj\u0101 da\u013c\u0101 uz skatuves k\u0101ps gruz\u012bnu dzied\u0101t\u0101js, komponists un multiinstrument\u0101lists Niazs Diasamidze, popul\u0101r\u0101s grupas &#8220;33a&#8221; l\u012bderis. Vi\u0146a dal\u012bba pas\u0101kum\u0101 v\u0113lreiz apliecina festiv\u0101la sp\u0113ju veidot noz\u012bm\u012bgas starptautisk\u0101s sadarb\u012bbas un iepaz\u012bstin\u0101t Latvijas publiku ar pasaules m\u016bzikas daudzveid\u012bbu. \u0160is notikums ir k\u0101 skaists sveiciens div\u0101m taut\u0101m, kuru kult\u016bras un m\u016bzika ir cie\u0161i saist\u012btas, radot unik\u0101lu un neaizmirstamu pieredzi.<\/p>\n<p>M\u016bzikas festiv\u0101ls &#8220;Porta&#8221;: 25 gadi atkl\u0101jumu un kult\u016bras dialoga<\/p>\n<p>Pasaules m\u016bzikas festiv\u0101ls &#8220;Porta&#8221; nav tikai koncertu virkne; t\u0101 ir platforma, kas jau 25 gadus \u013cauj klaus\u012bt\u0101jiem atkl\u0101t jaunas ska\u0146as, iepaz\u012bt da\u017e\u0101das m\u016bzikas trad\u012bcijas un veicin\u0101t kult\u016bru dialogu. Jubilejas gad\u0101 festiv\u0101ls demonstr\u0113 savu sp\u0113ju veidot dzi\u013cus un ilgsto\u0161us sakarus ar m\u0101ksliniekiem un kult\u016br\u0101m, \u012bpa\u0161i izce\u013cot Gruzijas muzik\u0101lo mantojumu. Tas ir apliecin\u0101jums festiv\u0101la misijai &#8211; rad\u012bt pasauli, kur\u0101 m\u016bzika p\u0101rvar robe\u017eas un vieno cilv\u0113kus. \u0160is &#8220;Portas&#8221; jubilejas nosl\u0113guma koncerts ir k\u0101 grandioza kulmin\u0101cija visam tam, ko festiv\u0101ls ir dar\u012bjis gadu desmitu garum\u0101, radot emocion\u0101li pies\u0101tin\u0101tu un kult\u016bras zi\u0146\u0101 bag\u0101tino\u0161u pieredzi.<\/p>\n","protected":false},"excerpt":{"rendered":"M\u016bzikas tilti starp taut\u0101m Pasaules m\u016bzikas festiv\u0101ls &#8220;Porta&#8221; \u0161ogad svin savu 25. jubileju, un \u0161\u012b noz\u012bm\u012bg\u0101 atskaites punkta&hellip;\n","protected":false},"author":2,"featured_media":38205,"comment_status":"","ping_status":"","sticky":false,"template":"","format":"standard","meta":{"footnotes":""},"categories":[19],"tags":[89,9228,90,35,39,38,36,37,34,355,40,3481,7589,9227],"class_list":{"0":"post-38204","1":"post","2":"type-post","3":"status-publish","4":"format-standard","5":"has-post-thumbnail","7":"category-izklaide","8":"tag-entertainment","9":"tag-gruzijas-muzika","10":"tag-izklaide","11":"tag-latvia","12":"tag-latvian","13":"tag-latviesu","14":"tag-latviesu-valoda","15":"tag-latviesuvaloda","16":"tag-latvija","17":"tag-latvijas-muzika","18":"tag-lv","19":"tag-muzikas-festivali","20":"tag-pasaules-muzika","21":"tag-porta-festivals"},"share_on_mastodon":{"url":"https:\/\/pubeurope.com\/@lv\/115482856160407129","error":""},"_links":{"self":[{"href":"https:\/\/www.europesays.com\/lv\/wp-json\/wp\/v2\/posts\/38204","targetHints":{"allow":["GET"]}}],"collection":[{"href":"https:\/\/www.europesays.com\/lv\/wp-json\/wp\/v2\/posts"}],"about":[{"href":"https:\/\/www.europesays.com\/lv\/wp-json\/wp\/v2\/types\/post"}],"author":[{"embeddable":true,"href":"https:\/\/www.europesays.com\/lv\/wp-json\/wp\/v2\/users\/2"}],"replies":[{"embeddable":true,"href":"https:\/\/www.europesays.com\/lv\/wp-json\/wp\/v2\/comments?post=38204"}],"version-history":[{"count":0,"href":"https:\/\/www.europesays.com\/lv\/wp-json\/wp\/v2\/posts\/38204\/revisions"}],"wp:featuredmedia":[{"embeddable":true,"href":"https:\/\/www.europesays.com\/lv\/wp-json\/wp\/v2\/media\/38205"}],"wp:attachment":[{"href":"https:\/\/www.europesays.com\/lv\/wp-json\/wp\/v2\/media?parent=38204"}],"wp:term":[{"taxonomy":"category","embeddable":true,"href":"https:\/\/www.europesays.com\/lv\/wp-json\/wp\/v2\/categories?post=38204"},{"taxonomy":"post_tag","embeddable":true,"href":"https:\/\/www.europesays.com\/lv\/wp-json\/wp\/v2\/tags?post=38204"}],"curies":[{"name":"wp","href":"https:\/\/api.w.org\/{rel}","templated":true}]}}