{"id":38212,"date":"2025-11-03T01:08:06","date_gmt":"2025-11-03T01:08:06","guid":{"rendered":"https:\/\/www.europesays.com\/lv\/38212\/"},"modified":"2025-11-03T01:08:06","modified_gmt":"2025-11-03T01:08:06","slug":"real-zaude-parsvaru-fenerbahce-bez-zagara-piedzivo-neveiksmi-lente-lv","status":"publish","type":"post","link":"https:\/\/www.europesays.com\/lv\/38212\/","title":{"rendered":"&#8220;Real&#8221; zaud\u0113 p\u0101rsvaru, &#8220;Fenerbahce&#8221; bez \u017dagara piedz\u012bvo neveiksmi\u00a0\u2014\u00a0Lente.lv"},"content":{"rendered":"<p>Eirol\u012bgas sp\u0113\u013cu rezult\u0101ti: &#8220;Real&#8221; piedz\u012bvo negaid\u012btu zaud\u0113jumu, &#8220;Bayern&#8221; svin uzvaru<\/p>\n<p>Madrides &#8220;Real&#8221;, sp\u0113l\u0113jot bez Latvijas talanta Gun\u0101ra Gr\u012bnvalda pieteikum\u0101, piedz\u012bvojis vil\u0161anos Eirol\u012bgas sept\u012bt\u0101s k\u0101rtas sp\u0113l\u0113, viesos ar 84:90 piek\u0101pjoties Minhenes &#8220;Bayern&#8221;. \u0160is zaud\u0113jums \u012bpa\u0161i s\u0101p\u012bgs, jo &#8220;Real&#8221; basketbolisti ma\u010du s\u0101ka ar iespaid\u012bgu 16 punktu p\u0101rsvaru, ta\u010du nesp\u0113ja nosarg\u0101t savu dominanci l\u012bdz sp\u0113les beig\u0101m. &#8220;Bayern&#8221; savuk\u0101rt par\u0101d\u012bja raksturu un sp\u0113ja izc\u012bn\u012bt svar\u012bgu uzvaru savu skat\u012bt\u0101ju priek\u0161\u0101.<\/p>\n<p>Sp\u0113les gaita un &#8220;Real&#8221; k\u013c\u016bdas<\/p>\n<p>Sp\u0113les s\u0101kum\u0101 Madrides vien\u012bba demonstr\u0113ja p\u0101rliecino\u0161u sniegumu, \u0101tri ieg\u016bstot iev\u0113rojamu punktu starp\u012bbu. T\u0101 \u0161\u0137ita k\u0101 p\u0101rliecino\u0161a p\u0101rsvara izveide, kas liktu dom\u0101t par dro\u0161u uzvaru. Tom\u0113r, k\u0101 bie\u017ei vien notiek sport\u0101, sp\u0113le ir tikpat gar\u0161 k\u0101 nebeidzas, un &#8220;Real&#8221; sp\u0113l\u0113t\u0101ji ac\u012bmredzami nesp\u0113ja saglab\u0101t koncentr\u0101ciju un sp\u0113les discipl\u012bnu vis\u0101s 40 min\u016bt\u0113s. &#8220;Bayern&#8221; prata izmantot pretinieku br\u012b\u017eiem z\u016bdo\u0161o fokusu un atsp\u0113l\u0113t iev\u0113rojamo defic\u012btu, galu gal\u0101 p\u0101r\u0146emot iniciat\u012bvu un nodro\u0161inot sev uzvaru. \u0160is gad\u012bjums ir k\u0101 spilgts piem\u0113rs tam, ka basketbol\u0101 piln\u012bgi nekad nedr\u012bkst nov\u0113rt\u0113t pretinieku un vienm\u0113r j\u0101sp\u0113l\u0113 l\u012bdz p\u0113d\u0113jai sekundei.<\/p>\n<p>&#8220;Fenerbahce&#8221; bez \u017dagara neiztiek bez neveiksmes<\/p>\n<p>Cit\u0101 Eirol\u012bgas sp\u0113l\u0113 neveiksmi piedz\u012bvojis ar\u012b Turcijas grands &#8220;Fenerbahce&#8221;, kas \u0161oreiz sp\u0113l\u0113ja bez sava Latvijas sasp\u0113les vad\u012bt\u0101ja J\u0101\u0146a \u017dagara. Lai gan konkr\u0113t\u0101 pretinieka v\u0101rds un rezult\u0101ts \u0161aj\u0101 ma\u010d\u0101 nav preciz\u0113ts, fakts, ka &#8220;Fenerbahce&#8221; nevar\u0113ja r\u0113\u0137in\u0101ties ar \u017dagara kl\u0101tb\u016btni, noteikti atst\u0101ja savu iespaidu uz komandas sniegumu. \u017dagars ir viens no l\u012bderiem komand\u0101, un vi\u0146a promb\u016btne rada robu gan sasp\u0113l\u0113, gan pieredzes zi\u0146\u0101. &#8220;Fenerbahce&#8221; cer\u0113s, ka p\u0113c iesp\u0113jas \u0101tr\u0101k sast\u0101vs atgriez\u012bsies ierind\u0101 piln\u0101 komplekt\u0101cij\u0101, lai atg\u016btu savu ierasto, uzvar\u0101m bag\u0101to ritmu.<\/p>\n<p>Eirol\u012bgas kopv\u0113rt\u0113jums un turpm\u0101k\u0101s prognozes<\/p>\n<p>\u0160ie negaid\u012btie rezult\u0101ti Eirol\u012bgas kopv\u0113rt\u0113jum\u0101 rada papildu intrigu. Gan &#8220;Real&#8221;, gan &#8220;Fenerbahce&#8221; ir komandas ar augst\u0101m amb\u012bcij\u0101m, un \u0161\u0101di zaud\u0113jumi noteikti liks p\u0101rdom\u0101t savu sniegumu un gatavoties turpm\u0101kaj\u0101m sp\u0113l\u0113m. Eirol\u012bga k\u0101 vienm\u0113r demonstr\u0113 savu nenoteikt\u012bbu un sp\u0113ju sar\u016bp\u0113t p\u0101rsteigumus, liekot l\u012bdzjut\u0113jiem ar nepaciet\u012bbu gaid\u012bt katru jaunu sp\u0113\u013cu k\u0101rtu. Komand\u0101m b\u016bs j\u0101apzin\u0101s savas k\u013c\u016bdas un j\u0101iegulda papildu darbs, lai nodro\u0161in\u0101tu sev vietu izsl\u0113g\u0161anas sp\u0113l\u0113s un c\u012bn\u012btos par Eiropas kausu.<\/p>\n","protected":false},"excerpt":{"rendered":"Eirol\u012bgas sp\u0113\u013cu rezult\u0101ti: &#8220;Real&#8221; piedz\u012bvo negaid\u012btu zaud\u0113jumu, &#8220;Bayern&#8221; svin uzvaru Madrides &#8220;Real&#8221;, sp\u0113l\u0113jot bez Latvijas talanta Gun\u0101ra Gr\u012bnvalda&hellip;\n","protected":false},"author":2,"featured_media":38213,"comment_status":"","ping_status":"","sticky":false,"template":"","format":"standard","meta":{"footnotes":""},"categories":[17],"tags":[11149,5013,2692,11150,35,39,38,36,37,34,40,4718,67],"class_list":{"0":"post-38212","1":"post","2":"type-post","3":"status-publish","4":"format-standard","5":"has-post-thumbnail","7":"category-sports","8":"tag-bayern-munich","9":"tag-eiroliga","10":"tag-fenerbahce","11":"tag-janis-zagars","12":"tag-latvia","13":"tag-latvian","14":"tag-latviesu","15":"tag-latviesu-valoda","16":"tag-latviesuvaloda","17":"tag-latvija","18":"tag-lv","19":"tag-real-madrid","20":"tag-sports"},"share_on_mastodon":{"url":"https:\/\/pubeurope.com\/@lv\/115483096051046296","error":""},"_links":{"self":[{"href":"https:\/\/www.europesays.com\/lv\/wp-json\/wp\/v2\/posts\/38212","targetHints":{"allow":["GET"]}}],"collection":[{"href":"https:\/\/www.europesays.com\/lv\/wp-json\/wp\/v2\/posts"}],"about":[{"href":"https:\/\/www.europesays.com\/lv\/wp-json\/wp\/v2\/types\/post"}],"author":[{"embeddable":true,"href":"https:\/\/www.europesays.com\/lv\/wp-json\/wp\/v2\/users\/2"}],"replies":[{"embeddable":true,"href":"https:\/\/www.europesays.com\/lv\/wp-json\/wp\/v2\/comments?post=38212"}],"version-history":[{"count":0,"href":"https:\/\/www.europesays.com\/lv\/wp-json\/wp\/v2\/posts\/38212\/revisions"}],"wp:featuredmedia":[{"embeddable":true,"href":"https:\/\/www.europesays.com\/lv\/wp-json\/wp\/v2\/media\/38213"}],"wp:attachment":[{"href":"https:\/\/www.europesays.com\/lv\/wp-json\/wp\/v2\/media?parent=38212"}],"wp:term":[{"taxonomy":"category","embeddable":true,"href":"https:\/\/www.europesays.com\/lv\/wp-json\/wp\/v2\/categories?post=38212"},{"taxonomy":"post_tag","embeddable":true,"href":"https:\/\/www.europesays.com\/lv\/wp-json\/wp\/v2\/tags?post=38212"}],"curies":[{"name":"wp","href":"https:\/\/api.w.org\/{rel}","templated":true}]}}