{"id":38214,"date":"2025-11-03T01:10:11","date_gmt":"2025-11-03T01:10:11","guid":{"rendered":"https:\/\/www.europesays.com\/lv\/38214\/"},"modified":"2025-11-03T01:10:11","modified_gmt":"2025-11-03T01:10:11","slug":"vucics-pazinoja-par-gatavibu-pardot-municiju-bez-papildu-nosacijumiem","status":"publish","type":"post","link":"https:\/\/www.europesays.com\/lv\/38214\/","title":{"rendered":"Vu\u010di\u010ds pazi\u0146oja par gatav\u012bbu p\u0101rdot mun\u012bciju bez papildu nosac\u012bjumiem"},"content":{"rendered":"<p>Vu\u010di\u010ds: mun\u012bcijas pirc\u0113ji no Serbijas var dar\u012bt ar to, ko v\u0113las.<\/p>\n<p>Eiropas valstis, kas nosl\u0113gs l\u012bgumu ar Serbiju par mun\u012bcijas ieg\u0101di, var\u0113s to turpm\u0101k izmantot jebk\u0101diem m\u0113r\u0137iem. Par to intervij\u0101 V\u0101cijas izdevumam Cicero pazi\u0146oja serbu prezidents Aleksandrs Vu\u010di\u010ds.<\/p>\n<p>Serbu l\u012bderis atzina, ka nev\u0113las ieg\u016bt reput\u0101ciju k\u0101 cilv\u0113ks, kur\u0161 pieg\u0101d\u0101 mun\u012bciju karojo\u0161\u0101m pus\u0113m. Serbija, p\u0113c vi\u0146a teikt\u0101, iev\u0113ro milit\u0101ro neitralit\u0101ti, ta\u010du ir atv\u0113rta sadarb\u012bbai ar Eiropas armij\u0101m.<\/p>\n<p>Vai kaujas ier\u012bces, kas ieg\u0101d\u0101tas no serbiem, var tikt pieg\u0101d\u0101tas uz Ukrainu, \u017eurn\u0101lists interes\u0113j\u0101s. P\u0113c mun\u012bcijas ieg\u0101des jaunie \u012bpa\u0161nieki var\u0113s to novirz\u012bt jebk\u0101diem m\u0113r\u0137iem, skaidroja Vu\u010di\u010ds.<\/p>\n","protected":false},"excerpt":{"rendered":"Vu\u010di\u010ds: mun\u012bcijas pirc\u0113ji no Serbijas var dar\u012bt ar to, ko v\u0113las. Eiropas valstis, kas nosl\u0113gs l\u012bgumu ar Serbiju&hellip;\n","protected":false},"author":2,"featured_media":38215,"comment_status":"","ping_status":"","sticky":false,"template":"","format":"standard","meta":{"footnotes":""},"categories":[14],"tags":[23,57,28,29,32,33,22,30,31,35,39,38,36,37,34,40,20,26,27,24,25,54,55,56,21,58],"class_list":{"0":"post-38214","1":"post","2":"type-post","3":"status-publish","4":"format-standard","5":"has-post-thumbnail","7":"category-zinas-no-arvalstim","8":"tag-aktualitates","9":"tag-arvalstim","10":"tag-breaking-news","11":"tag-breakingnews","12":"tag-featured-news","13":"tag-featurednews","14":"tag-headlines","15":"tag-latest-news","16":"tag-latestnews","17":"tag-latvia","18":"tag-latvian","19":"tag-latviesu","20":"tag-latviesu-valoda","21":"tag-latviesuvaloda","22":"tag-latvija","23":"tag-lv","24":"tag-news","25":"tag-popularakas-zinas","26":"tag-popularakaszinas","27":"tag-top-stories","28":"tag-topstories","29":"tag-world","30":"tag-world-news","31":"tag-worldnews","32":"tag-zinas","33":"tag-zinas-no-arvalstim"},"share_on_mastodon":{"url":"https:\/\/pubeurope.com\/@lv\/115483103963696353","error":""},"_links":{"self":[{"href":"https:\/\/www.europesays.com\/lv\/wp-json\/wp\/v2\/posts\/38214","targetHints":{"allow":["GET"]}}],"collection":[{"href":"https:\/\/www.europesays.com\/lv\/wp-json\/wp\/v2\/posts"}],"about":[{"href":"https:\/\/www.europesays.com\/lv\/wp-json\/wp\/v2\/types\/post"}],"author":[{"embeddable":true,"href":"https:\/\/www.europesays.com\/lv\/wp-json\/wp\/v2\/users\/2"}],"replies":[{"embeddable":true,"href":"https:\/\/www.europesays.com\/lv\/wp-json\/wp\/v2\/comments?post=38214"}],"version-history":[{"count":0,"href":"https:\/\/www.europesays.com\/lv\/wp-json\/wp\/v2\/posts\/38214\/revisions"}],"wp:featuredmedia":[{"embeddable":true,"href":"https:\/\/www.europesays.com\/lv\/wp-json\/wp\/v2\/media\/38215"}],"wp:attachment":[{"href":"https:\/\/www.europesays.com\/lv\/wp-json\/wp\/v2\/media?parent=38214"}],"wp:term":[{"taxonomy":"category","embeddable":true,"href":"https:\/\/www.europesays.com\/lv\/wp-json\/wp\/v2\/categories?post=38214"},{"taxonomy":"post_tag","embeddable":true,"href":"https:\/\/www.europesays.com\/lv\/wp-json\/wp\/v2\/tags?post=38214"}],"curies":[{"name":"wp","href":"https:\/\/api.w.org\/{rel}","templated":true}]}}