{"id":38218,"date":"2025-11-03T01:16:10","date_gmt":"2025-11-03T01:16:10","guid":{"rendered":"https:\/\/www.europesays.com\/lv\/38218\/"},"modified":"2025-11-03T01:16:10","modified_gmt":"2025-11-03T01:16:10","slug":"igaunija-pie-robezas-ar-krieviju-atrasta-250-kilogramus-smaga-bumba","status":"publish","type":"post","link":"https:\/\/www.europesays.com\/lv\/38218\/","title":{"rendered":"Igaunij\u0101 pie robe\u017eas ar Krieviju atrasta 250 kilogramus smaga bumba"},"content":{"rendered":"<p>Igaunij\u0101 net\u0101lu no Krievijas robe\u017eas atkl\u0101ta 250 kilogramus smaga aviobumba.<\/p>\n<p>Igaunij\u0101 atkl\u0101ta 250 kilogramus smaga avi\u0101cijas bumba. Atrasti apm\u0113ram pie robe\u017eas ar Krieviju, raksta av\u012bze <a href=\"https:\/\/www.postimees.ee\/\" rel=\"nofollow noopener\" target=\"_blank\">Postimees<\/a>.<\/p>\n<p>Saska\u0146\u0101 ar pirm\u0113jiem datiem, me\u017e\u0101 staig\u0101jo\u0161s cilv\u0113ks atkl\u0101ja lielu spridzekli.<\/p>\n<p>P\u0113c tam ierad\u0101s sapieri, kuri noteica, ka t\u0101 ir aviobumba. Taj\u0101 pa\u0161\u0101 laik\u0101 netiek preciz\u0113ts, kur\u0101 valst\u012b un kad tika izgatavots mun\u012bcija.<\/p>\n","protected":false},"excerpt":{"rendered":"Igaunij\u0101 net\u0101lu no Krievijas robe\u017eas atkl\u0101ta 250 kilogramus smaga aviobumba. Igaunij\u0101 atkl\u0101ta 250 kilogramus smaga avi\u0101cijas bumba. Atrasti&hellip;\n","protected":false},"author":2,"featured_media":38219,"comment_status":"","ping_status":"","sticky":false,"template":"","format":"standard","meta":{"footnotes":""},"categories":[14],"tags":[23,57,28,29,32,33,22,30,31,35,39,38,36,37,34,40,20,26,27,24,25,54,55,56,21,58],"class_list":{"0":"post-38218","1":"post","2":"type-post","3":"status-publish","4":"format-standard","5":"has-post-thumbnail","7":"category-zinas-no-arvalstim","8":"tag-aktualitates","9":"tag-arvalstim","10":"tag-breaking-news","11":"tag-breakingnews","12":"tag-featured-news","13":"tag-featurednews","14":"tag-headlines","15":"tag-latest-news","16":"tag-latestnews","17":"tag-latvia","18":"tag-latvian","19":"tag-latviesu","20":"tag-latviesu-valoda","21":"tag-latviesuvaloda","22":"tag-latvija","23":"tag-lv","24":"tag-news","25":"tag-popularakas-zinas","26":"tag-popularakaszinas","27":"tag-top-stories","28":"tag-topstories","29":"tag-world","30":"tag-world-news","31":"tag-worldnews","32":"tag-zinas","33":"tag-zinas-no-arvalstim"},"share_on_mastodon":{"url":"https:\/\/pubeurope.com\/@lv\/115483127514876064","error":""},"_links":{"self":[{"href":"https:\/\/www.europesays.com\/lv\/wp-json\/wp\/v2\/posts\/38218","targetHints":{"allow":["GET"]}}],"collection":[{"href":"https:\/\/www.europesays.com\/lv\/wp-json\/wp\/v2\/posts"}],"about":[{"href":"https:\/\/www.europesays.com\/lv\/wp-json\/wp\/v2\/types\/post"}],"author":[{"embeddable":true,"href":"https:\/\/www.europesays.com\/lv\/wp-json\/wp\/v2\/users\/2"}],"replies":[{"embeddable":true,"href":"https:\/\/www.europesays.com\/lv\/wp-json\/wp\/v2\/comments?post=38218"}],"version-history":[{"count":0,"href":"https:\/\/www.europesays.com\/lv\/wp-json\/wp\/v2\/posts\/38218\/revisions"}],"wp:featuredmedia":[{"embeddable":true,"href":"https:\/\/www.europesays.com\/lv\/wp-json\/wp\/v2\/media\/38219"}],"wp:attachment":[{"href":"https:\/\/www.europesays.com\/lv\/wp-json\/wp\/v2\/media?parent=38218"}],"wp:term":[{"taxonomy":"category","embeddable":true,"href":"https:\/\/www.europesays.com\/lv\/wp-json\/wp\/v2\/categories?post=38218"},{"taxonomy":"post_tag","embeddable":true,"href":"https:\/\/www.europesays.com\/lv\/wp-json\/wp\/v2\/tags?post=38218"}],"curies":[{"name":"wp","href":"https:\/\/api.w.org\/{rel}","templated":true}]}}